{"id":81812,"date":"2017-09-25T05:02:53","date_gmt":"2017-09-25T09:02:53","guid":{"rendered":"http:\/\/www.eltrabajo.cl\/2017\/?p=81812"},"modified":"2017-09-25T05:02:53","modified_gmt":"2017-09-25T09:02:53","slug":"a-mano-armada-asaltantes-roban-dinero-en-servicentro-copec-de-catemu","status":"publish","type":"post","link":"https:\/\/eltrabajo.cl\/portal\/a-mano-armada-asaltantes-roban-dinero-en-servicentro-copec-de-catemu\/","title":{"rendered":"A mano armada asaltantes roban dinero en Servicentro Copec de Catemu"},"content":{"rendered":"<figure id=\"attachment_81813\" aria-describedby=\"caption-attachment-81813\" style=\"width: 580px\" class=\"wp-caption alignnone\"><img data-recalc-dims=\"1\" loading=\"lazy\" decoding=\"async\" class=\"size-full wp-image-81813\" src=\"https:\/\/i0.wp.com\/www.eltrabajo.cl\/2017\/wp-content\/uploads\/2017\/09\/ASALTO-BENCINERA.jpg?resize=580%2C349\" alt=\"Los sujetos intimidaron con un arma de fuego al bombero del Servicentro Copec de la comuna de Catemu la tarde de este s\u00e1bado, apoder\u00e1ndose de un total de $200.000 en efectivo. (Foto Referencial).   \" width=\"580\" height=\"349\" srcset=\"https:\/\/i0.wp.com\/eltrabajo.cl\/portal\/wp-content\/uploads\/2017\/09\/ASALTO-BENCINERA.jpg?w=580&amp;ssl=1 580w, https:\/\/i0.wp.com\/eltrabajo.cl\/portal\/wp-content\/uploads\/2017\/09\/ASALTO-BENCINERA.jpg?resize=200%2C120&amp;ssl=1 200w, https:\/\/i0.wp.com\/eltrabajo.cl\/portal\/wp-content\/uploads\/2017\/09\/ASALTO-BENCINERA.jpg?resize=300%2C181&amp;ssl=1 300w, https:\/\/i0.wp.com\/eltrabajo.cl\/portal\/wp-content\/uploads\/2017\/09\/ASALTO-BENCINERA.jpg?resize=249%2C150&amp;ssl=1 249w, https:\/\/i0.wp.com\/eltrabajo.cl\/portal\/wp-content\/uploads\/2017\/09\/ASALTO-BENCINERA.jpg?resize=400%2C241&amp;ssl=1 400w\" sizes=\"auto, (max-width: 580px) 100vw, 580px\" \/><figcaption id=\"caption-attachment-81813\" class=\"wp-caption-text\">Los sujetos intimidaron con un arma de fuego al bombero del Servicentro Copec de la comuna de Catemu la tarde de este s\u00e1bado, apoder\u00e1ndose de un total de $200.000 en efectivo. (Foto Referencial).<\/figcaption><\/figure>\n<ul>\n<li><strong><span style=\"color: #ff0000;\">Escaparon con bot\u00edn de $200.000:\u00a0<\/span>Dupla delictiva utiliz\u00f3 taxi robado, manteniendo a su conductor dentro del maletero del m\u00f3vil hasta dejarlo abandonado cuatro kil\u00f3metros al sur desde el lugar de los hechos, huyendo en otro veh\u00edculo que los esperaba.<\/strong><\/li>\n<\/ul>\n<p>Con un bot\u00edn de 200 mil pesos en efectivo escaparon dos delincuentes, quienes a rostro descubierto asaltaron el Servicentro Copec de la comuna de Catemu, intimidando con un arma de fuego a un bombero, a quien le sustrajeron el dinero para luego emprender la huida, desconoci\u00e9ndose hasta el momento sus identidades, pese a las labores que inici\u00f3 Carabineros.<br \/>\nLos hechos se habr\u00edan originado alrededor de las 16:00 horas de esta s\u00e1bado, luego que los delincuentes previamente abordaron un taxi en la afueras del Servicentro Shell ubicado a la altura del kil\u00f3metro 86 de la Ruta 5 Norte, en la comuna de Llay Llay, indicando a su chofer que los trasladara hasta la comuna de Catemu, momentos en que los sujetos intimidaron con el arma de fuego al conductor de 49 a\u00f1os de edad, para obligarlo a descender de su m\u00f3vil, logrando reducirlo y ubicarlo dentro del maletero.<br \/>\nLa dupla delictiva habr\u00eda utilizado este veh\u00edculo para concretar el asalto a la bencinera en Catemu, donde lograron el bot\u00edn en dinero en efectivo, desplaz\u00e1ndose unos cuatro kil\u00f3metros en direcci\u00f3n al sur hasta abandonar el taxi con el trabajador en el interior.<br \/>\nEsta v\u00edctima indic\u00f3 que los asaltantes continuaron la huida en otro veh\u00edculo que los estaba esperando, lo que dar\u00eda cuenta de un plan previamente elaborado. No obstante, personal de Carabineros de la Tenencia de Catemu inici\u00f3 los patrullajes respectivos por distintos sectores en b\u00fasqueda de los sujetos, sin lograr sus capturas.<br \/>\nAl respecto el Teniente de Carabineros de San Felipe, C\u00e9sar Bustamante, precis\u00f3 a Diario El Trabajo que \u00abla Secci\u00f3n de Investigaci\u00f3n Policial SIP analiz\u00f3 las grabaciones de las c\u00e1maras de seguridad del servicentro con el fin de lograr alg\u00fan antecedente, pero hasta el momento no tenemos identidades, se presume que estos individuos pueden ser de la comuna de Llay Llay, no tenemos nada en concreto\u00bb.<br \/>\n<strong>Pablo Salinas Sald\u00edas<\/strong><\/p>\n","protected":false},"excerpt":{"rendered":"<p>Escaparon con bot\u00edn de $200.000:\u00a0Dupla delictiva utiliz\u00f3 taxi robado, manteniendo a su conductor dentro del maletero del m\u00f3vil hasta dejarlo abandonado cuatro kil\u00f3metros al sur desde el lugar de los hechos, huyendo&#8230;<\/p>\n","protected":false},"author":1,"featured_media":81813,"comment_status":"open","ping_status":"open","sticky":false,"template":"","format":"standard","meta":{"advanced_seo_description":"","jetpack_seo_html_title":"","jetpack_seo_noindex":false,"_jetpack_memberships_contains_paid_content":false,"footnotes":""},"categories":[21],"tags":[],"class_list":["post-81812","post","type-post","status-publish","format-standard","has-post-thumbnail","hentry","category-policial"],"jetpack_featured_media_url":"https:\/\/i0.wp.com\/eltrabajo.cl\/portal\/wp-content\/uploads\/2017\/09\/ASALTO-BENCINERA.jpg?fit=580%2C349&ssl=1","jetpack_sharing_enabled":true,"jetpack_likes_enabled":true,"jetpack-related-posts":[],"_links":{"self":[{"href":"https:\/\/eltrabajo.cl\/portal\/wp-json\/wp\/v2\/posts\/81812","targetHints":{"allow":["GET"]}}],"collection":[{"href":"https:\/\/eltrabajo.cl\/portal\/wp-json\/wp\/v2\/posts"}],"about":[{"href":"https:\/\/eltrabajo.cl\/portal\/wp-json\/wp\/v2\/types\/post"}],"author":[{"embeddable":true,"href":"https:\/\/eltrabajo.cl\/portal\/wp-json\/wp\/v2\/users\/1"}],"replies":[{"embeddable":true,"href":"https:\/\/eltrabajo.cl\/portal\/wp-json\/wp\/v2\/comments?post=81812"}],"version-history":[{"count":0,"href":"https:\/\/eltrabajo.cl\/portal\/wp-json\/wp\/v2\/posts\/81812\/revisions"}],"wp:featuredmedia":[{"embeddable":true,"href":"https:\/\/eltrabajo.cl\/portal\/wp-json\/wp\/v2\/media\/81813"}],"wp:attachment":[{"href":"https:\/\/eltrabajo.cl\/portal\/wp-json\/wp\/v2\/media?parent=81812"}],"wp:term":[{"taxonomy":"category","embeddable":true,"href":"https:\/\/eltrabajo.cl\/portal\/wp-json\/wp\/v2\/categories?post=81812"},{"taxonomy":"post_tag","embeddable":true,"href":"https:\/\/eltrabajo.cl\/portal\/wp-json\/wp\/v2\/tags?post=81812"}],"curies":[{"name":"wp","href":"https:\/\/api.w.org\/{rel}","templated":true}]}}