{"id":81815,"date":"2017-09-25T05:03:37","date_gmt":"2017-09-25T09:03:37","guid":{"rendered":"http:\/\/www.eltrabajo.cl\/2017\/?p=81815"},"modified":"2017-09-25T05:03:37","modified_gmt":"2017-09-25T09:03:37","slug":"comenzo-la-segunda-etapa-de-los-regionales-de-futbol-u13-y-u15","status":"publish","type":"post","link":"https:\/\/eltrabajo.cl\/portal\/comenzo-la-segunda-etapa-de-los-regionales-de-futbol-u13-y-u15\/","title":{"rendered":"Comenz\u00f3 la segunda etapa de los Regionales de F\u00fatbol U13 y U15"},"content":{"rendered":"<figure id=\"attachment_81816\" aria-describedby=\"caption-attachment-81816\" style=\"width: 580px\" class=\"wp-caption alignnone\"><img data-recalc-dims=\"1\" loading=\"lazy\" decoding=\"async\" class=\"size-full wp-image-81816\" src=\"https:\/\/i0.wp.com\/www.eltrabajo.cl\/2017\/wp-content\/uploads\/2017\/09\/regionales.jpg?resize=580%2C349\" alt=\"El s\u00e1bado se jugaron los partidos de ida correspondiente a la segunda fase de los Regionales U13 y U15.\" width=\"580\" height=\"349\" srcset=\"https:\/\/i0.wp.com\/eltrabajo.cl\/portal\/wp-content\/uploads\/2017\/09\/regionales.jpg?w=580&amp;ssl=1 580w, https:\/\/i0.wp.com\/eltrabajo.cl\/portal\/wp-content\/uploads\/2017\/09\/regionales.jpg?resize=200%2C120&amp;ssl=1 200w, https:\/\/i0.wp.com\/eltrabajo.cl\/portal\/wp-content\/uploads\/2017\/09\/regionales.jpg?resize=300%2C181&amp;ssl=1 300w, https:\/\/i0.wp.com\/eltrabajo.cl\/portal\/wp-content\/uploads\/2017\/09\/regionales.jpg?resize=249%2C150&amp;ssl=1 249w, https:\/\/i0.wp.com\/eltrabajo.cl\/portal\/wp-content\/uploads\/2017\/09\/regionales.jpg?resize=400%2C241&amp;ssl=1 400w\" sizes=\"auto, (max-width: 580px) 100vw, 580px\" \/><figcaption id=\"caption-attachment-81816\" class=\"wp-caption-text\">El s\u00e1bado se jugaron los partidos de ida correspondiente a la segunda fase de los Regionales U13 y U15.<\/figcaption><\/figure>\n<ul>\n<li><span style=\"color: #ff0000;\"><strong>Durante la jornada sobresali\u00f3 el empate como visitante del combinado de San Felipe U13 ante Las Achupallas.<\/strong><\/span><\/li>\n<\/ul>\n<p>El s\u00e1bado pasado en diversas canchas de toda la Quinta Regi\u00f3n, larg\u00f3 la segunda fase de los campeonatos Regionales de f\u00fatbol en las categor\u00edas U13 y U15, cert\u00e1menes en los cuales el Valle de Aconcagua tiene mucho que decir debido a que ha sido dominador durante los \u00faltimos a\u00f1os.<br \/>\nCaracter\u00edstico durante los pleitos de ida fue el hecho que no todos los equipos locales lograron hacer pesar esa condici\u00f3n, algo que es casi un mandamiento en llaves clasificatorias de este tipo, por eso fue que la igualdad obtenida por el combinado menor de 13 a\u00f1os de San Felipe ante Las Achupallas, cobr\u00f3 mucho valor y puede ser vital para que los dirigidos del \u2018Checho\u2019 Lopez, puedan avanzar otra ronda en el Regional de la serie.<br \/>\nTambi\u00e9n resalt\u00f3 la s\u00f3lida presentaci\u00f3n de los combinados de Rinconada al superar a domicilio claramente a sus similares de Rural Llay Llay, o la confirmaci\u00f3n de Los Andes como candidato en la categor\u00eda U15.<br \/>\nResultados<br \/>\nU13:<br \/>\nRural Llay Llay 0 &#8211; Rinconada 3; Santa Mar\u00eda 4 &#8211; Putaendo 0; Las Achupallas 1 -San Felipe 1.<br \/>\nU15 Copa Universidad de Aconcagua<br \/>\nRural Llay Llay 0 &#8211; Rinconada 3; Catemu 3 &#8211; Olmue 0; San Esteban 2 &#8211; Los Andes 3.<\/p>\n","protected":false},"excerpt":{"rendered":"<p>Durante la jornada sobresali\u00f3 el empate como visitante del combinado de San Felipe U13 ante Las Achupallas. El s\u00e1bado pasado en diversas canchas de toda la Quinta Regi\u00f3n, larg\u00f3 la segunda fase&#8230;<\/p>\n","protected":false},"author":1,"featured_media":81816,"comment_status":"open","ping_status":"open","sticky":false,"template":"","format":"standard","meta":{"advanced_seo_description":"","jetpack_seo_html_title":"","jetpack_seo_noindex":false,"_jetpack_memberships_contains_paid_content":false,"footnotes":""},"categories":[19],"tags":[],"class_list":["post-81815","post","type-post","status-publish","format-standard","has-post-thumbnail","hentry","category-deportes"],"jetpack_featured_media_url":"https:\/\/i0.wp.com\/eltrabajo.cl\/portal\/wp-content\/uploads\/2017\/09\/regionales.jpg?fit=580%2C349&ssl=1","jetpack_sharing_enabled":true,"jetpack_likes_enabled":true,"jetpack-related-posts":[],"_links":{"self":[{"href":"https:\/\/eltrabajo.cl\/portal\/wp-json\/wp\/v2\/posts\/81815","targetHints":{"allow":["GET"]}}],"collection":[{"href":"https:\/\/eltrabajo.cl\/portal\/wp-json\/wp\/v2\/posts"}],"about":[{"href":"https:\/\/eltrabajo.cl\/portal\/wp-json\/wp\/v2\/types\/post"}],"author":[{"embeddable":true,"href":"https:\/\/eltrabajo.cl\/portal\/wp-json\/wp\/v2\/users\/1"}],"replies":[{"embeddable":true,"href":"https:\/\/eltrabajo.cl\/portal\/wp-json\/wp\/v2\/comments?post=81815"}],"version-history":[{"count":0,"href":"https:\/\/eltrabajo.cl\/portal\/wp-json\/wp\/v2\/posts\/81815\/revisions"}],"wp:featuredmedia":[{"embeddable":true,"href":"https:\/\/eltrabajo.cl\/portal\/wp-json\/wp\/v2\/media\/81816"}],"wp:attachment":[{"href":"https:\/\/eltrabajo.cl\/portal\/wp-json\/wp\/v2\/media?parent=81815"}],"wp:term":[{"taxonomy":"category","embeddable":true,"href":"https:\/\/eltrabajo.cl\/portal\/wp-json\/wp\/v2\/categories?post=81815"},{"taxonomy":"post_tag","embeddable":true,"href":"https:\/\/eltrabajo.cl\/portal\/wp-json\/wp\/v2\/tags?post=81815"}],"curies":[{"name":"wp","href":"https:\/\/api.w.org\/{rel}","templated":true}]}}