{"id":81827,"date":"2017-09-25T05:07:37","date_gmt":"2017-09-25T09:07:37","guid":{"rendered":"http:\/\/www.eltrabajo.cl\/2017\/?p=81827"},"modified":"2017-09-25T05:07:37","modified_gmt":"2017-09-25T09:07:37","slug":"esta-semana-se-sabria-resultado-de-examen-psiquiatrico-a-joven-imputado","status":"publish","type":"post","link":"https:\/\/eltrabajo.cl\/portal\/esta-semana-se-sabria-resultado-de-examen-psiquiatrico-a-joven-imputado\/","title":{"rendered":"Esta semana se sabr\u00eda resultado de examen psiqui\u00e1trico a joven imputado"},"content":{"rendered":"<figure id=\"attachment_80417\" aria-describedby=\"caption-attachment-80417\" style=\"width: 580px\" class=\"wp-caption alignnone\"><img data-recalc-dims=\"1\" loading=\"lazy\" decoding=\"async\" class=\"size-full wp-image-80417\" src=\"https:\/\/i0.wp.com\/www.eltrabajo.cl\/2017\/wp-content\/uploads\/2017\/07\/IMPUTADO-CRISTIAN-MUNOZ.jpg?resize=580%2C348\" alt=\"Cristian Mu\u00f1oz Mu\u00f1oz entrando al Tribunal de Garant\u00eda de San Felipe para su control de detenci\u00f3n.\" width=\"580\" height=\"348\" srcset=\"https:\/\/i0.wp.com\/eltrabajo.cl\/portal\/wp-content\/uploads\/2017\/07\/IMPUTADO-CRISTIAN-MUNOZ.jpg?w=580&amp;ssl=1 580w, https:\/\/i0.wp.com\/eltrabajo.cl\/portal\/wp-content\/uploads\/2017\/07\/IMPUTADO-CRISTIAN-MUNOZ.jpg?resize=200%2C120&amp;ssl=1 200w, https:\/\/i0.wp.com\/eltrabajo.cl\/portal\/wp-content\/uploads\/2017\/07\/IMPUTADO-CRISTIAN-MUNOZ.jpg?resize=300%2C180&amp;ssl=1 300w, https:\/\/i0.wp.com\/eltrabajo.cl\/portal\/wp-content\/uploads\/2017\/07\/IMPUTADO-CRISTIAN-MUNOZ.jpg?resize=250%2C150&amp;ssl=1 250w, https:\/\/i0.wp.com\/eltrabajo.cl\/portal\/wp-content\/uploads\/2017\/07\/IMPUTADO-CRISTIAN-MUNOZ.jpg?resize=400%2C240&amp;ssl=1 400w\" sizes=\"auto, (max-width: 580px) 100vw, 580px\" \/><figcaption id=\"caption-attachment-80417\" class=\"wp-caption-text\">Cristian Mu\u00f1oz Mu\u00f1oz entrando al Tribunal de Garant\u00eda de San Felipe para su control de detenci\u00f3n.<\/figcaption><\/figure>\n<ul>\n<li><span style=\"color: #ff0000;\"><strong>Acusado por muerte de Susana Sanhueza en archivo municipal:<\/strong><\/span><\/li>\n<\/ul>\n<p>Este viernes al medio d\u00eda se llev\u00f3 a cabo en el Tribunal de Garant\u00eda de San Felipe, una Audiencia de Revisi\u00f3n de Prisi\u00f3n Preventiva de Cristian Andr\u00e9s Mu\u00f1oz Mu\u00f1oz, imputado por la muerte de Susana Sanhueza, cuyo cuerpo fue encontrado en el archivo municipal de San Felipe en el mes de marzo de este a\u00f1o.<br \/>\nSobre esta audiencia, el abogado defensor Hugo Pirtzl Zald\u00edvar dijo que era una revisi\u00f3n de prisi\u00f3n preventiva solicitada de oficio por el Tribunal luego que transcurrieran seis meses de la medida cautelar, de acuerdo a la Reforma Procesal Penal<br \/>\nActualmente el acusado se encuentra cumpliendo su prisi\u00f3n preventiva en la Uepi del Hospital Psiqui\u00e1trico de Putaendo, hasta donde fue llevado luego que el tribunal aceptara un peritaje particular realizado por la defensa. Sin embargo, est\u00e1n esperando los resultados de un peritaje ordenado por el fiscal del caso, en el mismo lugar donde cumple prisi\u00f3n preventiva.<br \/>\nEl abogado record\u00f3 que esta pericia estaba solicitada en el Servicio M\u00e9dico Legal de Valpara\u00edso, \u00aben ese sentido nosotros como defensa y para efectos del mismo representado por estrategia jur\u00eddica, nos conviene que la pericia se lleve a cabo lo antes posible, tenemos entendido que el Doctor Graf del SML Valpara\u00edso, est\u00e1 renunciado, ah\u00ed podr\u00edamos haber tenido para seis meses m\u00e1s, en ese sentido atendiendo que es un peritaje solicitado por la fiscal\u00eda, evidentemente preferimos que nuestro representado siga siendo evaluado en la Uepi para que tenga un buen diagn\u00f3stico, para poder reactivar el procedimiento\u00bb.<br \/>\n<strong>&#8211; Abogado \u00bfsigue internado en el Hospital Psiqui\u00e1trico? <\/strong><br \/>\n&#8211; S\u00ed, va a seguir en esa unidad, est\u00e1 siendo evaluado para que le practiquen la pericia que est\u00e1 ordenada por la fiscal\u00eda. El imputado en estos momentos est\u00e1 tomando tres medicamentos diarios, por lo tanto se ve mucho m\u00e1s compuesto.<br \/>\nEl abogado record\u00f3 que su representado se encuentra cumpliendo prisi\u00f3n preventiva en la Uepi (Unidad de Evaluaci\u00f3n de Pacientes Imputados) del Hospital Psiqui\u00e1trico de Putaendo, luego que ellos como defensa consiguieran un perito particular de amplia experiencia en Santiago, quien evalu\u00f3 a su representado y emiti\u00f3 un informe: \u00abNosotros le adjuntamos a este perito toda la informaci\u00f3n cl\u00ednica de este joven desde los cinco a\u00f1os hasta la fecha, material que hablaba de un prediagn\u00f3stico de Asperger, lo que fue corroborado por este perito y \u00e9ste solicit\u00f3 que se evaluara tambi\u00e9n para los efectos si pudiera existir un s\u00edntoma de esquizofrenia o no, con ese peritaje y con la documentaci\u00f3n que recabamos con la madre de Cristian Mu\u00f1oz, la se\u00f1ora Cecilia, nosotros solicitamos una audiencia al tribunal para efectos de debatir la posibilidad de trasladarlo a una unidad especializad para imputados en el Hospital Psiqui\u00e1trico de Putaendo, eso aconteci\u00f3 el d\u00eda 21 de julio, mi representado lleva dos meses en el psiqui\u00e1trico\u00bb, sostuvo Pirtzl.<br \/>\n<strong>&#8211; \u00bfPodr\u00eda salir de ah\u00ed en el alg\u00fan momento, cambiar el lugar de reclusi\u00f3n como Arresto Domiciliario por ejemplo, si el peritaje p\u00fablico concuerda con el particular?<\/strong><br \/>\n&#8211; Es una alternativa, mi representado tiene irreprochable conducta anterior, ese es un primer punto, su extracto de filiaci\u00f3n no tiene nada, ah\u00ed tiene una atenuante; segundo, la declaraci\u00f3n que presta en fiscal\u00eda el d\u00eda que lo detienen, es decir desde que parte la investigaci\u00f3n hay una cooperaci\u00f3n que a juicio de nosotros es sustancial, \u00e9l no reconoce el il\u00edcito que para nosotros \u00e9l no cometi\u00f3 un asesinato, pero \u00e9l colabora con la investigaci\u00f3n, ah\u00ed tendr\u00eda otra atenuante, art\u00edculo 11 N\u00ba9 del C.P.P.; el tercer punto, si el informe psiqui\u00e1trico solicitado por la fiscal\u00eda efectivamente corrobora el diagn\u00f3stico preliminar de nuestro perito particular o eventualmente adiciona otras patolog\u00edas, pudiera tambi\u00e9n significar a lo mejor la obtenci\u00f3n de una atenuante de responsabilidad o atenuante disminuida que tambi\u00e9n es una atenuante, es decir tendr\u00edamos tres atenuantes sin perjuicio de pronto consignar por el mal causado eventualmente una posibilidad de un cuasidelito, vamos a tener una serie de atenuantes que van a disminuir de manera considerable la responsabilidad, ahora bien, esas cosas se eval\u00faan, y si resulta que es inimputable estamos en otro escenario, nosotros no nos planteamos en esa alternativa, eso lo tendr\u00e1n que determinar los m\u00e9dicos que lo est\u00e1n tratando en este momento.<br \/>\nEl examen estaba fijado para este jueves 21 de septiembre, seg\u00fan lo ordenado por la fiscal\u00eda, y esta semana debiera estar evacuado el informe.<\/p>\n<figure id=\"attachment_81828\" aria-describedby=\"caption-attachment-81828\" style=\"width: 580px\" class=\"wp-caption alignnone\"><img data-recalc-dims=\"1\" loading=\"lazy\" decoding=\"async\" class=\"size-full wp-image-81828\" src=\"https:\/\/i0.wp.com\/www.eltrabajo.cl\/2017\/wp-content\/uploads\/2017\/09\/Pirtzl.jpg?resize=580%2C349\" alt=\"Abogado Hugo Pirtzl Zald\u00edvar, representante del imputado Cristian Mu\u00f1oz Mu\u00f1oz.\" width=\"580\" height=\"349\" srcset=\"https:\/\/i0.wp.com\/eltrabajo.cl\/portal\/wp-content\/uploads\/2017\/09\/Pirtzl.jpg?w=580&amp;ssl=1 580w, https:\/\/i0.wp.com\/eltrabajo.cl\/portal\/wp-content\/uploads\/2017\/09\/Pirtzl.jpg?resize=200%2C120&amp;ssl=1 200w, https:\/\/i0.wp.com\/eltrabajo.cl\/portal\/wp-content\/uploads\/2017\/09\/Pirtzl.jpg?resize=300%2C181&amp;ssl=1 300w, https:\/\/i0.wp.com\/eltrabajo.cl\/portal\/wp-content\/uploads\/2017\/09\/Pirtzl.jpg?resize=249%2C150&amp;ssl=1 249w, https:\/\/i0.wp.com\/eltrabajo.cl\/portal\/wp-content\/uploads\/2017\/09\/Pirtzl.jpg?resize=400%2C241&amp;ssl=1 400w\" sizes=\"auto, (max-width: 580px) 100vw, 580px\" \/><figcaption id=\"caption-attachment-81828\" class=\"wp-caption-text\">Abogado Hugo Pirtzl Zald\u00edvar, representante del imputado Cristian Mu\u00f1oz Mu\u00f1oz.<\/figcaption><\/figure>\n","protected":false},"excerpt":{"rendered":"<p>Acusado por muerte de Susana Sanhueza en archivo municipal: Este viernes al medio d\u00eda se llev\u00f3 a cabo en el Tribunal de Garant\u00eda de San Felipe, una Audiencia de Revisi\u00f3n de Prisi\u00f3n&#8230;<\/p>\n","protected":false},"author":1,"featured_media":78048,"comment_status":"open","ping_status":"open","sticky":false,"template":"","format":"standard","meta":{"advanced_seo_description":"","jetpack_seo_html_title":"","jetpack_seo_noindex":false,"_jetpack_memberships_contains_paid_content":false,"footnotes":""},"categories":[21],"tags":[],"class_list":["post-81827","post","type-post","status-publish","format-standard","has-post-thumbnail","hentry","category-policial"],"jetpack_featured_media_url":"https:\/\/i0.wp.com\/eltrabajo.cl\/portal\/wp-content\/uploads\/2017\/03\/CUERPO-DE-SUSANA-1.jpg?fit=580%2C349&ssl=1","jetpack_sharing_enabled":true,"jetpack_likes_enabled":true,"jetpack-related-posts":[],"_links":{"self":[{"href":"https:\/\/eltrabajo.cl\/portal\/wp-json\/wp\/v2\/posts\/81827","targetHints":{"allow":["GET"]}}],"collection":[{"href":"https:\/\/eltrabajo.cl\/portal\/wp-json\/wp\/v2\/posts"}],"about":[{"href":"https:\/\/eltrabajo.cl\/portal\/wp-json\/wp\/v2\/types\/post"}],"author":[{"embeddable":true,"href":"https:\/\/eltrabajo.cl\/portal\/wp-json\/wp\/v2\/users\/1"}],"replies":[{"embeddable":true,"href":"https:\/\/eltrabajo.cl\/portal\/wp-json\/wp\/v2\/comments?post=81827"}],"version-history":[{"count":0,"href":"https:\/\/eltrabajo.cl\/portal\/wp-json\/wp\/v2\/posts\/81827\/revisions"}],"wp:featuredmedia":[{"embeddable":true,"href":"https:\/\/eltrabajo.cl\/portal\/wp-json\/wp\/v2\/media\/78048"}],"wp:attachment":[{"href":"https:\/\/eltrabajo.cl\/portal\/wp-json\/wp\/v2\/media?parent=81827"}],"wp:term":[{"taxonomy":"category","embeddable":true,"href":"https:\/\/eltrabajo.cl\/portal\/wp-json\/wp\/v2\/categories?post=81827"},{"taxonomy":"post_tag","embeddable":true,"href":"https:\/\/eltrabajo.cl\/portal\/wp-json\/wp\/v2\/tags?post=81827"}],"curies":[{"name":"wp","href":"https:\/\/api.w.org\/{rel}","templated":true}]}}