{"id":81830,"date":"2017-09-25T05:08:33","date_gmt":"2017-09-25T09:08:33","guid":{"rendered":"http:\/\/www.eltrabajo.cl\/2017\/?p=81830"},"modified":"2017-09-25T05:08:33","modified_gmt":"2017-09-25T09:08:33","slug":"en-presunto-ajuste-de-cuentas-hombre-termino-herido-a-bala-en-villa-juan-pablo-ii","status":"publish","type":"post","link":"https:\/\/eltrabajo.cl\/portal\/en-presunto-ajuste-de-cuentas-hombre-termino-herido-a-bala-en-villa-juan-pablo-ii\/","title":{"rendered":"En presunto \u2018ajuste de cuentas\u2019 hombre termin\u00f3 herido a bala en Villa Juan Pablo II"},"content":{"rendered":"<figure id=\"attachment_81831\" aria-describedby=\"caption-attachment-81831\" style=\"width: 580px\" class=\"wp-caption alignnone\"><img data-recalc-dims=\"1\" loading=\"lazy\" decoding=\"async\" class=\"size-full wp-image-81831\" src=\"https:\/\/i0.wp.com\/www.eltrabajo.cl\/2017\/wp-content\/uploads\/2017\/09\/TRASLADO-HERIDO.jpg?resize=580%2C349\" alt=\"El lesionado fue derivado en ambulancia hasta el Servicio de Urgencias del Hospital San Camilo de San Felipe. (Foto Referencial). \" width=\"580\" height=\"349\" srcset=\"https:\/\/i0.wp.com\/eltrabajo.cl\/portal\/wp-content\/uploads\/2017\/09\/TRASLADO-HERIDO.jpg?w=580&amp;ssl=1 580w, https:\/\/i0.wp.com\/eltrabajo.cl\/portal\/wp-content\/uploads\/2017\/09\/TRASLADO-HERIDO.jpg?resize=200%2C120&amp;ssl=1 200w, https:\/\/i0.wp.com\/eltrabajo.cl\/portal\/wp-content\/uploads\/2017\/09\/TRASLADO-HERIDO.jpg?resize=300%2C181&amp;ssl=1 300w, https:\/\/i0.wp.com\/eltrabajo.cl\/portal\/wp-content\/uploads\/2017\/09\/TRASLADO-HERIDO.jpg?resize=249%2C150&amp;ssl=1 249w, https:\/\/i0.wp.com\/eltrabajo.cl\/portal\/wp-content\/uploads\/2017\/09\/TRASLADO-HERIDO.jpg?resize=400%2C241&amp;ssl=1 400w\" sizes=\"auto, (max-width: 580px) 100vw, 580px\" \/><figcaption id=\"caption-attachment-81831\" class=\"wp-caption-text\">El lesionado fue derivado en ambulancia hasta el Servicio de Urgencias del Hospital San Camilo de San Felipe. (Foto Referencial).<\/figcaption><\/figure>\n<ul>\n<li><strong><span style=\"color: #ff0000;\">V\u00edctima de 36 a\u00f1os de edad identific\u00f3 a su atacante:<\/span>\u00a0B\u00fasqueda del autor del disparo sin resultados positivos hasta el cierre de esta nota. En tanto, el afectado permanece fuera de riesgo vital en el Hospital San Camilo de San Felipe.<\/strong><\/li>\n<\/ul>\n<p>Un hombre de 36 a\u00f1os de edad identificado con las iniciales C.H.P. result\u00f3 herido a bala en una de sus axilas luego que su atacante lo abord\u00f3 en la v\u00eda p\u00fablica en Villa Juan Pablo II, disparando el arma de fuego sobre su cuerpo por aparentes rencillas anteriores.<br \/>\nA ra\u00edz de este confuso incidente ocurrido en horas de la tarde de ayer domingo, la v\u00edctima fue derivada hasta el Servicio de Urgencias del Hospital San Camilo, debiendo ser internado para asistir la lesi\u00f3n que fue diagnosticada de menor gravedad, sin riesgo vital.<br \/>\nAsimismo personal de Carabineros inici\u00f3 las investigaciones del caso, entrevist\u00e1ndose con la v\u00edctima que individualiz\u00f3 a su agresor, entregando algunos detalles del caso a la polic\u00eda uniformada, inici\u00e1ndose su b\u00fasqueda por este hecho.<br \/>\nAs\u00ed lo indic\u00f3 a Diario El Trabajo, el teniente de Carabineros de la Segunda Comisar\u00eda de San Felipe, C\u00e9sar Bustamante: \u00abEl afectado conoce al autor de los hechos, es por eso que se est\u00e1 trabajando para establecer la identidad y ubicaci\u00f3n de esta persona, pero hasta el momento ha sido negativo. El personal de la SIP de Carabineros est\u00e1 trabajando para lograr la ubicaci\u00f3n de este sujeto, no obstante el afectado est\u00e1 internado en buena condici\u00f3n de salud\u00bb.<br \/>\nHasta el cierre de esta edici\u00f3n la detenci\u00f3n del imputado no se concret\u00f3 por parte del personal de Carabineros de San Felipe, sin embargo su b\u00fasqueda contin\u00faa para esclarecer la lesi\u00f3n sufrida por parte de la v\u00edctima.<br \/>\nPablo Salinas Sald\u00edas<\/p>\n","protected":false},"excerpt":{"rendered":"<p>V\u00edctima de 36 a\u00f1os de edad identific\u00f3 a su atacante:\u00a0B\u00fasqueda del autor del disparo sin resultados positivos hasta el cierre de esta nota. En tanto, el afectado permanece fuera de riesgo vital&#8230;<\/p>\n","protected":false},"author":1,"featured_media":81831,"comment_status":"open","ping_status":"open","sticky":false,"template":"","format":"standard","meta":{"advanced_seo_description":"","jetpack_seo_html_title":"","jetpack_seo_noindex":false,"_jetpack_memberships_contains_paid_content":false,"footnotes":""},"categories":[21],"tags":[],"class_list":["post-81830","post","type-post","status-publish","format-standard","has-post-thumbnail","hentry","category-policial"],"jetpack_featured_media_url":"https:\/\/i0.wp.com\/eltrabajo.cl\/portal\/wp-content\/uploads\/2017\/09\/TRASLADO-HERIDO.jpg?fit=580%2C349&ssl=1","jetpack_sharing_enabled":true,"jetpack_likes_enabled":true,"jetpack-related-posts":[],"_links":{"self":[{"href":"https:\/\/eltrabajo.cl\/portal\/wp-json\/wp\/v2\/posts\/81830","targetHints":{"allow":["GET"]}}],"collection":[{"href":"https:\/\/eltrabajo.cl\/portal\/wp-json\/wp\/v2\/posts"}],"about":[{"href":"https:\/\/eltrabajo.cl\/portal\/wp-json\/wp\/v2\/types\/post"}],"author":[{"embeddable":true,"href":"https:\/\/eltrabajo.cl\/portal\/wp-json\/wp\/v2\/users\/1"}],"replies":[{"embeddable":true,"href":"https:\/\/eltrabajo.cl\/portal\/wp-json\/wp\/v2\/comments?post=81830"}],"version-history":[{"count":0,"href":"https:\/\/eltrabajo.cl\/portal\/wp-json\/wp\/v2\/posts\/81830\/revisions"}],"wp:featuredmedia":[{"embeddable":true,"href":"https:\/\/eltrabajo.cl\/portal\/wp-json\/wp\/v2\/media\/81831"}],"wp:attachment":[{"href":"https:\/\/eltrabajo.cl\/portal\/wp-json\/wp\/v2\/media?parent=81830"}],"wp:term":[{"taxonomy":"category","embeddable":true,"href":"https:\/\/eltrabajo.cl\/portal\/wp-json\/wp\/v2\/categories?post=81830"},{"taxonomy":"post_tag","embeddable":true,"href":"https:\/\/eltrabajo.cl\/portal\/wp-json\/wp\/v2\/tags?post=81830"}],"curies":[{"name":"wp","href":"https:\/\/api.w.org\/{rel}","templated":true}]}}