{"id":81833,"date":"2017-09-26T05:00:00","date_gmt":"2017-09-26T09:00:00","guid":{"rendered":"http:\/\/www.eltrabajo.cl\/2017\/?p=81833"},"modified":"2017-09-26T05:00:00","modified_gmt":"2017-09-26T09:00:00","slug":"runners-monserrat-espinoza-y-manuelito-rojas-con-tercer-lugar-en-casa-blanca","status":"publish","type":"post","link":"https:\/\/eltrabajo.cl\/portal\/runners-monserrat-espinoza-y-manuelito-rojas-con-tercer-lugar-en-casa-blanca\/","title":{"rendered":"Runners Monserrat Espinoza y Manuelito Rojas con tercer lugar en Casa Blanca"},"content":{"rendered":"<figure id=\"attachment_81836\" aria-describedby=\"caption-attachment-81836\" style=\"width: 580px\" class=\"wp-caption alignnone\"><img data-recalc-dims=\"1\" loading=\"lazy\" decoding=\"async\" class=\"wp-image-81836 size-full\" src=\"https:\/\/i0.wp.com\/www.eltrabajo.cl\/2017\/wp-content\/uploads\/2017\/09\/Maraton1.jpg?resize=580%2C348\" alt=\"LA CARRERA DE LA VIDA.- Aqu\u00ed vemos el torrente de juventud corriendo por el ancho sendero de la vida a trav\u00e9s del atletismo que se desarrolla en nuestro pa\u00eds. Cinco sanfelipe\u00f1os estaban en este grupo.\" width=\"580\" height=\"348\" srcset=\"https:\/\/i0.wp.com\/eltrabajo.cl\/portal\/wp-content\/uploads\/2017\/09\/Maraton1.jpg?w=580&amp;ssl=1 580w, https:\/\/i0.wp.com\/eltrabajo.cl\/portal\/wp-content\/uploads\/2017\/09\/Maraton1.jpg?resize=200%2C120&amp;ssl=1 200w, https:\/\/i0.wp.com\/eltrabajo.cl\/portal\/wp-content\/uploads\/2017\/09\/Maraton1.jpg?resize=300%2C180&amp;ssl=1 300w, https:\/\/i0.wp.com\/eltrabajo.cl\/portal\/wp-content\/uploads\/2017\/09\/Maraton1.jpg?resize=250%2C150&amp;ssl=1 250w, https:\/\/i0.wp.com\/eltrabajo.cl\/portal\/wp-content\/uploads\/2017\/09\/Maraton1.jpg?resize=400%2C240&amp;ssl=1 400w\" sizes=\"auto, (max-width: 580px) 100vw, 580px\" \/><figcaption id=\"caption-attachment-81836\" class=\"wp-caption-text\">LA CARRERA DE LA VIDA.- Aqu\u00ed vemos el torrente de juventud corriendo por el ancho sendero de la vida a trav\u00e9s del atletismo que se desarrolla en nuestro pa\u00eds. Cinco sanfelipe\u00f1os estaban en este grupo.<\/figcaption><\/figure>\n<ul>\n<li><span style=\"color: #ff0000;\"><strong>Mientras atletas del pa\u00eds esperan la primera Gran Marat\u00f3n Aconcagua:<\/strong><\/span><\/li>\n<\/ul>\n<p>Una excelente jornada de atletismo es la que se desarroll\u00f3 en Casa Blanca este s\u00e1bado, durante el Campeonato Nacional de Trail en el que participaron m\u00e1s de 1.200 corredores de distintas categor\u00edas y provenientes de variadas partes del pa\u00eds. Esta actividad fue promovida por la Federaci\u00f3n Atl\u00e9tica de Chile y a la misma asistieron cinco deportistas del ya conocido Club Deportivo Aconcagua Runners.<br \/>\n\u00abLos aconcag\u00fcinos que corrieron por San Felipe son: \u00c1lvaro Silva, Jaime Huenchunao, David Olivares, Monserrat Espinoza y Manuel Rojas. Fue Monserrat quien lleg\u00f3 en tercer lugar Juvenil, y Manuel tambi\u00e9n con el tercer lugar en la categor\u00eda U56. Fue una jornada muy dura, estamos hablando aqu\u00ed tambi\u00e9n de atletas de Francia, Brasil y Chile, por eso creo que regresar con dos terceros lugares es un buen promedio personal para cada uno de nuestros atletas, y como equipo logramos otro tercer lugar en los 22K\u00bb, coment\u00f3 a Diario El Trabajo el presidente de Aconcagua Runners, David Olivares.<\/p>\n<p><span style=\"color: #ff0000;\"><strong>MARAT\u00d3N ACONCAGUA<\/strong><\/span><br \/>\nEste equipo de ya experimentados deportistas del valle desde hace rato que viene meti\u00e9ndose duramente en competencias a manera de fogueo y calentamiento para enfrentar la Gran Marat\u00f3n de Aconcagua que se realizar\u00e1 el pr\u00f3ximo 12 de noviembre en nuestro valle.<br \/>\nNuestro medio habl\u00f3 ayer lunes v\u00eda telef\u00f3nica con el organizador general de esta gran marat\u00f3n, V\u00edctor Gonz\u00e1lez Bustamante, quien nos explic\u00f3 detalles de la competencia.<br \/>\n\u00abHasta el momento tenemos a 1.800 atletas inscritos de todo el pa\u00eds, tambi\u00e9n algunos extranjeros de gran nivel. En total esperamos poner en escena a unos 5.000 deportistas, a correr en esta fecha, ser\u00e1n cinco distancias (42K, 21K, 10K, 5K y 2K), pero quiero hablar del recorrido de la Gran Marat\u00f3n, la que compromete un recorrido de 42 kil\u00f3metros. La Salida ser\u00e1 en Los Andes, Rinconada, San Felipe, Santa Mar\u00eda, San Esteban y la Meta en Los Andes\u00bb, dijo Gonz\u00e1lez.<br \/>\nDe acuerdo a lo informado por don V\u00edctor, \u00abla inscripci\u00f3n va desde los $12.000 y m\u00e1s, dependiendo de la distancia que se correr\u00e1, este cupo incluye polera, n\u00famero, chip, una mochila, medallaje e hidrataci\u00f3n durante los trayectos. El equipo humano que estar\u00e1 al frente de todo este trabajo est\u00e1 conformado por unas 480 personas\u00bb, agreg\u00f3 Gonz\u00e1lez a Diario El Trabajo.<br \/>\nAs\u00ed van entonces las cosas, atletas de la regi\u00f3n corriendo como nunca para demostrar en noviembre de qu\u00e9 est\u00e1n hechos como deportistas, no todos correr\u00e1n la Marat\u00f3n completa, algunos podr\u00e1n correr en trayectos menos largos, pero de igual forma importantes para su nivel y condici\u00f3n f\u00edsica, las medallas, copas y trofeos esperan a los titanes que, si todo sale bien, pronto tendr\u00e1n su propia Marat\u00f3n estelar que por primera vez se realizar\u00e1 en el Valle de Aconcagua.<br \/>\n<strong>Roberto Gonz\u00e1lez Short<\/strong><\/p>\n<figure id=\"attachment_81834\" aria-describedby=\"caption-attachment-81834\" style=\"width: 580px\" class=\"wp-caption alignnone\"><img data-recalc-dims=\"1\" loading=\"lazy\" decoding=\"async\" class=\"size-full wp-image-81834\" src=\"https:\/\/i0.wp.com\/www.eltrabajo.cl\/2017\/wp-content\/uploads\/2017\/09\/Maraton_David-Olivares.jpg?resize=580%2C522\" alt=\"David Olivares, director de Aconcagua Runners.\" width=\"580\" height=\"522\" srcset=\"https:\/\/i0.wp.com\/eltrabajo.cl\/portal\/wp-content\/uploads\/2017\/09\/Maraton_David-Olivares.jpg?w=580&amp;ssl=1 580w, https:\/\/i0.wp.com\/eltrabajo.cl\/portal\/wp-content\/uploads\/2017\/09\/Maraton_David-Olivares.jpg?resize=167%2C150&amp;ssl=1 167w, https:\/\/i0.wp.com\/eltrabajo.cl\/portal\/wp-content\/uploads\/2017\/09\/Maraton_David-Olivares.jpg?resize=300%2C270&amp;ssl=1 300w, https:\/\/i0.wp.com\/eltrabajo.cl\/portal\/wp-content\/uploads\/2017\/09\/Maraton_David-Olivares.jpg?resize=400%2C360&amp;ssl=1 400w\" sizes=\"auto, (max-width: 580px) 100vw, 580px\" \/><figcaption id=\"caption-attachment-81834\" class=\"wp-caption-text\">David Olivares, director de Aconcagua Runners.<\/figcaption><\/figure>\n<figure id=\"attachment_81835\" aria-describedby=\"caption-attachment-81835\" style=\"width: 580px\" class=\"wp-caption alignnone\"><img data-recalc-dims=\"1\" loading=\"lazy\" decoding=\"async\" class=\"size-full wp-image-81835\" src=\"https:\/\/i0.wp.com\/www.eltrabajo.cl\/2017\/wp-content\/uploads\/2017\/09\/Maraton_Victor-Gonzalez.jpg?resize=580%2C591\" alt=\"V\u00edctor Gonz\u00e1lez, organizador de la Gran Marat\u00f3n Aconcagua, anunciada para el 12 de noviembre.\" width=\"580\" height=\"591\" srcset=\"https:\/\/i0.wp.com\/eltrabajo.cl\/portal\/wp-content\/uploads\/2017\/09\/Maraton_Victor-Gonzalez.jpg?w=580&amp;ssl=1 580w, https:\/\/i0.wp.com\/eltrabajo.cl\/portal\/wp-content\/uploads\/2017\/09\/Maraton_Victor-Gonzalez.jpg?resize=147%2C150&amp;ssl=1 147w, https:\/\/i0.wp.com\/eltrabajo.cl\/portal\/wp-content\/uploads\/2017\/09\/Maraton_Victor-Gonzalez.jpg?resize=294%2C300&amp;ssl=1 294w, https:\/\/i0.wp.com\/eltrabajo.cl\/portal\/wp-content\/uploads\/2017\/09\/Maraton_Victor-Gonzalez.jpg?resize=400%2C408&amp;ssl=1 400w\" sizes=\"auto, (max-width: 580px) 100vw, 580px\" \/><figcaption id=\"caption-attachment-81835\" class=\"wp-caption-text\">V\u00edctor Gonz\u00e1lez, organizador de la Gran Marat\u00f3n Aconcagua, anunciada para el 12 de noviembre.<\/figcaption><\/figure>\n<figure id=\"attachment_81837\" aria-describedby=\"caption-attachment-81837\" style=\"width: 580px\" class=\"wp-caption alignnone\"><img data-recalc-dims=\"1\" loading=\"lazy\" decoding=\"async\" class=\"wp-image-81837 size-full\" src=\"https:\/\/i0.wp.com\/www.eltrabajo.cl\/2017\/wp-content\/uploads\/2017\/09\/Maraton2-Monserrat-Espinoza.jpg?resize=580%2C350\" alt=\"SIEMPRE MONSE.- Aqu\u00ed vemos de polera verde, a la derecha, a la joven Monserrat Espinoza, recibiendo su premio al tercer lugar Juvenil, \u00bfnada mal eh?\" width=\"580\" height=\"350\" srcset=\"https:\/\/i0.wp.com\/eltrabajo.cl\/portal\/wp-content\/uploads\/2017\/09\/Maraton2-Monserrat-Espinoza.jpg?w=580&amp;ssl=1 580w, https:\/\/i0.wp.com\/eltrabajo.cl\/portal\/wp-content\/uploads\/2017\/09\/Maraton2-Monserrat-Espinoza.jpg?resize=200%2C121&amp;ssl=1 200w, https:\/\/i0.wp.com\/eltrabajo.cl\/portal\/wp-content\/uploads\/2017\/09\/Maraton2-Monserrat-Espinoza.jpg?resize=300%2C181&amp;ssl=1 300w, https:\/\/i0.wp.com\/eltrabajo.cl\/portal\/wp-content\/uploads\/2017\/09\/Maraton2-Monserrat-Espinoza.jpg?resize=249%2C150&amp;ssl=1 249w, https:\/\/i0.wp.com\/eltrabajo.cl\/portal\/wp-content\/uploads\/2017\/09\/Maraton2-Monserrat-Espinoza.jpg?resize=400%2C241&amp;ssl=1 400w\" sizes=\"auto, (max-width: 580px) 100vw, 580px\" \/><figcaption id=\"caption-attachment-81837\" class=\"wp-caption-text\">SIEMPRE MONSE.- Aqu\u00ed vemos de polera verde, a la derecha, a la joven Monserrat Espinoza, recibiendo su premio al tercer lugar Juvenil, \u00bfnada mal eh?<\/figcaption><\/figure>\n<figure id=\"attachment_81838\" aria-describedby=\"caption-attachment-81838\" style=\"width: 580px\" class=\"wp-caption alignnone\"><img data-recalc-dims=\"1\" loading=\"lazy\" decoding=\"async\" class=\"size-full wp-image-81838\" src=\"https:\/\/i0.wp.com\/www.eltrabajo.cl\/2017\/wp-content\/uploads\/2017\/09\/Maraton3.jpg?resize=580%2C350\" alt=\"VIENE LA GRANDE.- Todos ellos calientan motores en estas competencias, todo para llegar a medirse con sus iguales en la Gran Marat\u00f3n Aconcagua.\" width=\"580\" height=\"350\" srcset=\"https:\/\/i0.wp.com\/eltrabajo.cl\/portal\/wp-content\/uploads\/2017\/09\/Maraton3.jpg?w=580&amp;ssl=1 580w, https:\/\/i0.wp.com\/eltrabajo.cl\/portal\/wp-content\/uploads\/2017\/09\/Maraton3.jpg?resize=200%2C121&amp;ssl=1 200w, https:\/\/i0.wp.com\/eltrabajo.cl\/portal\/wp-content\/uploads\/2017\/09\/Maraton3.jpg?resize=300%2C181&amp;ssl=1 300w, https:\/\/i0.wp.com\/eltrabajo.cl\/portal\/wp-content\/uploads\/2017\/09\/Maraton3.jpg?resize=249%2C150&amp;ssl=1 249w, https:\/\/i0.wp.com\/eltrabajo.cl\/portal\/wp-content\/uploads\/2017\/09\/Maraton3.jpg?resize=400%2C241&amp;ssl=1 400w\" sizes=\"auto, (max-width: 580px) 100vw, 580px\" \/><figcaption id=\"caption-attachment-81838\" class=\"wp-caption-text\">VIENE LA GRANDE.- Todos ellos calientan motores en estas competencias, todo para llegar a medirse con sus iguales en la Gran Marat\u00f3n Aconcagua.<\/figcaption><\/figure>\n<figure id=\"attachment_81839\" aria-describedby=\"caption-attachment-81839\" style=\"width: 580px\" class=\"wp-caption alignnone\"><img data-recalc-dims=\"1\" loading=\"lazy\" decoding=\"async\" class=\"size-full wp-image-81839\" src=\"https:\/\/i0.wp.com\/www.eltrabajo.cl\/2017\/wp-content\/uploads\/2017\/09\/Maraton4-David-Olivares.jpg?resize=580%2C348\" alt=\"TODOS CORREN.- A la derecha vemos al propio David Olivares, tambi\u00e9n sudando La Gota Gorda en estas jornadas de atletismo.\" width=\"580\" height=\"348\" srcset=\"https:\/\/i0.wp.com\/eltrabajo.cl\/portal\/wp-content\/uploads\/2017\/09\/Maraton4-David-Olivares.jpg?w=580&amp;ssl=1 580w, https:\/\/i0.wp.com\/eltrabajo.cl\/portal\/wp-content\/uploads\/2017\/09\/Maraton4-David-Olivares.jpg?resize=200%2C120&amp;ssl=1 200w, https:\/\/i0.wp.com\/eltrabajo.cl\/portal\/wp-content\/uploads\/2017\/09\/Maraton4-David-Olivares.jpg?resize=300%2C180&amp;ssl=1 300w, https:\/\/i0.wp.com\/eltrabajo.cl\/portal\/wp-content\/uploads\/2017\/09\/Maraton4-David-Olivares.jpg?resize=250%2C150&amp;ssl=1 250w, https:\/\/i0.wp.com\/eltrabajo.cl\/portal\/wp-content\/uploads\/2017\/09\/Maraton4-David-Olivares.jpg?resize=400%2C240&amp;ssl=1 400w\" sizes=\"auto, (max-width: 580px) 100vw, 580px\" \/><figcaption id=\"caption-attachment-81839\" class=\"wp-caption-text\">TODOS CORREN.- A la derecha vemos al propio David Olivares, tambi\u00e9n sudando La Gota Gorda en estas jornadas de atletismo.<\/figcaption><\/figure>\n","protected":false},"excerpt":{"rendered":"<p>Mientras atletas del pa\u00eds esperan la primera Gran Marat\u00f3n Aconcagua: Una excelente jornada de atletismo es la que se desarroll\u00f3 en Casa Blanca este s\u00e1bado, durante el Campeonato Nacional de Trail en&#8230;<\/p>\n","protected":false},"author":1,"featured_media":81837,"comment_status":"open","ping_status":"open","sticky":false,"template":"","format":"standard","meta":{"advanced_seo_description":"","jetpack_seo_html_title":"","jetpack_seo_noindex":false,"_jetpack_memberships_contains_paid_content":false,"footnotes":""},"categories":[19],"tags":[],"class_list":["post-81833","post","type-post","status-publish","format-standard","has-post-thumbnail","hentry","category-deportes"],"jetpack_featured_media_url":"https:\/\/i0.wp.com\/eltrabajo.cl\/portal\/wp-content\/uploads\/2017\/09\/Maraton2-Monserrat-Espinoza.jpg?fit=580%2C350&ssl=1","jetpack_sharing_enabled":true,"jetpack_likes_enabled":true,"jetpack-related-posts":[],"_links":{"self":[{"href":"https:\/\/eltrabajo.cl\/portal\/wp-json\/wp\/v2\/posts\/81833","targetHints":{"allow":["GET"]}}],"collection":[{"href":"https:\/\/eltrabajo.cl\/portal\/wp-json\/wp\/v2\/posts"}],"about":[{"href":"https:\/\/eltrabajo.cl\/portal\/wp-json\/wp\/v2\/types\/post"}],"author":[{"embeddable":true,"href":"https:\/\/eltrabajo.cl\/portal\/wp-json\/wp\/v2\/users\/1"}],"replies":[{"embeddable":true,"href":"https:\/\/eltrabajo.cl\/portal\/wp-json\/wp\/v2\/comments?post=81833"}],"version-history":[{"count":0,"href":"https:\/\/eltrabajo.cl\/portal\/wp-json\/wp\/v2\/posts\/81833\/revisions"}],"wp:featuredmedia":[{"embeddable":true,"href":"https:\/\/eltrabajo.cl\/portal\/wp-json\/wp\/v2\/media\/81837"}],"wp:attachment":[{"href":"https:\/\/eltrabajo.cl\/portal\/wp-json\/wp\/v2\/media?parent=81833"}],"wp:term":[{"taxonomy":"category","embeddable":true,"href":"https:\/\/eltrabajo.cl\/portal\/wp-json\/wp\/v2\/categories?post=81833"},{"taxonomy":"post_tag","embeddable":true,"href":"https:\/\/eltrabajo.cl\/portal\/wp-json\/wp\/v2\/tags?post=81833"}],"curies":[{"name":"wp","href":"https:\/\/api.w.org\/{rel}","templated":true}]}}