{"id":81847,"date":"2017-09-26T05:03:38","date_gmt":"2017-09-26T09:03:38","guid":{"rendered":"http:\/\/www.eltrabajo.cl\/2017\/?p=81847"},"modified":"2017-09-26T05:03:38","modified_gmt":"2017-09-26T09:03:38","slug":"el-domingo-el-uni-uni-recibira-a-coquimbo-unido-en-el-coloso-de-la-avenida-maipu","status":"publish","type":"post","link":"https:\/\/eltrabajo.cl\/portal\/el-domingo-el-uni-uni-recibira-a-coquimbo-unido-en-el-coloso-de-la-avenida-maipu\/","title":{"rendered":"El domingo el Un\u00ed Un\u00ed recibir\u00e1 a Coquimbo Unido en el coloso de la Avenida Maip\u00fa"},"content":{"rendered":"<figure id=\"attachment_81848\" aria-describedby=\"caption-attachment-81848\" style=\"width: 580px\" class=\"wp-caption alignnone\"><img data-recalc-dims=\"1\" loading=\"lazy\" decoding=\"async\" class=\"size-full wp-image-81848\" src=\"https:\/\/i0.wp.com\/www.eltrabajo.cl\/2017\/wp-content\/uploads\/2017\/09\/uni-uni-4.jpg?resize=580%2C348\" alt=\"El pr\u00f3ximo domingo frente a otro equipo de punta el Un\u00ed Un\u00ed deber\u00e1 seguir sumando para escapar del descenso.\" width=\"580\" height=\"348\" srcset=\"https:\/\/i0.wp.com\/eltrabajo.cl\/portal\/wp-content\/uploads\/2017\/09\/uni-uni-4.jpg?w=580&amp;ssl=1 580w, https:\/\/i0.wp.com\/eltrabajo.cl\/portal\/wp-content\/uploads\/2017\/09\/uni-uni-4.jpg?resize=200%2C120&amp;ssl=1 200w, https:\/\/i0.wp.com\/eltrabajo.cl\/portal\/wp-content\/uploads\/2017\/09\/uni-uni-4.jpg?resize=300%2C180&amp;ssl=1 300w, https:\/\/i0.wp.com\/eltrabajo.cl\/portal\/wp-content\/uploads\/2017\/09\/uni-uni-4.jpg?resize=250%2C150&amp;ssl=1 250w, https:\/\/i0.wp.com\/eltrabajo.cl\/portal\/wp-content\/uploads\/2017\/09\/uni-uni-4.jpg?resize=400%2C240&amp;ssl=1 400w\" sizes=\"auto, (max-width: 580px) 100vw, 580px\" \/><figcaption id=\"caption-attachment-81848\" class=\"wp-caption-text\">El pr\u00f3ximo domingo frente a otro equipo de punta el Un\u00ed Un\u00ed deber\u00e1 seguir sumando para escapar del descenso.<\/figcaption><\/figure>\n<p>De no haber un cambio de \u00faltima hora, el partido entre Uni\u00f3n San Felipe y Coquimbo Unido se jugar\u00e1 a las seis de la tarde del pr\u00f3ximo domingo en el Estadio Municipal de San Felipe.<br \/>\nEl encuentro correspondiente a la fecha nueve del torneo de Transici\u00f3n de la Primera B, tendr\u00e1 muchas cuotas de nerviosismo, ya que los \u2018piratas\u2019 vienen encumbrados, mientras el Un\u00ed Un\u00ed no tiene m\u00e1s alternativa que sumar de a tres para comenzar a salir de la zona roja en la cual se encuentra.<br \/>\nLa jornada venidera ser\u00e1 muy importante para el desenlace de la competencia, ya que habr\u00e1 enfrentamientos entre equipos que de manera directa est\u00e1n involucrados en la lucha por no descender, como por ejemplo ser\u00e1n los pleitos entre: Barnechea \u2013 Valdivia, o Magallanes \u2013 La Calera.<\/p>\n<p>Partidos de la fecha:<br \/>\nCopiap\u00f3 &#8211; San Marcos<br \/>\nRangers \u2013 Cobresal<br \/>\n\u00d1ublense \u2013 La Serena<br \/>\nPuerto Montt \u2013 Santiago Morning<br \/>\nCobreloa \u2013 Iberia<br \/>\nBarnechea \u2013 Valdivia<br \/>\nMagallanes \u2013 La Calera<br \/>\nUni\u00f3n San Felipe \u2013 Coquimbo Unido<\/p>\n","protected":false},"excerpt":{"rendered":"<p>De no haber un cambio de \u00faltima hora, el partido entre Uni\u00f3n San Felipe y Coquimbo Unido se jugar\u00e1 a las seis de la tarde del pr\u00f3ximo domingo en el Estadio Municipal&#8230;<\/p>\n","protected":false},"author":1,"featured_media":81848,"comment_status":"open","ping_status":"open","sticky":false,"template":"","format":"standard","meta":{"advanced_seo_description":"","jetpack_seo_html_title":"","jetpack_seo_noindex":false,"_jetpack_memberships_contains_paid_content":false,"footnotes":""},"categories":[19],"tags":[],"class_list":["post-81847","post","type-post","status-publish","format-standard","has-post-thumbnail","hentry","category-deportes"],"jetpack_featured_media_url":"https:\/\/i0.wp.com\/eltrabajo.cl\/portal\/wp-content\/uploads\/2017\/09\/uni-uni-4.jpg?fit=580%2C348&ssl=1","jetpack_sharing_enabled":true,"jetpack_likes_enabled":true,"jetpack-related-posts":[],"_links":{"self":[{"href":"https:\/\/eltrabajo.cl\/portal\/wp-json\/wp\/v2\/posts\/81847","targetHints":{"allow":["GET"]}}],"collection":[{"href":"https:\/\/eltrabajo.cl\/portal\/wp-json\/wp\/v2\/posts"}],"about":[{"href":"https:\/\/eltrabajo.cl\/portal\/wp-json\/wp\/v2\/types\/post"}],"author":[{"embeddable":true,"href":"https:\/\/eltrabajo.cl\/portal\/wp-json\/wp\/v2\/users\/1"}],"replies":[{"embeddable":true,"href":"https:\/\/eltrabajo.cl\/portal\/wp-json\/wp\/v2\/comments?post=81847"}],"version-history":[{"count":0,"href":"https:\/\/eltrabajo.cl\/portal\/wp-json\/wp\/v2\/posts\/81847\/revisions"}],"wp:featuredmedia":[{"embeddable":true,"href":"https:\/\/eltrabajo.cl\/portal\/wp-json\/wp\/v2\/media\/81848"}],"wp:attachment":[{"href":"https:\/\/eltrabajo.cl\/portal\/wp-json\/wp\/v2\/media?parent=81847"}],"wp:term":[{"taxonomy":"category","embeddable":true,"href":"https:\/\/eltrabajo.cl\/portal\/wp-json\/wp\/v2\/categories?post=81847"},{"taxonomy":"post_tag","embeddable":true,"href":"https:\/\/eltrabajo.cl\/portal\/wp-json\/wp\/v2\/tags?post=81847"}],"curies":[{"name":"wp","href":"https:\/\/api.w.org\/{rel}","templated":true}]}}