{"id":81850,"date":"2017-09-26T05:04:53","date_gmt":"2017-09-26T09:04:53","guid":{"rendered":"http:\/\/www.eltrabajo.cl\/2017\/?p=81850"},"modified":"2017-09-26T05:04:53","modified_gmt":"2017-09-26T09:04:53","slug":"gobierno-regional-deja-sin-proyectos-a-panquehue-al-aprobar-circular-33","status":"publish","type":"post","link":"https:\/\/eltrabajo.cl\/portal\/gobierno-regional-deja-sin-proyectos-a-panquehue-al-aprobar-circular-33\/","title":{"rendered":"Gobierno regional deja sin proyectos a Panquehue al aprobar circular 33"},"content":{"rendered":"<figure id=\"attachment_81851\" aria-describedby=\"caption-attachment-81851\" style=\"width: 580px\" class=\"wp-caption alignnone\"><img data-recalc-dims=\"1\" loading=\"lazy\" decoding=\"async\" class=\"size-full wp-image-81851\" src=\"https:\/\/i0.wp.com\/www.eltrabajo.cl\/2017\/wp-content\/uploads\/2017\/09\/luis-pradenas.jpg?resize=580%2C349\" alt=\"El Alcalde Luis Pradenas acus\u00f3 discriminaci\u00f3n pol\u00edtica en contra de los habitantes de Panquehue por no ser \u00e9l un alcalde Oficialista.\" width=\"580\" height=\"349\" srcset=\"https:\/\/i0.wp.com\/eltrabajo.cl\/portal\/wp-content\/uploads\/2017\/09\/luis-pradenas.jpg?w=580&amp;ssl=1 580w, https:\/\/i0.wp.com\/eltrabajo.cl\/portal\/wp-content\/uploads\/2017\/09\/luis-pradenas.jpg?resize=200%2C120&amp;ssl=1 200w, https:\/\/i0.wp.com\/eltrabajo.cl\/portal\/wp-content\/uploads\/2017\/09\/luis-pradenas.jpg?resize=300%2C181&amp;ssl=1 300w, https:\/\/i0.wp.com\/eltrabajo.cl\/portal\/wp-content\/uploads\/2017\/09\/luis-pradenas.jpg?resize=249%2C150&amp;ssl=1 249w, https:\/\/i0.wp.com\/eltrabajo.cl\/portal\/wp-content\/uploads\/2017\/09\/luis-pradenas.jpg?resize=400%2C241&amp;ssl=1 400w\" sizes=\"auto, (max-width: 580px) 100vw, 580px\" \/><figcaption id=\"caption-attachment-81851\" class=\"wp-caption-text\">El Alcalde Luis Pradenas acus\u00f3 discriminaci\u00f3n pol\u00edtica en contra de los habitantes de Panquehue por no ser \u00e9l un alcalde Oficialista.<\/figcaption><\/figure>\n<ul>\n<li><span style=\"color: #ff0000;\"><strong>Tras el acuerdo de la comisi\u00f3n de inversiones del Gobierno Regional, la comuna de Panquehue no obtuvo el financiamiento de ninguno de sus proyectos presentados, sin importar que es una comuna con un 75 por ciento de vulnerabilidad.<\/strong> <\/span><\/li>\n<\/ul>\n<p><strong>PANQUEHUE.-<\/strong> Los habitantes de la comuna de Panquehue se ver\u00e1n afectados por la determinaci\u00f3n del Gobierno Regional, al no aprobar los recursos para financiar los proyectos postulados a las diferentes carteras de ese organismo gubernamental, que en su \u00faltima sesi\u00f3n realiz\u00f3 la selecci\u00f3n de proyectos de las comunas de la regi\u00f3n, dejando fuera a Panquehue.<br \/>\nDe acuerdo a lo informado por el alcalde Luis Pradenas Mor\u00e1n, es penoso ver que el Gobierno Regional deje de manifiesto ni el m\u00e1s m\u00ednimo inter\u00e9s por mejorar la calidad de vida de los habitantes de una comuna que, de acuerdo a datos del Ministerio de Desarrollo Social, registra un 75 por ciento de vulnerabilidad.<br \/>\n\u00abEl municipio \u2013dijo el alcalde Pradenas- a trav\u00e9s de la Secretar\u00eda Comunal de Planificaci\u00f3n, realiz\u00f3 la postulaci\u00f3n al ente regional, para la Adquisici\u00f3n de Camiones Recolectores de Basura\u00bb, que consideraba la compra de dos camiones de 15 M\u00b3 y 19 M\u00b3, el que fue presentado mediante oficio N\u00b0 196 con fecha 7 de marzo del a\u00f1o en curso.<br \/>\n\u00abDesde el ingreso de esta iniciativa, no obtuvimos respuesta respecto de su revisi\u00f3n, hasta el d\u00eda 28 de junio de 2017, donde se cita a reuni\u00f3n para el d\u00eda 30 de junio para analizar iniciativas presentadas, ya que se destinar\u00edan recursos a este tipo de proyectos; el mismo d\u00eda de la reuni\u00f3n se env\u00eda un correo con observaciones realizadas al proyecto, donde se manifiesta que deb\u00edan ser resueltas de forma urgente, situaci\u00f3n extra\u00f1a considerando que este proyecto estaba hace m\u00e1s de tres meses en revisi\u00f3n. El 11 de julio el municipio informa respuesta a observaciones; las que son revisadas por el Gobierno Regional, enviando nuevamente observaciones el 31 de julio y respondidas con fecha 17 de agosto. Desde esa fecha no se ha recibido respuesta del estado de esta iniciativa, salvo en algunas oportunidades se nos inform\u00f3 que ser\u00eda revisado, no obstante y pese a consultar reiteradamente a trav\u00e9s de correo electr\u00f3nico, tel\u00e9fono y la concurrencia del Secplac, esta iniciativa no se encuentra dentro de las aprobadas t\u00e9cnicamente para solicitar financiamiento, siendo la \u00fanica comuna que a la fecha a\u00fan no tiene respuesta, considerando que hace m\u00e1s de un mes se ingres\u00f3 la \u00faltima respuesta a observaciones\u00bb.<br \/>\nExplic\u00f3 el edil que esta iniciativa es de suma importancia, pues de acuerdo a su porcentaje de vulnerabilidad, gran parte de los vecinos de la comuna no est\u00e1n en condiciones de pagar derechos de aseo, imposibilitando a la municipalidad externalizar el servicio dado el alto costo que esto implica.<br \/>\n\u00abLa comuna actualmente cuenta con camiones que ya cumplieron su vida \u00fatil, uno de ellos adquirido el a\u00f1o 1998 y el segundo el a\u00f1o 2009 que est\u00e1 en muy precarias condiciones, a lo que se suma un tercero que data del a\u00f1o 2013, destinado principalmente a la recolecci\u00f3n de basura en los pasajes de las poblaciones de Panquehue. Esta situaci\u00f3n nos deja en total desventaja y como alcalde siento que existe un grado de discriminaci\u00f3n pol\u00edtica, contra una autoridad que ha sido insistente en exigir lo mejor para sus vecinos\u00bb.<br \/>\nA\u00f1adi\u00f3 el alcalde Pradenas que al revisar el acuerdo de la comisi\u00f3n de inversiones del Core, llama la atenci\u00f3n que otras comunas de la provincia se obtuvo la priorizaci\u00f3n en sus proyectos, tal es el caso de San Felipe con 269 millones; Santa Mar\u00eda con 193 millones; Llay Llay con 270 millones, y Catemu con 179 millones.<br \/>\n\u00abHemos estado gestionando durante todo el a\u00f1o, para que el Gobierno Regional aprobara los recursos para la compra de camiones, y nunca existi\u00f3 inter\u00e9s por dar una respuesta satisfactoria, solo tuvimos observaciones que fueron respondidas de manera inmediata y dentro de los plazos\u00bb.<br \/>\nDada la gravedad de esta situaci\u00f3n, el alcalde Luis Pradenas, mediante ordinario N\u00b0 747, ha oficiado al Intendente Regional Gabriel Aldoney, pues considera que la determinaci\u00f3n tomada es injusta, castigadora y discriminativa, no contra un alcalde de oposici\u00f3n sino contra los casi 8 mil habitantes de Panquehue.<br \/>\nOtro de los puntos que llam\u00f3 la atenci\u00f3n del alcalde Pradenas, fue el rechazo al financiamiento de un Cami\u00f3n Multiprop\u00f3sito, por la suma de $ 252 millones 770 mil pesos, el que estaba t\u00e9cnicamente aprobado desde el 08 de febrero del a\u00f1o en curso, situaci\u00f3n que hasta la fecha se desconoce el motivo para no ser aprobado.<br \/>\nLa autoridad se\u00f1al\u00f3 finalmente que no se quedar\u00e1 de brazos cruzados y agotar\u00e1 las instancias que sean necesarias para subsanar esta situaci\u00f3n, pues de las 38 comunas de la regi\u00f3n, cinco quedaron fuera y de \u00e9stas solo Panquehue registraba un proyecto elegible no financiado. De un total de 68 proyectos aprobados, que dan un total de $ 8.408 millones 19 mil pesos, 43 proyectos corresponden a municipalidades oficialistas y solo 25 de oposici\u00f3n.<br \/>\nCabe destacar que este tipo de actitudes dejan de manifiesto el grado de desinter\u00e9s de parte de la comunidad hacia la pol\u00edtica, cuando se ve reflejada con hechos que en nada ayudan al desarrollo de sus comunidades.<\/p>\n","protected":false},"excerpt":{"rendered":"<p>Tras el acuerdo de la comisi\u00f3n de inversiones del Gobierno Regional, la comuna de Panquehue no obtuvo el financiamiento de ninguno de sus proyectos presentados, sin importar que es una comuna con&#8230;<\/p>\n","protected":false},"author":1,"featured_media":81851,"comment_status":"open","ping_status":"open","sticky":false,"template":"","format":"standard","meta":{"advanced_seo_description":"","jetpack_seo_html_title":"","jetpack_seo_noindex":false,"_jetpack_memberships_contains_paid_content":false,"footnotes":""},"categories":[1],"tags":[],"class_list":["post-81850","post","type-post","status-publish","format-standard","has-post-thumbnail","hentry","category-cronica"],"jetpack_featured_media_url":"https:\/\/i0.wp.com\/eltrabajo.cl\/portal\/wp-content\/uploads\/2017\/09\/luis-pradenas.jpg?fit=580%2C349&ssl=1","jetpack_sharing_enabled":true,"jetpack_likes_enabled":true,"jetpack-related-posts":[],"_links":{"self":[{"href":"https:\/\/eltrabajo.cl\/portal\/wp-json\/wp\/v2\/posts\/81850","targetHints":{"allow":["GET"]}}],"collection":[{"href":"https:\/\/eltrabajo.cl\/portal\/wp-json\/wp\/v2\/posts"}],"about":[{"href":"https:\/\/eltrabajo.cl\/portal\/wp-json\/wp\/v2\/types\/post"}],"author":[{"embeddable":true,"href":"https:\/\/eltrabajo.cl\/portal\/wp-json\/wp\/v2\/users\/1"}],"replies":[{"embeddable":true,"href":"https:\/\/eltrabajo.cl\/portal\/wp-json\/wp\/v2\/comments?post=81850"}],"version-history":[{"count":0,"href":"https:\/\/eltrabajo.cl\/portal\/wp-json\/wp\/v2\/posts\/81850\/revisions"}],"wp:featuredmedia":[{"embeddable":true,"href":"https:\/\/eltrabajo.cl\/portal\/wp-json\/wp\/v2\/media\/81851"}],"wp:attachment":[{"href":"https:\/\/eltrabajo.cl\/portal\/wp-json\/wp\/v2\/media?parent=81850"}],"wp:term":[{"taxonomy":"category","embeddable":true,"href":"https:\/\/eltrabajo.cl\/portal\/wp-json\/wp\/v2\/categories?post=81850"},{"taxonomy":"post_tag","embeddable":true,"href":"https:\/\/eltrabajo.cl\/portal\/wp-json\/wp\/v2\/tags?post=81850"}],"curies":[{"name":"wp","href":"https:\/\/api.w.org\/{rel}","templated":true}]}}