{"id":81853,"date":"2017-09-26T05:05:12","date_gmt":"2017-09-26T09:05:12","guid":{"rendered":"http:\/\/www.eltrabajo.cl\/2017\/?p=81853"},"modified":"2017-09-26T05:05:12","modified_gmt":"2017-09-26T09:05:12","slug":"coordinadora-noafp-convoca-a-participar-de-plebiscito-este-fin-de-semana","status":"publish","type":"post","link":"https:\/\/eltrabajo.cl\/portal\/coordinadora-noafp-convoca-a-participar-de-plebiscito-este-fin-de-semana\/","title":{"rendered":"Coordinadora No+AFP convoca a participar de plebiscito este fin de semana"},"content":{"rendered":"<figure id=\"attachment_81854\" aria-describedby=\"caption-attachment-81854\" style=\"width: 580px\" class=\"wp-caption alignnone\"><img data-recalc-dims=\"1\" loading=\"lazy\" decoding=\"async\" class=\"size-full wp-image-81854\" src=\"https:\/\/i0.wp.com\/www.eltrabajo.cl\/2017\/wp-content\/uploads\/2017\/09\/no-mas-afp-dirigentes.jpg?resize=580%2C350\" alt=\"Dirigentes de la Coordinadora No + AFP Aconcagua convoc\u00f3 a los aconcag\u00fcinos a participar de plebiscito nacional durante este fin de semana.\" width=\"580\" height=\"350\" srcset=\"https:\/\/i0.wp.com\/eltrabajo.cl\/portal\/wp-content\/uploads\/2017\/09\/no-mas-afp-dirigentes.jpg?w=580&amp;ssl=1 580w, https:\/\/i0.wp.com\/eltrabajo.cl\/portal\/wp-content\/uploads\/2017\/09\/no-mas-afp-dirigentes.jpg?resize=200%2C121&amp;ssl=1 200w, https:\/\/i0.wp.com\/eltrabajo.cl\/portal\/wp-content\/uploads\/2017\/09\/no-mas-afp-dirigentes.jpg?resize=300%2C181&amp;ssl=1 300w, https:\/\/i0.wp.com\/eltrabajo.cl\/portal\/wp-content\/uploads\/2017\/09\/no-mas-afp-dirigentes.jpg?resize=249%2C150&amp;ssl=1 249w, https:\/\/i0.wp.com\/eltrabajo.cl\/portal\/wp-content\/uploads\/2017\/09\/no-mas-afp-dirigentes.jpg?resize=400%2C241&amp;ssl=1 400w\" sizes=\"auto, (max-width: 580px) 100vw, 580px\" \/><figcaption id=\"caption-attachment-81854\" class=\"wp-caption-text\">Dirigentes de la Coordinadora No + AFP Aconcagua convoc\u00f3 a los aconcag\u00fcinos a participar de plebiscito nacional durante este fin de semana.<\/figcaption><\/figure>\n<ul>\n<li><strong><span style=\"color: #ff0000;\">Habr\u00e1n centros de votaci\u00f3n en todas las comunas del valle:<\/span>\u00a0Toda la informaci\u00f3n respecto de c\u00f3mo participar de esta votaci\u00f3n popular se encuentra en la p\u00e1gina de Facebook de la agrupaci\u00f3n de trabajadores.<\/strong><\/li>\n<\/ul>\n<p>Este viernes 29, s\u00e1bado 30 de septiembre y domingo 1 de Octubre se desarrollar\u00e1 en las distintas comunas del Valle de Aconcagua, y tambi\u00e9n a trav\u00e9s de la plataforma web www.coordinadoranomasafp.cl, un plebiscito en el cual los chilenos podr\u00e1n manifestarse a favor o en contra del actual sistema de pensiones.<br \/>\nLa iniciativa nace desde la coordinadora No + AFP Aconcagua, cuyas expectativas se cifran en contar con m\u00e1s de un mill\u00f3n de firmas solicitando al Gobierno de Turno, un nuevo sistema de jubilaci\u00f3n, m\u00e1s seguro, digno y equitativo para los chilenos.<br \/>\nAs\u00ed lo manifest\u00f3 Larry Viveros Lagos, coordinador de esta agrupaci\u00f3n de trabajadores (as), quien detall\u00f3 que \u201cqueremos que la gente salga, vaya a los lugares p\u00fablicos a votar por no m\u00e1s AFP&#8230; queremos convocar a ambas provincias y todas sus comunas, el objetivo de este plebiscito es forzar al Gobierno a que entienda que los trabajadores chilenos no vamos a tolerar m\u00e1s el actual sistema de AFP\u201d, afirm\u00f3 Viveros.<br \/>\nAsimismo, el dirigente advirti\u00f3 que la manifestaci\u00f3n de la gente debe ir dirigida tanto a este Gobierno como al que venga, independiente del sector pol\u00edtico al que represente, fundamentando adem\u00e1s que la propuesta de un nuevo formato es clara y contundente: \u201cNosotros no queremos soluciones parches ni arreglos cosm\u00e9ticos al actual sistema que s\u00f3lo sirve para lucrar y robarle las pensiones a los chilenos&#8230; queremos un sistema de pensiones solidario y tripartito, entre el empleador, el trabajador y el Estado\u201d, argument\u00f3.<br \/>\nEl sistema de votaciones en este plebiscito se puede realizar a trav\u00e9s de la p\u00e1gina anteriormente mencionada, o bien, de manera presencial en cada una de las direcciones se\u00f1aladas a continuaci\u00f3n, dependiendo del d\u00eda en el que se vaya a emitir el sufragio.<br \/>\nEl viernes 29 de Septiembre, las mesas de votaci\u00f3n habilitadas estar\u00e1n en hospitales, Cesfam y consultorios del Valle de Aconcagua: en Los Andes; Hospital San Juan de Dios y Cesfam Centenario; en San Felipe, Hospital San Camilo, Cesfam Segismundo Iturra y Cesfam San Felipe El Real; en Putaendo, Hospital Psiqui\u00e1trico y Cesfam Valle Los Libertadores, adem\u00e1s de los Cesfam de Panquehue, Rinconada, Calle Larga y Santa Mar\u00eda.<br \/>\nTambi\u00e9n estar\u00e1n habilitadas las mesas de la Universidad de Valpara\u00edso, Universidad de Aconcagua y Universidad de Playa Ancha en sus sedes de San Felipe. La Escuela 21 de Mayo (San Felipe), Colegio de Profesores Provincial San Felipe, Colegio de Profesores de Putaendo en el Liceo Manuel Mar\u00edn Fritis y el Colegio de Profesores de Panquehue en la Escuela Independencia.<br \/>\nFinalmente los espacios p\u00fablicos tambi\u00e9n ser\u00e1n centro de votaci\u00f3n en las plazas de armas de San Felipe, Los Andes, Catemu, Putaendo y la Plaza El Ancla de Llay Llay.<br \/>\nEl s\u00e1bado 30de septiembre, se destinar\u00e1n las votaciones a espacios p\u00fablicos, centros comerciales y ferias: Plazas de Armas de San Felipe, Los Andes, Catemu, Putaendo y la Plaza El Ancla de Llay-Llay; Tottus San Felipe y la Feria de Santa Mar\u00eda.<br \/>\nEl domingo 1 de octubre los sufragios se recibir\u00e1n en plazas, centros comerciales, parques y ferias: Ferias de San Felipe y Los Andes, Parque de Putaendo (jornada de la tarde), Plaza de Armas de Santa Mar\u00eda y Tottus San Felipe.<br \/>\nJunto con lo anterior, la Coordinadora No + AFP Aconcagua dispondr\u00e1 de mesas m\u00f3viles en distintos sectores de las diferentes comunas del Valle.<\/p>\n<figure id=\"attachment_81855\" aria-describedby=\"caption-attachment-81855\" style=\"width: 579px\" class=\"wp-caption alignnone\"><img data-recalc-dims=\"1\" loading=\"lazy\" decoding=\"async\" class=\"size-full wp-image-81855\" src=\"https:\/\/i0.wp.com\/www.eltrabajo.cl\/2017\/wp-content\/uploads\/2017\/09\/no-mas-afp-votacion.jpg?resize=579%2C1030\" alt=\"Votaci\u00f3n popular pretende recaudar sobre un mill\u00f3n de sufragios para poder solicitar al Gobierno de turno, termine con el actual sistema de pensiones.\" width=\"579\" height=\"1030\" srcset=\"https:\/\/i0.wp.com\/eltrabajo.cl\/portal\/wp-content\/uploads\/2017\/09\/no-mas-afp-votacion.jpg?w=579&amp;ssl=1 579w, https:\/\/i0.wp.com\/eltrabajo.cl\/portal\/wp-content\/uploads\/2017\/09\/no-mas-afp-votacion.jpg?resize=84%2C150&amp;ssl=1 84w, https:\/\/i0.wp.com\/eltrabajo.cl\/portal\/wp-content\/uploads\/2017\/09\/no-mas-afp-votacion.jpg?resize=169%2C300&amp;ssl=1 169w, https:\/\/i0.wp.com\/eltrabajo.cl\/portal\/wp-content\/uploads\/2017\/09\/no-mas-afp-votacion.jpg?resize=576%2C1024&amp;ssl=1 576w, https:\/\/i0.wp.com\/eltrabajo.cl\/portal\/wp-content\/uploads\/2017\/09\/no-mas-afp-votacion.jpg?resize=400%2C712&amp;ssl=1 400w\" sizes=\"auto, (max-width: 579px) 100vw, 579px\" \/><figcaption id=\"caption-attachment-81855\" class=\"wp-caption-text\">Votaci\u00f3n popular pretende recaudar sobre un mill\u00f3n de sufragios para poder solicitar al Gobierno de turno, termine con el actual sistema de pensiones.<\/figcaption><\/figure>\n","protected":false},"excerpt":{"rendered":"<p>Habr\u00e1n centros de votaci\u00f3n en todas las comunas del valle:\u00a0Toda la informaci\u00f3n respecto de c\u00f3mo participar de esta votaci\u00f3n popular se encuentra en la p\u00e1gina de Facebook de la agrupaci\u00f3n de trabajadores&#8230;.<\/p>\n","protected":false},"author":1,"featured_media":81854,"comment_status":"open","ping_status":"open","sticky":false,"template":"","format":"standard","meta":{"advanced_seo_description":"","jetpack_seo_html_title":"","jetpack_seo_noindex":false,"_jetpack_memberships_contains_paid_content":false,"footnotes":""},"categories":[1],"tags":[],"class_list":["post-81853","post","type-post","status-publish","format-standard","has-post-thumbnail","hentry","category-cronica"],"jetpack_featured_media_url":"https:\/\/i0.wp.com\/eltrabajo.cl\/portal\/wp-content\/uploads\/2017\/09\/no-mas-afp-dirigentes.jpg?fit=580%2C350&ssl=1","jetpack_sharing_enabled":true,"jetpack_likes_enabled":true,"jetpack-related-posts":[],"_links":{"self":[{"href":"https:\/\/eltrabajo.cl\/portal\/wp-json\/wp\/v2\/posts\/81853","targetHints":{"allow":["GET"]}}],"collection":[{"href":"https:\/\/eltrabajo.cl\/portal\/wp-json\/wp\/v2\/posts"}],"about":[{"href":"https:\/\/eltrabajo.cl\/portal\/wp-json\/wp\/v2\/types\/post"}],"author":[{"embeddable":true,"href":"https:\/\/eltrabajo.cl\/portal\/wp-json\/wp\/v2\/users\/1"}],"replies":[{"embeddable":true,"href":"https:\/\/eltrabajo.cl\/portal\/wp-json\/wp\/v2\/comments?post=81853"}],"version-history":[{"count":0,"href":"https:\/\/eltrabajo.cl\/portal\/wp-json\/wp\/v2\/posts\/81853\/revisions"}],"wp:featuredmedia":[{"embeddable":true,"href":"https:\/\/eltrabajo.cl\/portal\/wp-json\/wp\/v2\/media\/81854"}],"wp:attachment":[{"href":"https:\/\/eltrabajo.cl\/portal\/wp-json\/wp\/v2\/media?parent=81853"}],"wp:term":[{"taxonomy":"category","embeddable":true,"href":"https:\/\/eltrabajo.cl\/portal\/wp-json\/wp\/v2\/categories?post=81853"},{"taxonomy":"post_tag","embeddable":true,"href":"https:\/\/eltrabajo.cl\/portal\/wp-json\/wp\/v2\/tags?post=81853"}],"curies":[{"name":"wp","href":"https:\/\/api.w.org\/{rel}","templated":true}]}}