{"id":81857,"date":"2017-09-26T05:06:45","date_gmt":"2017-09-26T09:06:45","guid":{"rendered":"http:\/\/www.eltrabajo.cl\/2017\/?p=81857"},"modified":"2017-09-26T05:06:45","modified_gmt":"2017-09-26T09:06:45","slug":"golpeo-con-una-piedra-en-la-cabeza-a-comerciante-para-robarle-10-000","status":"publish","type":"post","link":"https:\/\/eltrabajo.cl\/portal\/golpeo-con-una-piedra-en-la-cabeza-a-comerciante-para-robarle-10-000\/","title":{"rendered":"Golpe\u00f3 con una piedra en la cabeza a comerciante para robarle $10.000"},"content":{"rendered":"<figure id=\"attachment_81858\" aria-describedby=\"caption-attachment-81858\" style=\"width: 580px\" class=\"wp-caption alignnone\"><img data-recalc-dims=\"1\" loading=\"lazy\" decoding=\"async\" class=\"size-full wp-image-81858\" src=\"https:\/\/i0.wp.com\/www.eltrabajo.cl\/2017\/wp-content\/uploads\/2017\/09\/DETENIDO-LLAY-LLAY.jpg?resize=580%2C349\" alt=\"El imputado fue capturado por Carabineros de la Subcomisar\u00eda de Llay Llay en horas de la madrugada de este lunes. (Foto Referencial).\" width=\"580\" height=\"349\" srcset=\"https:\/\/i0.wp.com\/eltrabajo.cl\/portal\/wp-content\/uploads\/2017\/09\/DETENIDO-LLAY-LLAY.jpg?w=580&amp;ssl=1 580w, https:\/\/i0.wp.com\/eltrabajo.cl\/portal\/wp-content\/uploads\/2017\/09\/DETENIDO-LLAY-LLAY.jpg?resize=200%2C120&amp;ssl=1 200w, https:\/\/i0.wp.com\/eltrabajo.cl\/portal\/wp-content\/uploads\/2017\/09\/DETENIDO-LLAY-LLAY.jpg?resize=300%2C181&amp;ssl=1 300w, https:\/\/i0.wp.com\/eltrabajo.cl\/portal\/wp-content\/uploads\/2017\/09\/DETENIDO-LLAY-LLAY.jpg?resize=249%2C150&amp;ssl=1 249w, https:\/\/i0.wp.com\/eltrabajo.cl\/portal\/wp-content\/uploads\/2017\/09\/DETENIDO-LLAY-LLAY.jpg?resize=400%2C241&amp;ssl=1 400w\" sizes=\"auto, (max-width: 580px) 100vw, 580px\" \/><figcaption id=\"caption-attachment-81858\" class=\"wp-caption-text\">El imputado fue capturado por Carabineros de la Subcomisar\u00eda de Llay Llay en horas de la madrugada de este lunes. (Foto Referencial).<\/figcaption><\/figure>\n<ul>\n<li><strong><span style=\"color: #ff0000;\">Le arrebat\u00f3 dinero de un bolsillo y escap\u00f3 del lugar:\u00a0<\/span>Due\u00f1o de botiller\u00eda ubicada en la comuna de Llay Llay sufri\u00f3 la violenta agresi\u00f3n en horas de la noche de este domingo. Momentos m\u00e1s tarde Carabineros logr\u00f3 capturar al imputado para ser procesado ante la justicia.<\/strong><\/li>\n<\/ul>\n<p>Con una herida en la cabeza result\u00f3 un comerciante dedicado a la venta de alcoholes luego de ser agredido con una piedra al momento de ser asaltado por un sujeto que le sustrajo la miserable suma de $10.000, hecho ocurrido en horas de la noche de este domingo en la comuna de Llay Llay.<br \/>\nLa v\u00edctima de estos hechos se\u00f1ala que el sujeto ingres\u00f3 hasta el local comercial agredi\u00e9ndolo sin provocaci\u00f3n alguna con la piedra, con la cual lo golpe\u00f3 en la cabeza, inici\u00e1ndose un forcejeo entre ambos.<br \/>\nEl delincuente aprovech\u00f3 la ocasi\u00f3n para sustraerle desde el bolsillo del pantal\u00f3n del due\u00f1o de la botiller\u00eda, la suma de dinero antes indicada para luego escapar en direcci\u00f3n desconocida.<br \/>\nEl delito fue denunciado ante Carabineros de la Subcomisar\u00eda de Llay Llay, inici\u00e1ndose las labores de b\u00fasqueda que se ampliaron hasta horas de la madrugada, hasta que finalmente los uniformados lograron capturar al asaltante.<br \/>\nEn lo que respecta a la v\u00edctima, fue derivada hasta el Hospital de esa comuna para asistir las lesiones sufridas, las que fueron catalogadas por el m\u00e9dico de turno como leves.<br \/>\nEl imputado, individualizado con las iniciales N.A.M., sin antecedentes delictuales, fue derivado la ma\u00f1ana de ayer lunes por parte de Carabineros hasta el Juzgado de Garant\u00eda de San Felipe para ser formalizado por el delito de robo con violencia.<br \/>\nEste Tribunal asign\u00f3 como cautelares el arresto domiciliario total, es decir mantenerse recluido las 24 horas de d\u00eda en su domicilio, mientras la Fiscal\u00eda investiga el caso.<br \/>\n<strong>Pablo Salinas Sald\u00edas<\/strong><\/p>\n","protected":false},"excerpt":{"rendered":"<p>Le arrebat\u00f3 dinero de un bolsillo y escap\u00f3 del lugar:\u00a0Due\u00f1o de botiller\u00eda ubicada en la comuna de Llay Llay sufri\u00f3 la violenta agresi\u00f3n en horas de la noche de este domingo. Momentos&#8230;<\/p>\n","protected":false},"author":1,"featured_media":81858,"comment_status":"open","ping_status":"open","sticky":false,"template":"","format":"standard","meta":{"advanced_seo_description":"","jetpack_seo_html_title":"","jetpack_seo_noindex":false,"_jetpack_memberships_contains_paid_content":false,"footnotes":""},"categories":[21],"tags":[],"class_list":["post-81857","post","type-post","status-publish","format-standard","has-post-thumbnail","hentry","category-policial"],"jetpack_featured_media_url":"https:\/\/i0.wp.com\/eltrabajo.cl\/portal\/wp-content\/uploads\/2017\/09\/DETENIDO-LLAY-LLAY.jpg?fit=580%2C349&ssl=1","jetpack_sharing_enabled":true,"jetpack_likes_enabled":true,"jetpack-related-posts":[],"_links":{"self":[{"href":"https:\/\/eltrabajo.cl\/portal\/wp-json\/wp\/v2\/posts\/81857","targetHints":{"allow":["GET"]}}],"collection":[{"href":"https:\/\/eltrabajo.cl\/portal\/wp-json\/wp\/v2\/posts"}],"about":[{"href":"https:\/\/eltrabajo.cl\/portal\/wp-json\/wp\/v2\/types\/post"}],"author":[{"embeddable":true,"href":"https:\/\/eltrabajo.cl\/portal\/wp-json\/wp\/v2\/users\/1"}],"replies":[{"embeddable":true,"href":"https:\/\/eltrabajo.cl\/portal\/wp-json\/wp\/v2\/comments?post=81857"}],"version-history":[{"count":0,"href":"https:\/\/eltrabajo.cl\/portal\/wp-json\/wp\/v2\/posts\/81857\/revisions"}],"wp:featuredmedia":[{"embeddable":true,"href":"https:\/\/eltrabajo.cl\/portal\/wp-json\/wp\/v2\/media\/81858"}],"wp:attachment":[{"href":"https:\/\/eltrabajo.cl\/portal\/wp-json\/wp\/v2\/media?parent=81857"}],"wp:term":[{"taxonomy":"category","embeddable":true,"href":"https:\/\/eltrabajo.cl\/portal\/wp-json\/wp\/v2\/categories?post=81857"},{"taxonomy":"post_tag","embeddable":true,"href":"https:\/\/eltrabajo.cl\/portal\/wp-json\/wp\/v2\/tags?post=81857"}],"curies":[{"name":"wp","href":"https:\/\/api.w.org\/{rel}","templated":true}]}}