{"id":81860,"date":"2017-09-27T05:00:14","date_gmt":"2017-09-27T09:00:14","guid":{"rendered":"http:\/\/www.eltrabajo.cl\/2017\/?p=81860"},"modified":"2017-09-27T05:00:14","modified_gmt":"2017-09-27T09:00:14","slug":"este-sabado-se-realiza-el-iv-encuentro-de-robotica-educativa-en-calle-larga","status":"publish","type":"post","link":"https:\/\/eltrabajo.cl\/portal\/este-sabado-se-realiza-el-iv-encuentro-de-robotica-educativa-en-calle-larga\/","title":{"rendered":"Este s\u00e1bado se realiza el IV Encuentro de Rob\u00f3tica Educativa en Calle Larga"},"content":{"rendered":"<figure id=\"attachment_81861\" aria-describedby=\"caption-attachment-81861\" style=\"width: 580px\" class=\"wp-caption alignnone\"><img data-recalc-dims=\"1\" loading=\"lazy\" decoding=\"async\" class=\"size-full wp-image-81861\" src=\"https:\/\/i0.wp.com\/www.eltrabajo.cl\/2017\/wp-content\/uploads\/2017\/09\/robotica2.jpg?resize=580%2C349\" alt=\"M\u00e1s de 200 estudiantes de la Regi\u00f3n de Valpara\u00edso ser\u00e1n parte del IV Encuentro de Rob\u00f3tica que organiza la Municipalidad de Calle Larga.\" width=\"580\" height=\"349\" srcset=\"https:\/\/i0.wp.com\/eltrabajo.cl\/portal\/wp-content\/uploads\/2017\/09\/robotica2.jpg?w=580&amp;ssl=1 580w, https:\/\/i0.wp.com\/eltrabajo.cl\/portal\/wp-content\/uploads\/2017\/09\/robotica2.jpg?resize=200%2C120&amp;ssl=1 200w, https:\/\/i0.wp.com\/eltrabajo.cl\/portal\/wp-content\/uploads\/2017\/09\/robotica2.jpg?resize=300%2C181&amp;ssl=1 300w, https:\/\/i0.wp.com\/eltrabajo.cl\/portal\/wp-content\/uploads\/2017\/09\/robotica2.jpg?resize=249%2C150&amp;ssl=1 249w, https:\/\/i0.wp.com\/eltrabajo.cl\/portal\/wp-content\/uploads\/2017\/09\/robotica2.jpg?resize=400%2C241&amp;ssl=1 400w\" sizes=\"auto, (max-width: 580px) 100vw, 580px\" \/><figcaption id=\"caption-attachment-81861\" class=\"wp-caption-text\">M\u00e1s de 200 estudiantes de la Regi\u00f3n de Valpara\u00edso ser\u00e1n parte del IV Encuentro de Rob\u00f3tica que organiza la Municipalidad de Calle Larga.<\/figcaption><\/figure>\n<ul>\n<li><span style=\"color: #ff0000;\"><strong>Actividad congregar\u00e1 a m\u00e1s de 200 estudiantes de la Regi\u00f3n de Valpara\u00edso y es organizada por el municipio callelarguino con el apoyo de la Seremi de Educaci\u00f3n y Explora Valpara\u00edso.<\/strong><\/span><\/li>\n<\/ul>\n<p><strong>CALLE LARGA.-<\/strong> Intercambiar ideas, experiencias y conocimientos, como tambi\u00e9n desarrollar diversas habilidades, es el objetivo del IV Encuentro Regional de Rob\u00f3tica Educativa que se realizar\u00e1 este s\u00e1bado 30 de septiembre en dependencias del Polideportivo Municipal de Calle Larga.<br \/>\nM\u00e1s de 200 estudiantes de la Regi\u00f3n de Valpara\u00edso pertenecientes a los talleres de rob\u00f3tica de sus establecimientos, participar\u00e1n en este encuentro que es organizado por la Municipalidad de Calle Larga y que cuenta con el apoyo de la Seremi de Educaci\u00f3n de Valpara\u00edso y del Proyecto Asociativo Regional, PAR Explora Valpara\u00edso.<br \/>\n\u201cPara Calle Larga es un orgullo tremendo y sobre todo para nuestro alcalde Nelson Venegas, el cual en su gesti\u00f3n siempre ha apoyado y potenciado lo que es la rob\u00f3tica educativa, ya sea como taller gratis para la gente que habita Calle Larga y as\u00ed tambi\u00e9n para las escuelas municipales\u201d, expres\u00f3 Vladimir Guajardo, encargado de Rob\u00f3tica Educativa de Calle Larga.<br \/>\nEste a\u00f1o los estudiantes tendr\u00e1n dos desaf\u00edos, donde los alumnos demostrar\u00e1n sus habilidades en programaci\u00f3n, construcci\u00f3n y dise\u00f1os de robot educativos. El primero de ellos se denomina \u2018SumoBot\u2019, donde deber\u00e1n realizar el dise\u00f1o y construcci\u00f3n de un robot m\u00f3vil aut\u00f3nomo con la capacidad de hacer frente a su oponente y desplazar al robot contrario fuera del \u00e1rea establecida. El segundo desaf\u00edo se denomina \u2018Desaf\u00edo Espacial\u2019, donde deber\u00e1n construir un puesto avanzado en el planeta Marte que pueda mantener la vida humana y funcionar como base para la exploraci\u00f3n espacial en el futuro.<br \/>\nTal como en a\u00f1os anteriores, este encuentro estar\u00e1 abierto durante todo el d\u00eda a la comunidad, quienes podr\u00e1n conocer y visitar los diversos stand de rob\u00f3tica, interioriz\u00e1ndose m\u00e1s en el trabajo que realizan los estudiantes en esta \u00e1rea de la tecnolog\u00eda.<br \/>\n\u201cEstamos muy contentos de realizar una actividad de esta naturaleza, porque entendemos que este es el futuro y si nosotros no somos capaces de preparar a las futuras generaciones en esa perspectiva, estamos perdidos; creemos que en Calle Larga lo estamos haciendo y por eso queremos invitar a toda la gente a que venga este s\u00e1bado a nuestro polideportivo a presenciar este tremendo encuentro, para que sepan de qu\u00e9 se trata la rob\u00f3tica y c\u00f3mo a trav\u00e9s de algoritmos se va incentivando la ciencia, las matem\u00e1ticas, pero de una forma entretenida y preparando a las nuevas generaciones para todo lo que es la productividad en los tiempos que vienen\u201d, sostuvo el alcalde Nelson Venegas.<\/p>\n","protected":false},"excerpt":{"rendered":"<p>Actividad congregar\u00e1 a m\u00e1s de 200 estudiantes de la Regi\u00f3n de Valpara\u00edso y es organizada por el municipio callelarguino con el apoyo de la Seremi de Educaci\u00f3n y Explora Valpara\u00edso. CALLE LARGA.-&#8230;<\/p>\n","protected":false},"author":1,"featured_media":81861,"comment_status":"open","ping_status":"open","sticky":false,"template":"","format":"standard","meta":{"advanced_seo_description":"","jetpack_seo_html_title":"","jetpack_seo_noindex":false,"_jetpack_memberships_contains_paid_content":false,"footnotes":""},"categories":[1],"tags":[],"class_list":["post-81860","post","type-post","status-publish","format-standard","has-post-thumbnail","hentry","category-cronica"],"jetpack_featured_media_url":"https:\/\/i0.wp.com\/eltrabajo.cl\/portal\/wp-content\/uploads\/2017\/09\/robotica2.jpg?fit=580%2C349&ssl=1","jetpack_sharing_enabled":true,"jetpack_likes_enabled":true,"jetpack-related-posts":[],"_links":{"self":[{"href":"https:\/\/eltrabajo.cl\/portal\/wp-json\/wp\/v2\/posts\/81860","targetHints":{"allow":["GET"]}}],"collection":[{"href":"https:\/\/eltrabajo.cl\/portal\/wp-json\/wp\/v2\/posts"}],"about":[{"href":"https:\/\/eltrabajo.cl\/portal\/wp-json\/wp\/v2\/types\/post"}],"author":[{"embeddable":true,"href":"https:\/\/eltrabajo.cl\/portal\/wp-json\/wp\/v2\/users\/1"}],"replies":[{"embeddable":true,"href":"https:\/\/eltrabajo.cl\/portal\/wp-json\/wp\/v2\/comments?post=81860"}],"version-history":[{"count":0,"href":"https:\/\/eltrabajo.cl\/portal\/wp-json\/wp\/v2\/posts\/81860\/revisions"}],"wp:featuredmedia":[{"embeddable":true,"href":"https:\/\/eltrabajo.cl\/portal\/wp-json\/wp\/v2\/media\/81861"}],"wp:attachment":[{"href":"https:\/\/eltrabajo.cl\/portal\/wp-json\/wp\/v2\/media?parent=81860"}],"wp:term":[{"taxonomy":"category","embeddable":true,"href":"https:\/\/eltrabajo.cl\/portal\/wp-json\/wp\/v2\/categories?post=81860"},{"taxonomy":"post_tag","embeddable":true,"href":"https:\/\/eltrabajo.cl\/portal\/wp-json\/wp\/v2\/tags?post=81860"}],"curies":[{"name":"wp","href":"https:\/\/api.w.org\/{rel}","templated":true}]}}