{"id":81869,"date":"2017-09-27T05:02:35","date_gmt":"2017-09-27T09:02:35","guid":{"rendered":"http:\/\/www.eltrabajo.cl\/2017\/?p=81869"},"modified":"2017-09-27T05:02:35","modified_gmt":"2017-09-27T09:02:35","slug":"tension-en-el-concejo-por-molestia-de-vecinos-ante-construccion-de-ciclovias","status":"publish","type":"post","link":"https:\/\/eltrabajo.cl\/portal\/tension-en-el-concejo-por-molestia-de-vecinos-ante-construccion-de-ciclovias\/","title":{"rendered":"Tensi\u00f3n en el Concejo por molestia de vecinos ante construcci\u00f3n de ciclov\u00edas"},"content":{"rendered":"<figure id=\"attachment_81872\" aria-describedby=\"caption-attachment-81872\" style=\"width: 580px\" class=\"wp-caption alignnone\"><img data-recalc-dims=\"1\" loading=\"lazy\" decoding=\"async\" class=\"size-full wp-image-81872\" src=\"https:\/\/i0.wp.com\/www.eltrabajo.cl\/2017\/wp-content\/uploads\/2017\/09\/vecinos-molestos.jpg?resize=580%2C349\" alt=\"Un numeroso grupo de vecinos de Calle Tocornal se hizo presente en el sal\u00f3n municipal.\" width=\"580\" height=\"349\" srcset=\"https:\/\/i0.wp.com\/eltrabajo.cl\/portal\/wp-content\/uploads\/2017\/09\/vecinos-molestos.jpg?w=580&amp;ssl=1 580w, https:\/\/i0.wp.com\/eltrabajo.cl\/portal\/wp-content\/uploads\/2017\/09\/vecinos-molestos.jpg?resize=200%2C120&amp;ssl=1 200w, https:\/\/i0.wp.com\/eltrabajo.cl\/portal\/wp-content\/uploads\/2017\/09\/vecinos-molestos.jpg?resize=300%2C181&amp;ssl=1 300w, https:\/\/i0.wp.com\/eltrabajo.cl\/portal\/wp-content\/uploads\/2017\/09\/vecinos-molestos.jpg?resize=249%2C150&amp;ssl=1 249w, https:\/\/i0.wp.com\/eltrabajo.cl\/portal\/wp-content\/uploads\/2017\/09\/vecinos-molestos.jpg?resize=400%2C241&amp;ssl=1 400w\" sizes=\"auto, (max-width: 580px) 100vw, 580px\" \/><figcaption id=\"caption-attachment-81872\" class=\"wp-caption-text\">Un numeroso grupo de vecinos de Calle Tocornal se hizo presente en el sal\u00f3n municipal.<\/figcaption><\/figure>\n<ul>\n<li><span style=\"color: #ff0000;\"><strong>Alcalde reconoce equivocaci\u00f3n en el dise\u00f1o del proyecto en Calle Tocornal.<\/strong><\/span><\/li>\n<\/ul>\n<p>Momentos de mucha tensi\u00f3n se vivieron ayer en la sesi\u00f3n del Concejo Municipal de San Felipe, por la visita de un grupo de vecinos de la calle Tocornal en la Villa El Se\u00f1orial, quienes concurrieron para reclamar en contra del proyecto de ciclov\u00edas que se est\u00e1 llevando a efecto frente a sus casas.<br \/>\nLos vecinos reclaman principalmente la falta de informaci\u00f3n, porque a ellos nadie les pregunt\u00f3 nada.<br \/>\nAdem\u00e1s existe molestia por la forma como se ha realizado el proyecto, cortando con hachas los \u00e1rboles, por ejemplo.<br \/>\nA ello se suma la destrucci\u00f3n de sus \u00e1reas verdes, como el c\u00e9sped instalado frente a sus inmuebles y costeados por ellos mismos.<br \/>\nUna de las vecinas que lleg\u00f3 al lugar, Nicol Gonz\u00e1lez, dijo sobre esta visita: \u201cNosotros venimos s\u00faper preparados para esta sesi\u00f3n que nos invitaron, a nosotros nos invitaron porque enviamos una carta el 25 de agosto con respuesta reci\u00e9n el 20 de septiembre, se nos invit\u00f3 para que nosotros present\u00e1ramos nuestras quejas y molestias, en simples palabras hicimos una presentaci\u00f3n de c\u00f3mo era antes nuestra calle y como est\u00e1 ahora, plasmando adem\u00e1s todas las irregularidades que hay en este proyecto. Nosotros bajamos documentos de internet sobre el tema y hay muchas irregularidades, queremos que se nos tome en cuenta, yo me he visto afectada por la construcci\u00f3n de las ciclov\u00edas, de sacarnos los \u00e1rboles, a nosotros nunca se nos pregunt\u00f3 nada, eso es lo que m\u00e1s nos duele, entendemos que de la reja hacia afuera es de la municipalidad, pero el alcalde es el due\u00f1o de la ciudad y \u00e9l tiene que velar por nosotros\u201d, dijo.<br \/>\nTambi\u00e9n en la ocasi\u00f3n una de las afectadas dio lectura a una carta donde se daba a conocer las gestiones que han realizado en busca de informaci\u00f3n.<br \/>\nTodas las intervenciones que se hicieron fueron en presencia del grupo de vecinos, quienes no quisieron quedar al margen de la discusi\u00f3n y por algunos minutos increparon a las autoridades encabezadas por el alcalde Patricio Freire Canto, dando a conocer sus molestias por este proyecto.<br \/>\nLuego tom\u00f3 la palabra uno de los vecinos, Leonel Gonz\u00e1lez, quien increp\u00f3 duramente aunque con respeto a las autoridades: \u201cEn julio de 2016 el se\u00f1or alcalde presenta a toda la comunidad el proyecto como emblem\u00e1tico avalado por el se\u00f1or gobernador, donde dice que es un favor personal que el se\u00f1or alcalde le pidi\u00f3 a la presidenta de la rep\u00fablica, entonces si uno tiene autoridades para que realmente los represente, \u00bfd\u00f3nde est\u00e1 la municipalidad? Yo entiendo no todo se puede solucionar, pero esc\u00fachenos, nosotros quer\u00edamos decir \u2018esto nos pasa, creemos que es injusto, analic\u00e9moslo juntos\u2019. Hoy d\u00eda m\u00e1s all\u00e1 de nuestros \u00e1rboles, nosotros estamos revisando un trazado que tiene un kil\u00f3metro y tiene 20 puntos fuera de norma, en el punto en Tres Carrera con Tocornal hay ah\u00ed doce o catorce \u00e1rboles que son aut\u00f3ctonos, que est\u00e1n protegidos, no los van a tocar y van compartir un metro cincuenta entre peatones y ciclov\u00edas, no se cumple la conectividad, entonces donde est\u00e1n nuestras autoridades, que les queremos pedir \u00a1hagan su trabajo!\u201d, dijo el vecino.<\/p>\n<p><span style=\"color: #ff0000;\"><strong>ALCALDE FREIRE<\/strong><\/span><br \/>\nPor su parte el alcalde Patricio Freire dijo: \u201cA lo mejor nos equivocamos en el dise\u00f1o y reconocemos, yo tomo la responsabilidad de esto, yo me siento responsable del tema que las ciclov\u00edas hayan llegado a San Felipe, ten\u00edamos muchas animitas en muchos sectores de la ciudad de San Felipe, con bicicletas con flores porque hab\u00edan atropellos muy seguido en la ciudad de San Felipe, tanto en Miraflores como en la Alameda, en varias partes tenemos bicicletas con flores. Yo hoy d\u00eda quiero ser responsable de lo que se est\u00e1 realizando, vamos a rectificar y le voy a pedir a Serviu que se rectifiquen algunas partes que se han hecho mal y eso lo voy a ver, si hemos sacado cien \u00e1rboles, vamos a plantar seiscientos\u201d, indic\u00f3 el edil.<br \/>\nEn eso momento el alcalde fue increpado por vecinos se\u00f1alando el tiempo de espera de un a\u00f1o para la plantaci\u00f3n de \u00e1rboles.<br \/>\nOtro que habl\u00f3 fue el Concejal Christian Beals Campos, quien dijo que hab\u00eda que realizar un By pass por el lugar.<\/p>\n<figure id=\"attachment_81870\" aria-describedby=\"caption-attachment-81870\" style=\"width: 580px\" class=\"wp-caption alignnone\"><img data-recalc-dims=\"1\" loading=\"lazy\" decoding=\"async\" class=\"size-full wp-image-81870\" src=\"https:\/\/i0.wp.com\/www.eltrabajo.cl\/2017\/wp-content\/uploads\/2017\/09\/vecinos-alcalde-freire.jpg?resize=580%2C348\" alt=\"El Alcalde Patricio Freire escuch\u00f3 con atenci\u00f3n a los vecinos, quienes expresaron su malestar por el desarrollo del proyecto de ciclov\u00edas en Tocornal.\" width=\"580\" height=\"348\" srcset=\"https:\/\/i0.wp.com\/eltrabajo.cl\/portal\/wp-content\/uploads\/2017\/09\/vecinos-alcalde-freire.jpg?w=580&amp;ssl=1 580w, https:\/\/i0.wp.com\/eltrabajo.cl\/portal\/wp-content\/uploads\/2017\/09\/vecinos-alcalde-freire.jpg?resize=200%2C120&amp;ssl=1 200w, https:\/\/i0.wp.com\/eltrabajo.cl\/portal\/wp-content\/uploads\/2017\/09\/vecinos-alcalde-freire.jpg?resize=300%2C180&amp;ssl=1 300w, https:\/\/i0.wp.com\/eltrabajo.cl\/portal\/wp-content\/uploads\/2017\/09\/vecinos-alcalde-freire.jpg?resize=250%2C150&amp;ssl=1 250w, https:\/\/i0.wp.com\/eltrabajo.cl\/portal\/wp-content\/uploads\/2017\/09\/vecinos-alcalde-freire.jpg?resize=400%2C240&amp;ssl=1 400w\" sizes=\"auto, (max-width: 580px) 100vw, 580px\" \/><figcaption id=\"caption-attachment-81870\" class=\"wp-caption-text\">El Alcalde Patricio Freire escuch\u00f3 con atenci\u00f3n a los vecinos, quienes expresaron su malestar por el desarrollo del proyecto de ciclov\u00edas en Tocornal.<\/figcaption><\/figure>\n<figure id=\"attachment_81871\" aria-describedby=\"caption-attachment-81871\" style=\"width: 580px\" class=\"wp-caption alignnone\"><img data-recalc-dims=\"1\" loading=\"lazy\" decoding=\"async\" class=\"size-full wp-image-81871\" src=\"https:\/\/i0.wp.com\/www.eltrabajo.cl\/2017\/wp-content\/uploads\/2017\/09\/Vecinos-lectura-carta.jpg?resize=580%2C349\" alt=\"Una de las afectadas procede a leer la carta de molestia de los vecinos en plena mesa del Concejo.\" width=\"580\" height=\"349\" srcset=\"https:\/\/i0.wp.com\/eltrabajo.cl\/portal\/wp-content\/uploads\/2017\/09\/Vecinos-lectura-carta.jpg?w=580&amp;ssl=1 580w, https:\/\/i0.wp.com\/eltrabajo.cl\/portal\/wp-content\/uploads\/2017\/09\/Vecinos-lectura-carta.jpg?resize=200%2C120&amp;ssl=1 200w, https:\/\/i0.wp.com\/eltrabajo.cl\/portal\/wp-content\/uploads\/2017\/09\/Vecinos-lectura-carta.jpg?resize=300%2C181&amp;ssl=1 300w, https:\/\/i0.wp.com\/eltrabajo.cl\/portal\/wp-content\/uploads\/2017\/09\/Vecinos-lectura-carta.jpg?resize=249%2C150&amp;ssl=1 249w, https:\/\/i0.wp.com\/eltrabajo.cl\/portal\/wp-content\/uploads\/2017\/09\/Vecinos-lectura-carta.jpg?resize=400%2C241&amp;ssl=1 400w\" sizes=\"auto, (max-width: 580px) 100vw, 580px\" \/><figcaption id=\"caption-attachment-81871\" class=\"wp-caption-text\">Una de las afectadas procede a leer la carta de molestia de los vecinos en plena mesa del Concejo.<\/figcaption><\/figure>\n","protected":false},"excerpt":{"rendered":"<p>Alcalde reconoce equivocaci\u00f3n en el dise\u00f1o del proyecto en Calle Tocornal. Momentos de mucha tensi\u00f3n se vivieron ayer en la sesi\u00f3n del Concejo Municipal de San Felipe, por la visita de un&#8230;<\/p>\n","protected":false},"author":1,"featured_media":81871,"comment_status":"open","ping_status":"open","sticky":false,"template":"","format":"standard","meta":{"advanced_seo_description":"","jetpack_seo_html_title":"","jetpack_seo_noindex":false,"_jetpack_memberships_contains_paid_content":false,"footnotes":""},"categories":[1],"tags":[],"class_list":["post-81869","post","type-post","status-publish","format-standard","has-post-thumbnail","hentry","category-cronica"],"jetpack_featured_media_url":"https:\/\/i0.wp.com\/eltrabajo.cl\/portal\/wp-content\/uploads\/2017\/09\/Vecinos-lectura-carta.jpg?fit=580%2C349&ssl=1","jetpack_sharing_enabled":true,"jetpack_likes_enabled":true,"jetpack-related-posts":[],"_links":{"self":[{"href":"https:\/\/eltrabajo.cl\/portal\/wp-json\/wp\/v2\/posts\/81869","targetHints":{"allow":["GET"]}}],"collection":[{"href":"https:\/\/eltrabajo.cl\/portal\/wp-json\/wp\/v2\/posts"}],"about":[{"href":"https:\/\/eltrabajo.cl\/portal\/wp-json\/wp\/v2\/types\/post"}],"author":[{"embeddable":true,"href":"https:\/\/eltrabajo.cl\/portal\/wp-json\/wp\/v2\/users\/1"}],"replies":[{"embeddable":true,"href":"https:\/\/eltrabajo.cl\/portal\/wp-json\/wp\/v2\/comments?post=81869"}],"version-history":[{"count":0,"href":"https:\/\/eltrabajo.cl\/portal\/wp-json\/wp\/v2\/posts\/81869\/revisions"}],"wp:featuredmedia":[{"embeddable":true,"href":"https:\/\/eltrabajo.cl\/portal\/wp-json\/wp\/v2\/media\/81871"}],"wp:attachment":[{"href":"https:\/\/eltrabajo.cl\/portal\/wp-json\/wp\/v2\/media?parent=81869"}],"wp:term":[{"taxonomy":"category","embeddable":true,"href":"https:\/\/eltrabajo.cl\/portal\/wp-json\/wp\/v2\/categories?post=81869"},{"taxonomy":"post_tag","embeddable":true,"href":"https:\/\/eltrabajo.cl\/portal\/wp-json\/wp\/v2\/tags?post=81869"}],"curies":[{"name":"wp","href":"https:\/\/api.w.org\/{rel}","templated":true}]}}