{"id":81874,"date":"2017-09-27T05:04:11","date_gmt":"2017-09-27T09:04:11","guid":{"rendered":"http:\/\/www.eltrabajo.cl\/2017\/?p=81874"},"modified":"2017-09-27T05:04:11","modified_gmt":"2017-09-27T09:04:11","slug":"oftalmologa-del-san-camilo-realiza-pionera-cirugia-ocular-a-paciente","status":"publish","type":"post","link":"https:\/\/eltrabajo.cl\/portal\/oftalmologa-del-san-camilo-realiza-pionera-cirugia-ocular-a-paciente\/","title":{"rendered":"Oftalm\u00f3loga del San Camilo realiza pionera cirug\u00eda ocular a paciente"},"content":{"rendered":"<figure id=\"attachment_81876\" aria-describedby=\"caption-attachment-81876\" style=\"width: 580px\" class=\"wp-caption alignnone\"><img data-recalc-dims=\"1\" loading=\"lazy\" decoding=\"async\" class=\"size-full wp-image-81876\" src=\"https:\/\/i0.wp.com\/www.eltrabajo.cl\/2017\/wp-content\/uploads\/2017\/09\/cirugia-equipo-medico.jpg?resize=580%2C349\" alt=\"para la posteridad.- El equipo cl\u00ednico que particip\u00f3 de la pionera intervenci\u00f3n posa para Diario El Trabajo.\" width=\"580\" height=\"349\" srcset=\"https:\/\/i0.wp.com\/eltrabajo.cl\/portal\/wp-content\/uploads\/2017\/09\/cirugia-equipo-medico.jpg?w=580&amp;ssl=1 580w, https:\/\/i0.wp.com\/eltrabajo.cl\/portal\/wp-content\/uploads\/2017\/09\/cirugia-equipo-medico.jpg?resize=200%2C120&amp;ssl=1 200w, https:\/\/i0.wp.com\/eltrabajo.cl\/portal\/wp-content\/uploads\/2017\/09\/cirugia-equipo-medico.jpg?resize=300%2C181&amp;ssl=1 300w, https:\/\/i0.wp.com\/eltrabajo.cl\/portal\/wp-content\/uploads\/2017\/09\/cirugia-equipo-medico.jpg?resize=249%2C150&amp;ssl=1 249w, https:\/\/i0.wp.com\/eltrabajo.cl\/portal\/wp-content\/uploads\/2017\/09\/cirugia-equipo-medico.jpg?resize=400%2C241&amp;ssl=1 400w\" sizes=\"auto, (max-width: 580px) 100vw, 580px\" \/><figcaption id=\"caption-attachment-81876\" class=\"wp-caption-text\">para la posteridad.- El equipo cl\u00ednico que particip\u00f3 de la pionera intervenci\u00f3n posa para Diario El Trabajo.<\/figcaption><\/figure>\n<ul>\n<li><strong><span style=\"color: #ff0000;\">Trasplant\u00f3 membrana desde una placenta a su ojo:<\/span>\u00a0Moderna cirug\u00eda se realiza por primera vez en el establecimiento para tratar un \u2018pterigion\u2019 y consisti\u00f3 en la aplicaci\u00f3n de un fragmento de membrana amni\u00f3tica sobre la superficie ocular.<\/strong><\/li>\n<\/ul>\n<p>Una nueva y moderna t\u00e9cnica acaba de realizar en Pabell\u00f3n Central la oftalm\u00f3loga del Hospital San Camilo, Valeria Oliva Bi\u00e9nzobas, quien por primera vez en la zona, realiz\u00f3 un injerto de membrana amni\u00f3tica como forma de corregir un pterigion que se presentaba en ambos costados del ojo de una paciente de 56 a\u00f1os proveniente de San Felipe.<br \/>\nLa intervenci\u00f3n se desarroll\u00f3 sin mayores complicaciones en Pabell\u00f3n Central y se debi\u00f3 realizar debido a que la paciente ya hab\u00eda sido intervenida de pterigion en ojo derecho, el cual hab\u00eda vuelto a crecer, por lo que en esta oportunidad se decidi\u00f3 realizar este nueva t\u00e9cnica.<br \/>\nCabe destacar que el pterigion es una patolog\u00eda frecuente y que consiste en una especie de \u2018tela\u2019 o \u2018pellejito\u2019 que se forma en la parte blanca del ojo y que avanza hacia la c\u00f3rnea, produciendo problemas de visi\u00f3n.\u00a0Por su parte, la\u00a0membrana amni\u00f3tica\u00a0es una capa de la placenta humana que contiene sustancias naturales que ayudan a regenerar tejidos y controlar la inflamaci\u00f3n, por lo que su implante constituye una nueva terapia quir\u00fargica oftalmol\u00f3gica\u00a0que soluciona lesiones oculares como esta.<br \/>\n\u00abEstamos muy satisfechos de poder realizar esta intervenci\u00f3n en el establecimiento, ya que es una t\u00e9cnica que permite una mucho mejor recuperaci\u00f3n y mejor pron\u00f3stico para casos como el de la se\u00f1ora Jeannette, quien manten\u00eda pterigion nasal y temporal, lo que la alejaba de la cirug\u00eda convencional, y quien hubiera tenido que viajar a Santiago para realizarse este procedimiento, cuando ac\u00e1 lo obtuvo de manera gratuita\u00bb, sostuvo la Dra. Valeria Oliva.<br \/>\nLa intenci\u00f3n es poder seguir desarrollando esta t\u00e9cnica en el establecimiento, como forma de entregar m\u00e1s y mejores prestaciones y seguir avanzando en la complejidad de las intervenciones, de manera de evitar que los usuarios requieran viajar a otros centros asistenciales para obtener tratamiento.<br \/>\nPor su parte, la se\u00f1ora Jeannette Pardo, beneficiaria de la intervenci\u00f3n, asegur\u00f3 que pese al temor inicial, hoy se encuentra muy satisfecha por lo logrado: \u00abSab\u00eda que estaba en algo nuevo, pero gracias a Dios y a la doctora ya me siento mejor, pues la intervenci\u00f3n fue buena. Antes ten\u00eda mucha molestia, me dol\u00eda y se me inflamaba, adem\u00e1s me lloraba y el sol me molestaba. Ahora es distinto, porque voy recuper\u00e1ndome bien, as\u00ed que la atenci\u00f3n ha sido buena, sobre todo de parte de la doctora, esperamos que la recuperaci\u00f3n sea \u00f3ptima\u00bb, concluy\u00f3 esperanzada luego de su \u00faltimo control en donde ya le sacaron los puntos.<\/p>\n<figure id=\"attachment_81875\" aria-describedby=\"caption-attachment-81875\" style=\"width: 580px\" class=\"wp-caption alignnone\"><img data-recalc-dims=\"1\" loading=\"lazy\" decoding=\"async\" class=\"size-full wp-image-81875\" src=\"https:\/\/i0.wp.com\/www.eltrabajo.cl\/2017\/wp-content\/uploads\/2017\/09\/cirugia-equipo-en-accion.jpg?resize=580%2C753\" alt=\"EN ACCI\u00d3N.- El equipo m\u00e9dico en plena acci\u00f3n durante la compleja intervenci\u00f3n quir\u00fargica.\" width=\"580\" height=\"753\" srcset=\"https:\/\/i0.wp.com\/eltrabajo.cl\/portal\/wp-content\/uploads\/2017\/09\/cirugia-equipo-en-accion.jpg?w=580&amp;ssl=1 580w, https:\/\/i0.wp.com\/eltrabajo.cl\/portal\/wp-content\/uploads\/2017\/09\/cirugia-equipo-en-accion.jpg?resize=116%2C150&amp;ssl=1 116w, https:\/\/i0.wp.com\/eltrabajo.cl\/portal\/wp-content\/uploads\/2017\/09\/cirugia-equipo-en-accion.jpg?resize=231%2C300&amp;ssl=1 231w, https:\/\/i0.wp.com\/eltrabajo.cl\/portal\/wp-content\/uploads\/2017\/09\/cirugia-equipo-en-accion.jpg?resize=400%2C519&amp;ssl=1 400w\" sizes=\"auto, (max-width: 580px) 100vw, 580px\" \/><figcaption id=\"caption-attachment-81875\" class=\"wp-caption-text\">EN ACCI\u00d3N.- El equipo m\u00e9dico en plena acci\u00f3n durante la compleja intervenci\u00f3n quir\u00fargica.<\/figcaption><\/figure>\n<figure id=\"attachment_81877\" aria-describedby=\"caption-attachment-81877\" style=\"width: 580px\" class=\"wp-caption alignnone\"><img data-recalc-dims=\"1\" loading=\"lazy\" decoding=\"async\" class=\"size-full wp-image-81877\" src=\"https:\/\/i0.wp.com\/www.eltrabajo.cl\/2017\/wp-content\/uploads\/2017\/09\/cirugia-jeannete-pardo-dra-valeria-oliva.jpg?resize=580%2C349\" alt=\"FRANCA RECUPERACI\u00d3N.- En el \u00faltimo control realizado este lunes a la se\u00f1ora Jeannete Pardo, donde le fue retirada la sutura (los puntos), se pudo apreciar una recuperaci\u00f3n normal. En la foto junto a la Dra. Valeria Oliva.\" width=\"580\" height=\"349\" srcset=\"https:\/\/i0.wp.com\/eltrabajo.cl\/portal\/wp-content\/uploads\/2017\/09\/cirugia-jeannete-pardo-dra-valeria-oliva.jpg?w=580&amp;ssl=1 580w, https:\/\/i0.wp.com\/eltrabajo.cl\/portal\/wp-content\/uploads\/2017\/09\/cirugia-jeannete-pardo-dra-valeria-oliva.jpg?resize=200%2C120&amp;ssl=1 200w, https:\/\/i0.wp.com\/eltrabajo.cl\/portal\/wp-content\/uploads\/2017\/09\/cirugia-jeannete-pardo-dra-valeria-oliva.jpg?resize=300%2C181&amp;ssl=1 300w, https:\/\/i0.wp.com\/eltrabajo.cl\/portal\/wp-content\/uploads\/2017\/09\/cirugia-jeannete-pardo-dra-valeria-oliva.jpg?resize=249%2C150&amp;ssl=1 249w, https:\/\/i0.wp.com\/eltrabajo.cl\/portal\/wp-content\/uploads\/2017\/09\/cirugia-jeannete-pardo-dra-valeria-oliva.jpg?resize=400%2C241&amp;ssl=1 400w\" sizes=\"auto, (max-width: 580px) 100vw, 580px\" \/><figcaption id=\"caption-attachment-81877\" class=\"wp-caption-text\">FRANCA RECUPERACI\u00d3N.- En el \u00faltimo control realizado este lunes a la se\u00f1ora Jeannete Pardo, donde le fue retirada la sutura (los puntos), se pudo apreciar una recuperaci\u00f3n normal. En la foto junto a la Dra. Valeria Oliva.<\/figcaption><\/figure>\n","protected":false},"excerpt":{"rendered":"<p>Trasplant\u00f3 membrana desde una placenta a su ojo:\u00a0Moderna cirug\u00eda se realiza por primera vez en el establecimiento para tratar un \u2018pterigion\u2019 y consisti\u00f3 en la aplicaci\u00f3n de un fragmento de membrana amni\u00f3tica&#8230;<\/p>\n","protected":false},"author":1,"featured_media":81877,"comment_status":"open","ping_status":"open","sticky":false,"template":"","format":"standard","meta":{"advanced_seo_description":"","jetpack_seo_html_title":"","jetpack_seo_noindex":false,"_jetpack_memberships_contains_paid_content":false,"footnotes":""},"categories":[15],"tags":[],"class_list":["post-81874","post","type-post","status-publish","format-standard","has-post-thumbnail","hentry","category-comunidad"],"jetpack_featured_media_url":"https:\/\/i0.wp.com\/eltrabajo.cl\/portal\/wp-content\/uploads\/2017\/09\/cirugia-jeannete-pardo-dra-valeria-oliva.jpg?fit=580%2C349&ssl=1","jetpack_sharing_enabled":true,"jetpack_likes_enabled":true,"jetpack-related-posts":[],"_links":{"self":[{"href":"https:\/\/eltrabajo.cl\/portal\/wp-json\/wp\/v2\/posts\/81874","targetHints":{"allow":["GET"]}}],"collection":[{"href":"https:\/\/eltrabajo.cl\/portal\/wp-json\/wp\/v2\/posts"}],"about":[{"href":"https:\/\/eltrabajo.cl\/portal\/wp-json\/wp\/v2\/types\/post"}],"author":[{"embeddable":true,"href":"https:\/\/eltrabajo.cl\/portal\/wp-json\/wp\/v2\/users\/1"}],"replies":[{"embeddable":true,"href":"https:\/\/eltrabajo.cl\/portal\/wp-json\/wp\/v2\/comments?post=81874"}],"version-history":[{"count":0,"href":"https:\/\/eltrabajo.cl\/portal\/wp-json\/wp\/v2\/posts\/81874\/revisions"}],"wp:featuredmedia":[{"embeddable":true,"href":"https:\/\/eltrabajo.cl\/portal\/wp-json\/wp\/v2\/media\/81877"}],"wp:attachment":[{"href":"https:\/\/eltrabajo.cl\/portal\/wp-json\/wp\/v2\/media?parent=81874"}],"wp:term":[{"taxonomy":"category","embeddable":true,"href":"https:\/\/eltrabajo.cl\/portal\/wp-json\/wp\/v2\/categories?post=81874"},{"taxonomy":"post_tag","embeddable":true,"href":"https:\/\/eltrabajo.cl\/portal\/wp-json\/wp\/v2\/tags?post=81874"}],"curies":[{"name":"wp","href":"https:\/\/api.w.org\/{rel}","templated":true}]}}