{"id":82404,"date":"2017-10-23T05:01:32","date_gmt":"2017-10-23T09:01:32","guid":{"rendered":"http:\/\/www.eltrabajo.cl\/2017\/?p=82404"},"modified":"2017-10-23T05:01:32","modified_gmt":"2017-10-23T09:01:32","slug":"doce-karatecas-del-club-hodori-karate-fueron-promovidos-de-grado","status":"publish","type":"post","link":"https:\/\/eltrabajo.cl\/portal\/doce-karatecas-del-club-hodori-karate-fueron-promovidos-de-grado\/","title":{"rendered":"Doce karatecas del Club Hodori Karate fueron promovidos de grado"},"content":{"rendered":"<figure id=\"attachment_82405\" aria-describedby=\"caption-attachment-82405\" style=\"width: 580px\" class=\"wp-caption alignnone\"><img data-recalc-dims=\"1\" loading=\"lazy\" decoding=\"async\" class=\"size-full wp-image-82405\" src=\"https:\/\/i0.wp.com\/www.eltrabajo.cl\/2017\/wp-content\/uploads\/2017\/10\/Hodori1.jpg?resize=580%2C349\" alt=\"FUERZA DEL KARATE.- Ellos son parte de la gran familia del Karate sanfelipe\u00f1o, sus ni\u00f1os, chicas y j\u00f3venes del Club Hodori Karate, de San Felipe.\" width=\"580\" height=\"349\" srcset=\"https:\/\/i0.wp.com\/eltrabajo.cl\/portal\/wp-content\/uploads\/2017\/10\/Hodori1.jpg?w=580&amp;ssl=1 580w, https:\/\/i0.wp.com\/eltrabajo.cl\/portal\/wp-content\/uploads\/2017\/10\/Hodori1.jpg?resize=200%2C120&amp;ssl=1 200w, https:\/\/i0.wp.com\/eltrabajo.cl\/portal\/wp-content\/uploads\/2017\/10\/Hodori1.jpg?resize=300%2C181&amp;ssl=1 300w, https:\/\/i0.wp.com\/eltrabajo.cl\/portal\/wp-content\/uploads\/2017\/10\/Hodori1.jpg?resize=249%2C150&amp;ssl=1 249w, https:\/\/i0.wp.com\/eltrabajo.cl\/portal\/wp-content\/uploads\/2017\/10\/Hodori1.jpg?resize=400%2C241&amp;ssl=1 400w\" sizes=\"auto, (max-width: 580px) 100vw, 580px\" \/><figcaption id=\"caption-attachment-82405\" class=\"wp-caption-text\">FUERZA DEL KARATE.- Ellos son parte de la gran familia del Karate sanfelipe\u00f1o, sus ni\u00f1os, chicas y j\u00f3venes del Club Hodori Karate, de San Felipe.<\/figcaption><\/figure>\n<ul>\n<li><span style=\"color: #ff0000;\"><strong>Tambi\u00e9n premiaron la labor period\u00edstica de Diario El Trabajo:<\/strong><\/span><\/li>\n<\/ul>\n<p>Ayer domingo en horas de la tarde y para deleite y provecho de los deportistas que sostienen vivo al Club Deportivo Marcela Sabaj al alero del Club de Artes Marciales Hodori Karate, de San Felipe, su Sensei V\u00edctor Caballero Astudillo desarroll\u00f3 en la sede vecinal Unco de Las Palmeras la promoci\u00f3n de grados para sus estudiantes.<br \/>\nSe trata de doce de los m\u00e1s destacados karatecas de los 60 que componen este grupo de deportistas sanfelipe\u00f1os, quienes despu\u00e9s de superar exitosamente los ex\u00e1menes frente a expertos maestros de Artes Marciales y para alegr\u00eda tambi\u00e9n de sus apoderados, recibieron excelentes calificaciones. Los aplausos y abrazos fueron m\u00e1s que sinceros, pues ellos se han esforzado durante muchos a\u00f1os para lograr obtener estos grados.<\/p>\n<p><span style=\"color: #ff0000;\"><strong>RECONOCIMIENTO A DIARIO EL TRABAJO<\/strong><\/span><br \/>\nUna de las sorpresas de la jornada la dio el propio Sensei V\u00edctor Caballero, quien hizo entrega de un reconocimiento especial o premio a Diario El Trabajo, en virtud del apoyo que nuestro medio siempre brinda a este grupo de deportistas, quienes siguen creciendo como personas y atletas.<br \/>\n\u00abNo solamente estamos felices de poder reconocer a nuestros ni\u00f1os y j\u00f3venes deportistas del club, sino tambi\u00e9n por dar las gracias p\u00fablicamente a Diario El Trabajo, porque este medio nos ha acompa\u00f1ado en las buenas y en las malas, cuando regresamos de los campeonatos cargados de medallas y copas, y tambi\u00e9n cuando no logramos cosechar muchas, tambi\u00e9n doy gracias a los apoderados, a las autoridades de nuestra comuna, a los mismos ni\u00f1os que tanto luchan por perfeccionarse en lo personal, a los otros maestros y academias de Karate, a todos muchas gracias\u00bb, dijo emocionado Caballero a nuestro medio.<br \/>\nEste a\u00f1o el Club Hodori Karate particip\u00f3 por primera vez a nivel internacional, la joven Hillary Castillo regres\u00f3 a nuestro pa\u00eds de Argentina con el tercer lugar en su categor\u00eda, luego que se viera la cara con las mejores de la regi\u00f3n.<br \/>\n<strong>Roberto Gonz\u00e1lez Short<\/strong><\/p>\n<figure id=\"attachment_82406\" aria-describedby=\"caption-attachment-82406\" style=\"width: 580px\" class=\"wp-caption alignnone\"><img data-recalc-dims=\"1\" loading=\"lazy\" decoding=\"async\" class=\"size-full wp-image-82406\" src=\"https:\/\/i0.wp.com\/www.eltrabajo.cl\/2017\/wp-content\/uploads\/2017\/10\/Hodori2.jpg?resize=580%2C348\" alt=\"PREMIO PARA EL DIARIO.- El Sensei V\u00edctor Caballero hizo entrega de la placa conmemorativa a un reportero de nuestro medio.\" width=\"580\" height=\"348\" srcset=\"https:\/\/i0.wp.com\/eltrabajo.cl\/portal\/wp-content\/uploads\/2017\/10\/Hodori2.jpg?w=580&amp;ssl=1 580w, https:\/\/i0.wp.com\/eltrabajo.cl\/portal\/wp-content\/uploads\/2017\/10\/Hodori2.jpg?resize=200%2C120&amp;ssl=1 200w, https:\/\/i0.wp.com\/eltrabajo.cl\/portal\/wp-content\/uploads\/2017\/10\/Hodori2.jpg?resize=300%2C180&amp;ssl=1 300w, https:\/\/i0.wp.com\/eltrabajo.cl\/portal\/wp-content\/uploads\/2017\/10\/Hodori2.jpg?resize=250%2C150&amp;ssl=1 250w, https:\/\/i0.wp.com\/eltrabajo.cl\/portal\/wp-content\/uploads\/2017\/10\/Hodori2.jpg?resize=400%2C240&amp;ssl=1 400w\" sizes=\"auto, (max-width: 580px) 100vw, 580px\" \/><figcaption id=\"caption-attachment-82406\" class=\"wp-caption-text\">PREMIO PARA EL DIARIO.- El Sensei V\u00edctor Caballero hizo entrega de la placa conmemorativa a un reportero de nuestro medio.<\/figcaption><\/figure>\n<figure id=\"attachment_82407\" aria-describedby=\"caption-attachment-82407\" style=\"width: 580px\" class=\"wp-caption alignnone\"><img data-recalc-dims=\"1\" loading=\"lazy\" decoding=\"async\" class=\"size-full wp-image-82407\" src=\"https:\/\/i0.wp.com\/www.eltrabajo.cl\/2017\/wp-content\/uploads\/2017\/10\/Hodori3.jpg?resize=580%2C349\" alt=\"SIGUEN CRECIENDO.- Aqu\u00ed tenemos a varios maestros con sus alumnos, quienes recibieron su respectivo diploma y cintur\u00f3n de Artes Marciales.\" width=\"580\" height=\"349\" srcset=\"https:\/\/i0.wp.com\/eltrabajo.cl\/portal\/wp-content\/uploads\/2017\/10\/Hodori3.jpg?w=580&amp;ssl=1 580w, https:\/\/i0.wp.com\/eltrabajo.cl\/portal\/wp-content\/uploads\/2017\/10\/Hodori3.jpg?resize=200%2C120&amp;ssl=1 200w, https:\/\/i0.wp.com\/eltrabajo.cl\/portal\/wp-content\/uploads\/2017\/10\/Hodori3.jpg?resize=300%2C181&amp;ssl=1 300w, https:\/\/i0.wp.com\/eltrabajo.cl\/portal\/wp-content\/uploads\/2017\/10\/Hodori3.jpg?resize=249%2C150&amp;ssl=1 249w, https:\/\/i0.wp.com\/eltrabajo.cl\/portal\/wp-content\/uploads\/2017\/10\/Hodori3.jpg?resize=400%2C241&amp;ssl=1 400w\" sizes=\"auto, (max-width: 580px) 100vw, 580px\" \/><figcaption id=\"caption-attachment-82407\" class=\"wp-caption-text\">SIGUEN CRECIENDO.- Aqu\u00ed tenemos a varios maestros con sus alumnos, quienes recibieron su respectivo diploma y cintur\u00f3n de Artes Marciales.<\/figcaption><\/figure>\n","protected":false},"excerpt":{"rendered":"<p>Tambi\u00e9n premiaron la labor period\u00edstica de Diario El Trabajo: Ayer domingo en horas de la tarde y para deleite y provecho de los deportistas que sostienen vivo al Club Deportivo Marcela Sabaj&#8230;<\/p>\n","protected":false},"author":1,"featured_media":82405,"comment_status":"open","ping_status":"open","sticky":false,"template":"","format":"standard","meta":{"advanced_seo_description":"","jetpack_seo_html_title":"","jetpack_seo_noindex":false,"_jetpack_memberships_contains_paid_content":false,"footnotes":""},"categories":[15],"tags":[],"class_list":["post-82404","post","type-post","status-publish","format-standard","has-post-thumbnail","hentry","category-comunidad"],"jetpack_featured_media_url":"https:\/\/i0.wp.com\/eltrabajo.cl\/portal\/wp-content\/uploads\/2017\/10\/Hodori1.jpg?fit=580%2C349&ssl=1","jetpack_sharing_enabled":true,"jetpack_likes_enabled":true,"jetpack-related-posts":[],"_links":{"self":[{"href":"https:\/\/eltrabajo.cl\/portal\/wp-json\/wp\/v2\/posts\/82404","targetHints":{"allow":["GET"]}}],"collection":[{"href":"https:\/\/eltrabajo.cl\/portal\/wp-json\/wp\/v2\/posts"}],"about":[{"href":"https:\/\/eltrabajo.cl\/portal\/wp-json\/wp\/v2\/types\/post"}],"author":[{"embeddable":true,"href":"https:\/\/eltrabajo.cl\/portal\/wp-json\/wp\/v2\/users\/1"}],"replies":[{"embeddable":true,"href":"https:\/\/eltrabajo.cl\/portal\/wp-json\/wp\/v2\/comments?post=82404"}],"version-history":[{"count":0,"href":"https:\/\/eltrabajo.cl\/portal\/wp-json\/wp\/v2\/posts\/82404\/revisions"}],"wp:featuredmedia":[{"embeddable":true,"href":"https:\/\/eltrabajo.cl\/portal\/wp-json\/wp\/v2\/media\/82405"}],"wp:attachment":[{"href":"https:\/\/eltrabajo.cl\/portal\/wp-json\/wp\/v2\/media?parent=82404"}],"wp:term":[{"taxonomy":"category","embeddable":true,"href":"https:\/\/eltrabajo.cl\/portal\/wp-json\/wp\/v2\/categories?post=82404"},{"taxonomy":"post_tag","embeddable":true,"href":"https:\/\/eltrabajo.cl\/portal\/wp-json\/wp\/v2\/tags?post=82404"}],"curies":[{"name":"wp","href":"https:\/\/api.w.org\/{rel}","templated":true}]}}