{"id":82409,"date":"2017-10-23T05:02:29","date_gmt":"2017-10-23T09:02:29","guid":{"rendered":"http:\/\/www.eltrabajo.cl\/2017\/?p=82409"},"modified":"2017-10-23T05:02:29","modified_gmt":"2017-10-23T09:02:29","slug":"conductor-grave-tras-chocar-contra-paradero-en-ruta-60-ch","status":"publish","type":"post","link":"https:\/\/eltrabajo.cl\/portal\/conductor-grave-tras-chocar-contra-paradero-en-ruta-60-ch\/","title":{"rendered":"Conductor grave tras chocar contra paradero en Ruta 60 CH"},"content":{"rendered":"<figure id=\"attachment_82411\" aria-describedby=\"caption-attachment-82411\" style=\"width: 580px\" class=\"wp-caption alignnone\"><img data-recalc-dims=\"1\" loading=\"lazy\" decoding=\"async\" class=\"size-full wp-image-82411\" src=\"https:\/\/i0.wp.com\/www.eltrabajo.cl\/2017\/wp-content\/uploads\/2017\/10\/ACCIDENTE-ESCORIAL-2.jpg?resize=580%2C349\" alt=\"Personal de Bomberos, el Samu y Carabineros, durante la emergencia que dej\u00f3 como saldo un conductor de 31 a\u00f1os de edad en estado grave.\" width=\"580\" height=\"349\" srcset=\"https:\/\/i0.wp.com\/eltrabajo.cl\/portal\/wp-content\/uploads\/2017\/10\/ACCIDENTE-ESCORIAL-2.jpg?w=580&amp;ssl=1 580w, https:\/\/i0.wp.com\/eltrabajo.cl\/portal\/wp-content\/uploads\/2017\/10\/ACCIDENTE-ESCORIAL-2.jpg?resize=200%2C120&amp;ssl=1 200w, https:\/\/i0.wp.com\/eltrabajo.cl\/portal\/wp-content\/uploads\/2017\/10\/ACCIDENTE-ESCORIAL-2.jpg?resize=300%2C181&amp;ssl=1 300w, https:\/\/i0.wp.com\/eltrabajo.cl\/portal\/wp-content\/uploads\/2017\/10\/ACCIDENTE-ESCORIAL-2.jpg?resize=249%2C150&amp;ssl=1 249w, https:\/\/i0.wp.com\/eltrabajo.cl\/portal\/wp-content\/uploads\/2017\/10\/ACCIDENTE-ESCORIAL-2.jpg?resize=400%2C241&amp;ssl=1 400w\" sizes=\"auto, (max-width: 580px) 100vw, 580px\" \/><figcaption id=\"caption-attachment-82411\" class=\"wp-caption-text\">Personal de Bomberos, el Samu y Carabineros, durante la emergencia que dej\u00f3 como saldo un conductor de 31 a\u00f1os de edad en estado grave.<\/figcaption><\/figure>\n<ul>\n<li><strong><span style=\"color: #ff0000;\">Accidente se registr\u00f3 la ma\u00f1ana de ayer domingo:<\/span>\u00a0El automovilista habr\u00eda adelantado un bus en dicho ruta, perdiendo el control de su m\u00f3vil, estrell\u00e1ndose a gran velocidad contra un paradero de locomoci\u00f3n colectiva y un poste.<\/strong><\/li>\n<\/ul>\n<p>En estado grave fue rescatado el conductor de un veh\u00edculo identificado como Claudio Viveros Sanhueza, de 31 a\u00f1os de edad, quien circulaba por la ruta 60 CH a la altura del kil\u00f3metro 24 en el sector El Escorial de Panquehue, donde aparentemente tras adelantar a un bus, perdi\u00f3 el control de su m\u00f3vil impactando a gran velocidad contra un paradero de locomoci\u00f3n colectiva para culminar estrell\u00e1ndose contra un \u00e1rbol y un poste el tendido el\u00e9ctrico.<br \/>\nA ra\u00edz de este grave accidente ocurrido alrededor de las 11:20 horas de ayer domingo, el conductor del m\u00f3vil placa patente RX 91 29, quien se desplazaba de oriente a poniente, debi\u00f3 ser rescatado por personal de Bomberos desde el veh\u00edculo que literalmente qued\u00f3 partido en dos, lo que refleja la magnitud del impacto, debiendo ser trasladado por el Samu hasta un centro hospitalario bajo diagn\u00f3stico reservado, seg\u00fan inform\u00f3 Carabineros.<br \/>\nDurante la emergencia no se habr\u00edan registrado otras personas lesionadas ni veh\u00edculos involucrados en este accidente, no obstante el conductor del m\u00f3vil domiciliado en el sector El Escorial de Panquehue, permanece en estado grave a consecuencia del lamentable accidente de tr\u00e1nsito.<br \/>\n<strong>Pablo Salinas Sald\u00edas<\/strong><\/p>\n<figure id=\"attachment_82410\" aria-describedby=\"caption-attachment-82410\" style=\"width: 580px\" class=\"wp-caption alignnone\"><img data-recalc-dims=\"1\" loading=\"lazy\" decoding=\"async\" class=\"size-full wp-image-82410\" src=\"https:\/\/i0.wp.com\/www.eltrabajo.cl\/2017\/wp-content\/uploads\/2017\/10\/ACCIDENTE-ESCORIAL-1.jpg?resize=580%2C349\" alt=\"La magnitud de accidente ocurrido la ma\u00f1ana de ayer domingo en el sector Escorial de Panquehue dejando el veh\u00edculo desintegrado.\" width=\"580\" height=\"349\" srcset=\"https:\/\/i0.wp.com\/eltrabajo.cl\/portal\/wp-content\/uploads\/2017\/10\/ACCIDENTE-ESCORIAL-1.jpg?w=580&amp;ssl=1 580w, https:\/\/i0.wp.com\/eltrabajo.cl\/portal\/wp-content\/uploads\/2017\/10\/ACCIDENTE-ESCORIAL-1.jpg?resize=200%2C120&amp;ssl=1 200w, https:\/\/i0.wp.com\/eltrabajo.cl\/portal\/wp-content\/uploads\/2017\/10\/ACCIDENTE-ESCORIAL-1.jpg?resize=300%2C181&amp;ssl=1 300w, https:\/\/i0.wp.com\/eltrabajo.cl\/portal\/wp-content\/uploads\/2017\/10\/ACCIDENTE-ESCORIAL-1.jpg?resize=249%2C150&amp;ssl=1 249w, https:\/\/i0.wp.com\/eltrabajo.cl\/portal\/wp-content\/uploads\/2017\/10\/ACCIDENTE-ESCORIAL-1.jpg?resize=400%2C241&amp;ssl=1 400w\" sizes=\"auto, (max-width: 580px) 100vw, 580px\" \/><figcaption id=\"caption-attachment-82410\" class=\"wp-caption-text\">La magnitud de accidente ocurrido la ma\u00f1ana de ayer domingo en el sector Escorial de Panquehue dejando el veh\u00edculo desintegrado.<\/figcaption><\/figure>\n","protected":false},"excerpt":{"rendered":"<p>Accidente se registr\u00f3 la ma\u00f1ana de ayer domingo:\u00a0El automovilista habr\u00eda adelantado un bus en dicho ruta, perdiendo el control de su m\u00f3vil, estrell\u00e1ndose a gran velocidad contra un paradero de locomoci\u00f3n colectiva&#8230;<\/p>\n","protected":false},"author":1,"featured_media":82410,"comment_status":"open","ping_status":"open","sticky":false,"template":"","format":"standard","meta":{"advanced_seo_description":"","jetpack_seo_html_title":"","jetpack_seo_noindex":false,"_jetpack_memberships_contains_paid_content":false,"footnotes":""},"categories":[21],"tags":[],"class_list":["post-82409","post","type-post","status-publish","format-standard","has-post-thumbnail","hentry","category-policial"],"jetpack_featured_media_url":"https:\/\/i0.wp.com\/eltrabajo.cl\/portal\/wp-content\/uploads\/2017\/10\/ACCIDENTE-ESCORIAL-1.jpg?fit=580%2C349&ssl=1","jetpack_sharing_enabled":true,"jetpack_likes_enabled":true,"jetpack-related-posts":[],"_links":{"self":[{"href":"https:\/\/eltrabajo.cl\/portal\/wp-json\/wp\/v2\/posts\/82409","targetHints":{"allow":["GET"]}}],"collection":[{"href":"https:\/\/eltrabajo.cl\/portal\/wp-json\/wp\/v2\/posts"}],"about":[{"href":"https:\/\/eltrabajo.cl\/portal\/wp-json\/wp\/v2\/types\/post"}],"author":[{"embeddable":true,"href":"https:\/\/eltrabajo.cl\/portal\/wp-json\/wp\/v2\/users\/1"}],"replies":[{"embeddable":true,"href":"https:\/\/eltrabajo.cl\/portal\/wp-json\/wp\/v2\/comments?post=82409"}],"version-history":[{"count":0,"href":"https:\/\/eltrabajo.cl\/portal\/wp-json\/wp\/v2\/posts\/82409\/revisions"}],"wp:featuredmedia":[{"embeddable":true,"href":"https:\/\/eltrabajo.cl\/portal\/wp-json\/wp\/v2\/media\/82410"}],"wp:attachment":[{"href":"https:\/\/eltrabajo.cl\/portal\/wp-json\/wp\/v2\/media?parent=82409"}],"wp:term":[{"taxonomy":"category","embeddable":true,"href":"https:\/\/eltrabajo.cl\/portal\/wp-json\/wp\/v2\/categories?post=82409"},{"taxonomy":"post_tag","embeddable":true,"href":"https:\/\/eltrabajo.cl\/portal\/wp-json\/wp\/v2\/tags?post=82409"}],"curies":[{"name":"wp","href":"https:\/\/api.w.org\/{rel}","templated":true}]}}