{"id":82430,"date":"2017-10-24T05:00:14","date_gmt":"2017-10-24T09:00:14","guid":{"rendered":"http:\/\/www.eltrabajo.cl\/2017\/?p=82430"},"modified":"2017-10-24T05:00:14","modified_gmt":"2017-10-24T09:00:14","slug":"coro-adulto-mayor-de-san-felipe-de-gira-por-el-norte-y-peru","status":"publish","type":"post","link":"https:\/\/eltrabajo.cl\/portal\/coro-adulto-mayor-de-san-felipe-de-gira-por-el-norte-y-peru\/","title":{"rendered":"Coro Adulto Mayor de San Felipe de gira por el Norte y Per\u00fa"},"content":{"rendered":"<figure id=\"attachment_82432\" aria-describedby=\"caption-attachment-82432\" style=\"width: 580px\" class=\"wp-caption alignnone\"><img data-recalc-dims=\"1\" loading=\"lazy\" decoding=\"async\" class=\"size-full wp-image-82432\" src=\"https:\/\/i0.wp.com\/www.eltrabajo.cl\/2017\/wp-content\/uploads\/2017\/10\/Coro1.jpg?resize=580%2C350\" alt=\"CORISTAS DE VIAJE.- Aqu\u00ed vemos a estos viajeros coristas por tierras del norte de nuestro pa\u00eds.\" width=\"580\" height=\"350\" srcset=\"https:\/\/i0.wp.com\/eltrabajo.cl\/portal\/wp-content\/uploads\/2017\/10\/Coro1.jpg?w=580&amp;ssl=1 580w, https:\/\/i0.wp.com\/eltrabajo.cl\/portal\/wp-content\/uploads\/2017\/10\/Coro1.jpg?resize=200%2C121&amp;ssl=1 200w, https:\/\/i0.wp.com\/eltrabajo.cl\/portal\/wp-content\/uploads\/2017\/10\/Coro1.jpg?resize=300%2C181&amp;ssl=1 300w, https:\/\/i0.wp.com\/eltrabajo.cl\/portal\/wp-content\/uploads\/2017\/10\/Coro1.jpg?resize=249%2C150&amp;ssl=1 249w, https:\/\/i0.wp.com\/eltrabajo.cl\/portal\/wp-content\/uploads\/2017\/10\/Coro1.jpg?resize=400%2C241&amp;ssl=1 400w\" sizes=\"auto, (max-width: 580px) 100vw, 580px\" \/><figcaption id=\"caption-attachment-82432\" class=\"wp-caption-text\">CORISTAS DE VIAJE.- Aqu\u00ed vemos a estos viajeros coristas por tierras del norte de nuestro pa\u00eds.<\/figcaption><\/figure>\n<p>Una nueva y exitosa gira anual es la que realizaron los miembros del Coro Adulto Mayor de San Felipe. Este a\u00f1o viajaron 34 coristas a varias ciudades de Chile y Per\u00fa, mismas que les recibieron con los brazos abiertos. Se trata de uno de los proyectos art\u00edsticos m\u00e1s emblem\u00e1ticos de la Tercera Edad que funciona en nuestra comuna desde hace siete a\u00f1os.<br \/>\nDiario El Trabajo habl\u00f3 con el relacionador p\u00fablico del coro, don El\u00edas Tapia Guerrero, quien nos coment\u00f3 que \u00abfue un viaje muy productivo, visitamos ciudades como Arica, estuvimos en el Morro, Bah\u00eda Inglesa, Antofagasta, La Tirana e Iquique, tambi\u00e9n llegamos a Tacna. En varias ciudades de estas pudimos presentarnos oficialmente, por ejemplo en Arica fuimos recibidos por el Coro Adulto Mayor, ah\u00ed nos presentamos en la Casa de la Cultura, de igual forma en otras ciudades\u00bb, coment\u00f3 Tapia.<br \/>\nHay que recordar que estos coristas se autofinancian con Bingos y Rifas, pero tambi\u00e9n reciben apoyo del Municipio de San Felipe. La gira dur\u00f3 doce d\u00edas y en total fueron seis las presentaciones desarrolladas en p\u00fablico.<br \/>\n<strong>Roberto Gonz\u00e1lez Short<\/strong><\/p>\n<figure id=\"attachment_82431\" aria-describedby=\"caption-attachment-82431\" style=\"width: 580px\" class=\"wp-caption alignnone\"><img data-recalc-dims=\"1\" loading=\"lazy\" decoding=\"async\" class=\"size-full wp-image-82431\" src=\"https:\/\/i0.wp.com\/www.eltrabajo.cl\/2017\/wp-content\/uploads\/2017\/10\/Coro_Elias-Tapia-Guerrero.jpg?resize=580%2C349\" alt=\"Relacionador p\u00fablico del coro, don El\u00edas Tapia Guerrero.\" width=\"580\" height=\"349\" srcset=\"https:\/\/i0.wp.com\/eltrabajo.cl\/portal\/wp-content\/uploads\/2017\/10\/Coro_Elias-Tapia-Guerrero.jpg?w=580&amp;ssl=1 580w, https:\/\/i0.wp.com\/eltrabajo.cl\/portal\/wp-content\/uploads\/2017\/10\/Coro_Elias-Tapia-Guerrero.jpg?resize=200%2C120&amp;ssl=1 200w, https:\/\/i0.wp.com\/eltrabajo.cl\/portal\/wp-content\/uploads\/2017\/10\/Coro_Elias-Tapia-Guerrero.jpg?resize=300%2C181&amp;ssl=1 300w, https:\/\/i0.wp.com\/eltrabajo.cl\/portal\/wp-content\/uploads\/2017\/10\/Coro_Elias-Tapia-Guerrero.jpg?resize=249%2C150&amp;ssl=1 249w, https:\/\/i0.wp.com\/eltrabajo.cl\/portal\/wp-content\/uploads\/2017\/10\/Coro_Elias-Tapia-Guerrero.jpg?resize=400%2C241&amp;ssl=1 400w\" sizes=\"auto, (max-width: 580px) 100vw, 580px\" \/><figcaption id=\"caption-attachment-82431\" class=\"wp-caption-text\">Relacionador p\u00fablico del coro, don El\u00edas Tapia Guerrero.<\/figcaption><\/figure>\n<figure id=\"attachment_82433\" aria-describedby=\"caption-attachment-82433\" style=\"width: 579px\" class=\"wp-caption alignnone\"><img data-recalc-dims=\"1\" loading=\"lazy\" decoding=\"async\" class=\"size-full wp-image-82433\" src=\"https:\/\/i0.wp.com\/www.eltrabajo.cl\/2017\/wp-content\/uploads\/2017\/10\/Coro2.jpg?resize=579%2C704\" alt=\"INTERNACIONALES.- Ya en Tacna, estos sanfelipe\u00f1os disfrutaron de la ciudad y tambi\u00e9n alegraron a los peruanos.\" width=\"579\" height=\"704\" srcset=\"https:\/\/i0.wp.com\/eltrabajo.cl\/portal\/wp-content\/uploads\/2017\/10\/Coro2.jpg?w=579&amp;ssl=1 579w, https:\/\/i0.wp.com\/eltrabajo.cl\/portal\/wp-content\/uploads\/2017\/10\/Coro2.jpg?resize=123%2C150&amp;ssl=1 123w, https:\/\/i0.wp.com\/eltrabajo.cl\/portal\/wp-content\/uploads\/2017\/10\/Coro2.jpg?resize=247%2C300&amp;ssl=1 247w, https:\/\/i0.wp.com\/eltrabajo.cl\/portal\/wp-content\/uploads\/2017\/10\/Coro2.jpg?resize=400%2C486&amp;ssl=1 400w\" sizes=\"auto, (max-width: 579px) 100vw, 579px\" \/><figcaption id=\"caption-attachment-82433\" class=\"wp-caption-text\">INTERNACIONALES.- Ya en Tacna, estos sanfelipe\u00f1os disfrutaron de la ciudad y tambi\u00e9n alegraron a los peruanos.<\/figcaption><\/figure>\n","protected":false},"excerpt":{"rendered":"<p>Una nueva y exitosa gira anual es la que realizaron los miembros del Coro Adulto Mayor de San Felipe. Este a\u00f1o viajaron 34 coristas a varias ciudades de Chile y Per\u00fa, mismas&#8230;<\/p>\n","protected":false},"author":1,"featured_media":82432,"comment_status":"open","ping_status":"open","sticky":false,"template":"","format":"standard","meta":{"advanced_seo_description":"","jetpack_seo_html_title":"","jetpack_seo_noindex":false,"_jetpack_memberships_contains_paid_content":false,"footnotes":""},"categories":[15],"tags":[],"class_list":["post-82430","post","type-post","status-publish","format-standard","has-post-thumbnail","hentry","category-comunidad"],"jetpack_featured_media_url":"https:\/\/i0.wp.com\/eltrabajo.cl\/portal\/wp-content\/uploads\/2017\/10\/Coro1.jpg?fit=580%2C350&ssl=1","jetpack_sharing_enabled":true,"jetpack_likes_enabled":true,"jetpack-related-posts":[],"_links":{"self":[{"href":"https:\/\/eltrabajo.cl\/portal\/wp-json\/wp\/v2\/posts\/82430","targetHints":{"allow":["GET"]}}],"collection":[{"href":"https:\/\/eltrabajo.cl\/portal\/wp-json\/wp\/v2\/posts"}],"about":[{"href":"https:\/\/eltrabajo.cl\/portal\/wp-json\/wp\/v2\/types\/post"}],"author":[{"embeddable":true,"href":"https:\/\/eltrabajo.cl\/portal\/wp-json\/wp\/v2\/users\/1"}],"replies":[{"embeddable":true,"href":"https:\/\/eltrabajo.cl\/portal\/wp-json\/wp\/v2\/comments?post=82430"}],"version-history":[{"count":0,"href":"https:\/\/eltrabajo.cl\/portal\/wp-json\/wp\/v2\/posts\/82430\/revisions"}],"wp:featuredmedia":[{"embeddable":true,"href":"https:\/\/eltrabajo.cl\/portal\/wp-json\/wp\/v2\/media\/82432"}],"wp:attachment":[{"href":"https:\/\/eltrabajo.cl\/portal\/wp-json\/wp\/v2\/media?parent=82430"}],"wp:term":[{"taxonomy":"category","embeddable":true,"href":"https:\/\/eltrabajo.cl\/portal\/wp-json\/wp\/v2\/categories?post=82430"},{"taxonomy":"post_tag","embeddable":true,"href":"https:\/\/eltrabajo.cl\/portal\/wp-json\/wp\/v2\/tags?post=82430"}],"curies":[{"name":"wp","href":"https:\/\/api.w.org\/{rel}","templated":true}]}}