{"id":82438,"date":"2017-10-24T05:02:20","date_gmt":"2017-10-24T09:02:20","guid":{"rendered":"http:\/\/www.eltrabajo.cl\/2017\/?p=82438"},"modified":"2017-10-24T05:02:20","modified_gmt":"2017-10-24T09:02:20","slug":"condenado-a-tres-anos-de-carcel-por-apunalar-en-el-abdomen-a-su-pareja","status":"publish","type":"post","link":"https:\/\/eltrabajo.cl\/portal\/condenado-a-tres-anos-de-carcel-por-apunalar-en-el-abdomen-a-su-pareja\/","title":{"rendered":"Condenado a tres a\u00f1os de c\u00e1rcel por apu\u00f1alar en el abdomen a su pareja"},"content":{"rendered":"<figure id=\"attachment_82439\" aria-describedby=\"caption-attachment-82439\" style=\"width: 580px\" class=\"wp-caption alignnone\"><img data-recalc-dims=\"1\" loading=\"lazy\" decoding=\"async\" class=\"size-full wp-image-82439\" src=\"https:\/\/i0.wp.com\/www.eltrabajo.cl\/2017\/wp-content\/uploads\/2017\/10\/MUJER-LESIONADA.jpg?resize=580%2C349\" alt=\"El agresor fue sentenciado a la pena de tres a\u00f1os de c\u00e1rcel tras apu\u00f1alar a su pareja a principios de este a\u00f1o en la comuna de Panquehue. (Foto Referencial).\" width=\"580\" height=\"349\" srcset=\"https:\/\/i0.wp.com\/eltrabajo.cl\/portal\/wp-content\/uploads\/2017\/10\/MUJER-LESIONADA.jpg?w=580&amp;ssl=1 580w, https:\/\/i0.wp.com\/eltrabajo.cl\/portal\/wp-content\/uploads\/2017\/10\/MUJER-LESIONADA.jpg?resize=200%2C120&amp;ssl=1 200w, https:\/\/i0.wp.com\/eltrabajo.cl\/portal\/wp-content\/uploads\/2017\/10\/MUJER-LESIONADA.jpg?resize=300%2C181&amp;ssl=1 300w, https:\/\/i0.wp.com\/eltrabajo.cl\/portal\/wp-content\/uploads\/2017\/10\/MUJER-LESIONADA.jpg?resize=249%2C150&amp;ssl=1 249w, https:\/\/i0.wp.com\/eltrabajo.cl\/portal\/wp-content\/uploads\/2017\/10\/MUJER-LESIONADA.jpg?resize=400%2C241&amp;ssl=1 400w\" sizes=\"auto, (max-width: 580px) 100vw, 580px\" \/><figcaption id=\"caption-attachment-82439\" class=\"wp-caption-text\">El agresor fue sentenciado a la pena de tres a\u00f1os de c\u00e1rcel tras apu\u00f1alar a su pareja a principios de este a\u00f1o en la comuna de Panquehue. (Foto Referencial).<\/figcaption><\/figure>\n<ul>\n<li><strong><span style=\"color: #ff0000;\">V\u00edctima sobrevivi\u00f3 al brutal ataque ocurrido en Panquehue:\u00a0<\/span>Sentencia del Tribunal Oral en Lo Penal de San Felipe desestim\u00f3 tesis de la Fiscal\u00eda que acusaba un Femicidio Frustrado, recalificando el delito como lesiones menos graves resultando v\u00edctima una mujer.<\/strong><\/li>\n<\/ul>\n<p>A cumplir una pena de tres a\u00f1os de presidio efectivo fue la resoluci\u00f3n judicial emanada del Tribunal Oral en Lo Penal de San Felipe en contra de \u00c1ngel Altamirano Silva, quien fue enjuiciado la semana pasada, tras haber apu\u00f1alado a su pareja en el abdomen a principios de este a\u00f1o en la comuna de Panquehue.<br \/>\nComo se recordar\u00e1 el Fiscal Alejandro Bustos Ibarra acus\u00f3 los hechos ocurridos el d\u00eda 2 de enero de 2017, pasada la medianoche, en los momentos en que la pareja celebraba el inicio de a\u00f1o ingiriendo bebida alcoh\u00f3licas.<br \/>\nSeg\u00fan la investigaci\u00f3n, ambos protagonistas de este suceso habr\u00edan sostenido una discusi\u00f3n motivada por los celos del hombre hacia la mujer, originando que Altamirano extrajera un cuchillo para herir en el abdomen a su conviviente, quien debi\u00f3 ser intervenida quir\u00fargicamente en el Hospital San Camilo.<br \/>\nLa terna de jueces calific\u00f3 este delito como lesiones menos graves en contexto de violencia intrafamiliar, desestimando la tesis de la Fiscal\u00eda que persegu\u00eda una condena por femicidio frustrado.<br \/>\n\u201cEl Tribunal conden\u00f3 a tres a\u00f1os de presidio efectivo sin derecho a pena sustitutiva por el delito de lesiones menos graves en contexto de violencia intrafamiliar\u201d, inform\u00f3 a Diario El Trabajo el Fiscal Alejandro Bustos Ibarra.<br \/>\nAsimismo el persecutor asegur\u00f3 que el Ministerio P\u00fablico evaluar\u00e1 la sentencia a fin de eventualmente elevar un recurso de nulidad sobre este juicio ante la Corte de Apelaciones de Valpara\u00edso.<br \/>\nCabe se\u00f1alar que el sentenciado permanece en prisi\u00f3n preventiva desde el d\u00eda de los hechos, a la espera de que la sentencia quede firme y ejecutoriada.<br \/>\n<strong>Pablo Salinas Sald\u00edas<\/strong><\/p>\n","protected":false},"excerpt":{"rendered":"<p>V\u00edctima sobrevivi\u00f3 al brutal ataque ocurrido en Panquehue:\u00a0Sentencia del Tribunal Oral en Lo Penal de San Felipe desestim\u00f3 tesis de la Fiscal\u00eda que acusaba un Femicidio Frustrado, recalificando el delito como lesiones&#8230;<\/p>\n","protected":false},"author":1,"featured_media":82439,"comment_status":"open","ping_status":"open","sticky":false,"template":"","format":"standard","meta":{"advanced_seo_description":"","jetpack_seo_html_title":"","jetpack_seo_noindex":false,"_jetpack_memberships_contains_paid_content":false,"footnotes":""},"categories":[21],"tags":[],"class_list":["post-82438","post","type-post","status-publish","format-standard","has-post-thumbnail","hentry","category-policial"],"jetpack_featured_media_url":"https:\/\/i0.wp.com\/eltrabajo.cl\/portal\/wp-content\/uploads\/2017\/10\/MUJER-LESIONADA.jpg?fit=580%2C349&ssl=1","jetpack_sharing_enabled":true,"jetpack_likes_enabled":true,"jetpack-related-posts":[],"_links":{"self":[{"href":"https:\/\/eltrabajo.cl\/portal\/wp-json\/wp\/v2\/posts\/82438","targetHints":{"allow":["GET"]}}],"collection":[{"href":"https:\/\/eltrabajo.cl\/portal\/wp-json\/wp\/v2\/posts"}],"about":[{"href":"https:\/\/eltrabajo.cl\/portal\/wp-json\/wp\/v2\/types\/post"}],"author":[{"embeddable":true,"href":"https:\/\/eltrabajo.cl\/portal\/wp-json\/wp\/v2\/users\/1"}],"replies":[{"embeddable":true,"href":"https:\/\/eltrabajo.cl\/portal\/wp-json\/wp\/v2\/comments?post=82438"}],"version-history":[{"count":0,"href":"https:\/\/eltrabajo.cl\/portal\/wp-json\/wp\/v2\/posts\/82438\/revisions"}],"wp:featuredmedia":[{"embeddable":true,"href":"https:\/\/eltrabajo.cl\/portal\/wp-json\/wp\/v2\/media\/82439"}],"wp:attachment":[{"href":"https:\/\/eltrabajo.cl\/portal\/wp-json\/wp\/v2\/media?parent=82438"}],"wp:term":[{"taxonomy":"category","embeddable":true,"href":"https:\/\/eltrabajo.cl\/portal\/wp-json\/wp\/v2\/categories?post=82438"},{"taxonomy":"post_tag","embeddable":true,"href":"https:\/\/eltrabajo.cl\/portal\/wp-json\/wp\/v2\/tags?post=82438"}],"curies":[{"name":"wp","href":"https:\/\/api.w.org\/{rel}","templated":true}]}}