{"id":82441,"date":"2017-10-24T05:03:30","date_gmt":"2017-10-24T09:03:30","guid":{"rendered":"http:\/\/www.eltrabajo.cl\/2017\/?p=82441"},"modified":"2017-10-24T05:03:30","modified_gmt":"2017-10-24T09:03:30","slug":"coordinadora-no-afp-organiza-nuevas-actividades-en-rechazo-al-sistema","status":"publish","type":"post","link":"https:\/\/eltrabajo.cl\/portal\/coordinadora-no-afp-organiza-nuevas-actividades-en-rechazo-al-sistema\/","title":{"rendered":"Coordinadora NO + AFP organiza nuevas actividades en rechazo al sistema"},"content":{"rendered":"<figure id=\"attachment_82442\" aria-describedby=\"caption-attachment-82442\" style=\"width: 580px\" class=\"wp-caption alignnone\"><img data-recalc-dims=\"1\" loading=\"lazy\" decoding=\"async\" class=\"size-full wp-image-82442\" src=\"https:\/\/i0.wp.com\/www.eltrabajo.cl\/2017\/wp-content\/uploads\/2017\/10\/jesus-castilloo-noafp.jpg?resize=580%2C349\" alt=\"Jes\u00fas Castillo, Vocero Coordinadora NO + AFP Aconcagua.\" width=\"580\" height=\"349\" srcset=\"https:\/\/i0.wp.com\/eltrabajo.cl\/portal\/wp-content\/uploads\/2017\/10\/jesus-castilloo-noafp.jpg?w=580&amp;ssl=1 580w, https:\/\/i0.wp.com\/eltrabajo.cl\/portal\/wp-content\/uploads\/2017\/10\/jesus-castilloo-noafp.jpg?resize=200%2C120&amp;ssl=1 200w, https:\/\/i0.wp.com\/eltrabajo.cl\/portal\/wp-content\/uploads\/2017\/10\/jesus-castilloo-noafp.jpg?resize=300%2C181&amp;ssl=1 300w, https:\/\/i0.wp.com\/eltrabajo.cl\/portal\/wp-content\/uploads\/2017\/10\/jesus-castilloo-noafp.jpg?resize=249%2C150&amp;ssl=1 249w, https:\/\/i0.wp.com\/eltrabajo.cl\/portal\/wp-content\/uploads\/2017\/10\/jesus-castilloo-noafp.jpg?resize=400%2C241&amp;ssl=1 400w\" sizes=\"auto, (max-width: 580px) 100vw, 580px\" \/><figcaption id=\"caption-attachment-82442\" class=\"wp-caption-text\">Jes\u00fas Castillo, Vocero Coordinadora NO + AFP Aconcagua.<\/figcaption><\/figure>\n<ul>\n<li><strong><span style=\"color: #ff0000;\">M\u00e1s de diez mil personas participaron en plebiscito en Aconcagua:\u00a0<\/span>Instancia de participaci\u00f3n ciudadana realizada hace unas semanas, cumpli\u00f3 con las expectativas aunque a pesar de todo hubo 29 votos a favor de continuar con el actual sistema de pensiones.<\/strong><\/li>\n<\/ul>\n<p>El vocero de la Coordinadora Aconcagua No + AFP, Jes\u00fas Castillo, se mostr\u00f3 muy satisfecho de los resultados arrojados por el plebiscito realizado los d\u00edas 29 y 30 de septiembre, y domingo 01 de octubre, donde m\u00e1s de diez mil aconcag\u00fcinos expresaron su rechazo al actual sistema de pensiones, cifra que a nivel nacional convoc\u00f3 a las urnas f\u00edsicas y virtuales a alrededor de un mill\u00f3n 200 mil personas.<br \/>\nEn este contexto la Coordinadora continuar\u00e1 su curso con diversas actividades, dentro de las cuales destaca un evento cultural-musical que se desarrollar\u00e1 ma\u00f1ana mi\u00e9rcoles 25 de octubre desde las 16 horas en la terraza de la Plaza de Armas de San Felipe, adem\u00e1s de una posterior marcha desde las 18.30 en San Felipe y desde las 19 horas en Los Andes.<br \/>\nAs\u00ed lo destac\u00f3 Jes\u00fas Castillo, quien se\u00f1al\u00f3 que \u201cesta lucha contin\u00faa, no se acaba con el plebiscito, creemos que es muy importante la actitud que mostramos en esa instancia, pero tambi\u00e9n eso lo debemos manifestar en las calles, esto es un llamado para eso, es familiar, una movilizaci\u00f3n para demostrar nuestro descontento, pero siempre con orden y de forma pac\u00edfica\u201d, sentenci\u00f3 Castillo.<br \/>\n\u201cHay que agradecer la participaci\u00f3n de los aconcag\u00fcinos, tambi\u00e9n a los trabajadores, trabajadoras y estudiantes que participan del movimiento, los resultados fueron extraordinarios desde el punto de vista de la votaci\u00f3n, as\u00ed como tambi\u00e9n desde la parte organizativa\u201d.<br \/>\nEn el Valle de Aconcagua fueron 10.523 personas que manifestaron su postura respecto al actual sistema de administraci\u00f3n de pensiones, pese a lo cual hubo 29 personas que se pronunciaron en favor de continuar con el modelo existente.<br \/>\n\u201cNuestra meta a nivel local era conseguir 10.000 votos, los superamos, quiz\u00e1s no por mucho, nosotros apost\u00e1bamos a un espectro m\u00e1s amplio, pero entend\u00edamos que con esa cantidad cumpl\u00edamos\u201d, asever\u00f3 Castillo, quien adem\u00e1s reconoci\u00f3 que \u201csabemos que esto no es suficiente, los trabajadores de Aconcagua deben saber que con el plebiscito no se acaban las AFP, sino que esto es una demostraci\u00f3n de fuerza, se cumple el objetivo pol\u00edtico a nivel nacional\u201d, destac\u00f3 el dirigente.<\/p>\n<p><span style=\"color: #ff0000;\"><strong>DESARROLLO<\/strong><\/span><br \/>\nSi bien el primer d\u00eda (viernes 29 de septiembre) no se lograron levantar todas las mesas que se hab\u00edan definido, las jornadas venideras (s\u00e1bado 30 y domingo 1 de octubre), se constituyeron m\u00e1s mesas de las presupuestadas, debido a la cantidad de gente que ped\u00eda participar de esta instancia democr\u00e1tica.<br \/>\n\u201cEsto es sintom\u00e1tico, la participaci\u00f3n en el Valle de Aconcagua fue muy amplia, el d\u00eda domingo en el caso de la Feria de Diego de Almagro (San Felipe), logramos m\u00e1s de 1.500 votos solamente en la ma\u00f1ana\u201d, detall\u00f3 Castillo.<\/p>\n","protected":false},"excerpt":{"rendered":"<p>M\u00e1s de diez mil personas participaron en plebiscito en Aconcagua:\u00a0Instancia de participaci\u00f3n ciudadana realizada hace unas semanas, cumpli\u00f3 con las expectativas aunque a pesar de todo hubo 29 votos a favor de&#8230;<\/p>\n","protected":false},"author":1,"featured_media":82442,"comment_status":"open","ping_status":"open","sticky":false,"template":"","format":"standard","meta":{"advanced_seo_description":"","jetpack_seo_html_title":"","jetpack_seo_noindex":false,"_jetpack_memberships_contains_paid_content":false,"footnotes":""},"categories":[1],"tags":[],"class_list":["post-82441","post","type-post","status-publish","format-standard","has-post-thumbnail","hentry","category-cronica"],"jetpack_featured_media_url":"https:\/\/i0.wp.com\/eltrabajo.cl\/portal\/wp-content\/uploads\/2017\/10\/jesus-castilloo-noafp.jpg?fit=580%2C349&ssl=1","jetpack_sharing_enabled":true,"jetpack_likes_enabled":true,"jetpack-related-posts":[],"_links":{"self":[{"href":"https:\/\/eltrabajo.cl\/portal\/wp-json\/wp\/v2\/posts\/82441","targetHints":{"allow":["GET"]}}],"collection":[{"href":"https:\/\/eltrabajo.cl\/portal\/wp-json\/wp\/v2\/posts"}],"about":[{"href":"https:\/\/eltrabajo.cl\/portal\/wp-json\/wp\/v2\/types\/post"}],"author":[{"embeddable":true,"href":"https:\/\/eltrabajo.cl\/portal\/wp-json\/wp\/v2\/users\/1"}],"replies":[{"embeddable":true,"href":"https:\/\/eltrabajo.cl\/portal\/wp-json\/wp\/v2\/comments?post=82441"}],"version-history":[{"count":0,"href":"https:\/\/eltrabajo.cl\/portal\/wp-json\/wp\/v2\/posts\/82441\/revisions"}],"wp:featuredmedia":[{"embeddable":true,"href":"https:\/\/eltrabajo.cl\/portal\/wp-json\/wp\/v2\/media\/82442"}],"wp:attachment":[{"href":"https:\/\/eltrabajo.cl\/portal\/wp-json\/wp\/v2\/media?parent=82441"}],"wp:term":[{"taxonomy":"category","embeddable":true,"href":"https:\/\/eltrabajo.cl\/portal\/wp-json\/wp\/v2\/categories?post=82441"},{"taxonomy":"post_tag","embeddable":true,"href":"https:\/\/eltrabajo.cl\/portal\/wp-json\/wp\/v2\/tags?post=82441"}],"curies":[{"name":"wp","href":"https:\/\/api.w.org\/{rel}","templated":true}]}}