{"id":82444,"date":"2017-10-24T05:04:24","date_gmt":"2017-10-24T09:04:24","guid":{"rendered":"http:\/\/www.eltrabajo.cl\/2017\/?p=82444"},"modified":"2017-10-24T05:04:24","modified_gmt":"2017-10-24T09:04:24","slug":"venida-del-papa-no-la-va-a-financiar-el-estado-la-va-a-financiar-la-gente","status":"publish","type":"post","link":"https:\/\/eltrabajo.cl\/portal\/venida-del-papa-no-la-va-a-financiar-el-estado-la-va-a-financiar-la-gente\/","title":{"rendered":"\u201cVenida del Papa no la va a financiar el Estado, la va a financiar la gente\u201d"},"content":{"rendered":"<figure id=\"attachment_82445\" aria-describedby=\"caption-attachment-82445\" style=\"width: 580px\" class=\"wp-caption alignnone\"><img data-recalc-dims=\"1\" loading=\"lazy\" decoding=\"async\" class=\"size-full wp-image-82445\" src=\"https:\/\/i0.wp.com\/www.eltrabajo.cl\/2017\/wp-content\/uploads\/2017\/10\/obispo-cristian-contreras-molina.jpg?resize=580%2C350\" alt=\"Monse\u00f1or Cristian Contreras Molina, Obispo de Aconcagua.\" width=\"580\" height=\"350\" srcset=\"https:\/\/i0.wp.com\/eltrabajo.cl\/portal\/wp-content\/uploads\/2017\/10\/obispo-cristian-contreras-molina.jpg?w=580&amp;ssl=1 580w, https:\/\/i0.wp.com\/eltrabajo.cl\/portal\/wp-content\/uploads\/2017\/10\/obispo-cristian-contreras-molina.jpg?resize=200%2C121&amp;ssl=1 200w, https:\/\/i0.wp.com\/eltrabajo.cl\/portal\/wp-content\/uploads\/2017\/10\/obispo-cristian-contreras-molina.jpg?resize=300%2C181&amp;ssl=1 300w, https:\/\/i0.wp.com\/eltrabajo.cl\/portal\/wp-content\/uploads\/2017\/10\/obispo-cristian-contreras-molina.jpg?resize=249%2C150&amp;ssl=1 249w, https:\/\/i0.wp.com\/eltrabajo.cl\/portal\/wp-content\/uploads\/2017\/10\/obispo-cristian-contreras-molina.jpg?resize=400%2C241&amp;ssl=1 400w\" sizes=\"auto, (max-width: 580px) 100vw, 580px\" \/><figcaption id=\"caption-attachment-82445\" class=\"wp-caption-text\">Monse\u00f1or Cristian Contreras Molina, Obispo de Aconcagua.<\/figcaption><\/figure>\n<ul>\n<li><span style=\"color: #ff0000;\"><strong>Monse\u00f1or Cristian Contreras:<\/strong><\/span><\/li>\n<\/ul>\n<p>Aprop\u00f3sito de la pol\u00e9mica que ha generado el alto costo asociado a la visita del Santo Padre el Papa Francisco, m\u00e1s de diez mil millones de pesos, de los cuales unos cuatro mil ser\u00e1n aportados por la Iglesia Cat\u00f3lica, mientras que el resto est\u00e1 en espera por parte del Gobierno, el jefe de dicha iglesia en el Valle de Aconcagua, Monse\u00f1or Cristian Contreras, dijo que el Estado no va a financiar la venida del Papa, sino que la gente, los cat\u00f3licos de Chile.<br \/>\nContreras dijo a radio Aconcagua que como iglesia han querido ser transparentes en un momento donde se habla tanto de la falta de transparencia: \u201cEso significa que no podemos decir otra cosa porque si la Iglesia no dice cu\u00e1nto aproximadamente cuesta la venida del Papa, van a decir los curas quiz\u00e1s de d\u00f3nde sacan la plata, quiz\u00e1s cu\u00e1nta plata, se roban la plata, etc.; bueno, ocurre que esa plata se va a necesitar, esto se va a transparentar, auditar todo lo que se recolecte, y si despu\u00e9s de la venida del Papa lo que llegase a quedar eventualmente de recursos ya se sabe donde van a ir, van a ir a los ni\u00f1os vulnerables, a los adultos mayores, a los migrantes y eso va a ser transparentado a todo Chile\u201d, sostuvo.<br \/>\nComent\u00f3 que en este momento est\u00e1n en una campa\u00f1a de recolecci\u00f3n de fondos que se llama \u2018Papa Francisco, yo lo acojo, yo lo invito\u2019, es por eso que se est\u00e1n repartiendo unos sobres para que en caso que quieran colaborar, lo hagan por ese medio.<br \/>\n\u201cAdem\u00e1s hemos hecho campa\u00f1a en misa de este domingo pasado en todo Chile y en nuestra di\u00f3cesis, de tal manera que la venida del Papa no la va a financiar el Estado, la venida del Papa la va a financiar la gente, los cat\u00f3licos de Chile, digamos nosotros\u201d, indic\u00f3.<br \/>\nCont\u00f3 tambi\u00e9n que el mundo cat\u00f3lico se est\u00e1 preparando para la venida del sumo pont\u00edfice, con una oraci\u00f3n, una canci\u00f3n, junto con ello repartir material en los colegios cat\u00f3licos sobre qui\u00e9n es el Papa Francisco.<\/p>\n","protected":false},"excerpt":{"rendered":"<p>Monse\u00f1or Cristian Contreras: Aprop\u00f3sito de la pol\u00e9mica que ha generado el alto costo asociado a la visita del Santo Padre el Papa Francisco, m\u00e1s de diez mil millones de pesos, de los&#8230;<\/p>\n","protected":false},"author":1,"featured_media":82445,"comment_status":"open","ping_status":"open","sticky":false,"template":"","format":"standard","meta":{"advanced_seo_description":"","jetpack_seo_html_title":"","jetpack_seo_noindex":false,"_jetpack_memberships_contains_paid_content":false,"footnotes":""},"categories":[15],"tags":[],"class_list":["post-82444","post","type-post","status-publish","format-standard","has-post-thumbnail","hentry","category-comunidad"],"jetpack_featured_media_url":"https:\/\/i0.wp.com\/eltrabajo.cl\/portal\/wp-content\/uploads\/2017\/10\/obispo-cristian-contreras-molina.jpg?fit=580%2C350&ssl=1","jetpack_sharing_enabled":true,"jetpack_likes_enabled":true,"jetpack-related-posts":[],"_links":{"self":[{"href":"https:\/\/eltrabajo.cl\/portal\/wp-json\/wp\/v2\/posts\/82444","targetHints":{"allow":["GET"]}}],"collection":[{"href":"https:\/\/eltrabajo.cl\/portal\/wp-json\/wp\/v2\/posts"}],"about":[{"href":"https:\/\/eltrabajo.cl\/portal\/wp-json\/wp\/v2\/types\/post"}],"author":[{"embeddable":true,"href":"https:\/\/eltrabajo.cl\/portal\/wp-json\/wp\/v2\/users\/1"}],"replies":[{"embeddable":true,"href":"https:\/\/eltrabajo.cl\/portal\/wp-json\/wp\/v2\/comments?post=82444"}],"version-history":[{"count":0,"href":"https:\/\/eltrabajo.cl\/portal\/wp-json\/wp\/v2\/posts\/82444\/revisions"}],"wp:featuredmedia":[{"embeddable":true,"href":"https:\/\/eltrabajo.cl\/portal\/wp-json\/wp\/v2\/media\/82445"}],"wp:attachment":[{"href":"https:\/\/eltrabajo.cl\/portal\/wp-json\/wp\/v2\/media?parent=82444"}],"wp:term":[{"taxonomy":"category","embeddable":true,"href":"https:\/\/eltrabajo.cl\/portal\/wp-json\/wp\/v2\/categories?post=82444"},{"taxonomy":"post_tag","embeddable":true,"href":"https:\/\/eltrabajo.cl\/portal\/wp-json\/wp\/v2\/tags?post=82444"}],"curies":[{"name":"wp","href":"https:\/\/api.w.org\/{rel}","templated":true}]}}