{"id":82447,"date":"2017-10-24T05:05:37","date_gmt":"2017-10-24T09:05:37","guid":{"rendered":"http:\/\/www.eltrabajo.cl\/2017\/?p=82447"},"modified":"2017-10-24T05:05:37","modified_gmt":"2017-10-24T09:05:37","slug":"chicos-y-grandes-disfrutaron-con-festival-lolopelusa-del-senda-previene","status":"publish","type":"post","link":"https:\/\/eltrabajo.cl\/portal\/chicos-y-grandes-disfrutaron-con-festival-lolopelusa-del-senda-previene\/","title":{"rendered":"Chicos y grandes disfrutaron con Festival \u2018Lolopelusa\u2019 del Senda Previene"},"content":{"rendered":"<figure id=\"attachment_82448\" aria-describedby=\"caption-attachment-82448\" style=\"width: 580px\" class=\"wp-caption alignnone\"><img data-recalc-dims=\"1\" loading=\"lazy\" decoding=\"async\" class=\"size-full wp-image-82448\" src=\"https:\/\/i0.wp.com\/www.eltrabajo.cl\/2017\/wp-content\/uploads\/2017\/10\/Festival-Lolopelusa-del-SENDA-Previene.jpg?resize=580%2C349\" alt=\"Bandas de diversos colegios participaron del Festival \u2018Lolopelusa\u2019 realizado en el sector de Las Cuatro Villas, evento que los vecinos del sector disfrutaron junto a autoridades encabezadas por el alcalde Patricio Freire.\" width=\"580\" height=\"349\" srcset=\"https:\/\/i0.wp.com\/eltrabajo.cl\/portal\/wp-content\/uploads\/2017\/10\/Festival-Lolopelusa-del-SENDA-Previene.jpg?w=580&amp;ssl=1 580w, https:\/\/i0.wp.com\/eltrabajo.cl\/portal\/wp-content\/uploads\/2017\/10\/Festival-Lolopelusa-del-SENDA-Previene.jpg?resize=200%2C120&amp;ssl=1 200w, https:\/\/i0.wp.com\/eltrabajo.cl\/portal\/wp-content\/uploads\/2017\/10\/Festival-Lolopelusa-del-SENDA-Previene.jpg?resize=300%2C181&amp;ssl=1 300w, https:\/\/i0.wp.com\/eltrabajo.cl\/portal\/wp-content\/uploads\/2017\/10\/Festival-Lolopelusa-del-SENDA-Previene.jpg?resize=249%2C150&amp;ssl=1 249w, https:\/\/i0.wp.com\/eltrabajo.cl\/portal\/wp-content\/uploads\/2017\/10\/Festival-Lolopelusa-del-SENDA-Previene.jpg?resize=400%2C241&amp;ssl=1 400w\" sizes=\"auto, (max-width: 580px) 100vw, 580px\" \/><figcaption id=\"caption-attachment-82448\" class=\"wp-caption-text\">Bandas de diversos colegios participaron del Festival \u2018Lolopelusa\u2019 realizado en el sector de Las Cuatro Villas, evento que los vecinos del sector disfrutaron junto a autoridades encabezadas por el alcalde Patricio Freire.<\/figcaption><\/figure>\n<ul>\n<li><strong><span style=\"color: #ff0000;\">La actividad, en la que participaron bandas de diversos establecimientos educacionales, cont\u00f3 con la presencia del Alcalde Patricio Freire, quien destac\u00f3 la gran participaci\u00f3n de los vecinos del sector.<\/span> <\/strong><\/li>\n<\/ul>\n<p>M\u00e1s de 200 personas asistieron a la ex Escuela Hogar para ser parte de la primera versi\u00f3n del Festival \u2018Lolopelusa\u2019, organizado por Senda Previene de San Felipe, la Municipalidad de San Felipe y el Hogar de Cristo.<br \/>\nLa actividad convoc\u00f3 tanto a los vecinos de las Cuatro Villas (Villa Industrial, Villa Sol Naciente, Villa Renacer y Villa 250 A\u00f1os), como de otros barrios de la comuna, quienes asistieron en familia para disfrutar del espect\u00e1culo musical, en el cual participaron bandas de diversos establecimientos educacionales como Colegio San Pablo, Escuela Jos\u00e9 de San Mart\u00edn, Instituto Abd\u00f3n Cifuentes y Assunta Pallota, entre otros.<br \/>\nEl Alcalde Patricio Freire, quien estuvo presente compartiendo con los vecinos del sector, se refiri\u00f3 a la actividad se\u00f1alando que \u00abme parece espectacular esta integraci\u00f3n, tanto los ni\u00f1os como adultos mayores y en general toda la comunidad de las Cuatro Villas disfrutando en torno a la m\u00fasica\u00bb y sobre la organizaci\u00f3n, agreg\u00f3 que \u00abnosotros estamos content\u00edsimos al ver c\u00f3mo participan diferentes colegios en esta actividad de Senda, la Municipalidad, el Hogar de Cristo y todas las instituciones que ponen su granito de arena para llevar a cabo esta actividad\u00bb.<br \/>\nAlbert Lobos, coordinador de Senda Previene San Felipe, indic\u00f3 que la iniciativa tuvo como objetivo \u00abfomentar la participaci\u00f3n de ni\u00f1os y j\u00f3venes del sector, mostrarles un \u00e1rea m\u00e1s art\u00edstica, unirlos con las Cuatro Villas y hacerlos part\u00edcipes de la cultura de nuestra comuna\u00bb, y agradeci\u00f3 el apoyo recibido por parte del Municipio, se\u00f1alando que \u00abdebemos darle los agradecimientos a nuestro Alcalde Patricio Freire por el apoyo que nos dio para realizar esta iniciativa donde el Municipio nos cooper\u00f3 con muchas cosas y adem\u00e1s el Alcalde particip\u00f3 en la actividad en conjunto con los concejales\u00bb.<br \/>\nPor su parte el concejal Igor Carrasco \u2013quien adem\u00e1s es profesor de artes- destac\u00f3 el hecho de que se lleven a cabo este tipo de iniciativas con la juventud de la comuna, indicando que \u00abes s\u00faper bueno que se realicen este tipo de actividades con los j\u00f3venes, que puedan desarrollar otras habilidades porque no solamente las matem\u00e1ticas sirven, sino tambi\u00e9n las artes y darle este espacio a los j\u00f3venes, en este tipo de lugar con toda esta gente es muy entretenido\u00bb.<\/p>\n","protected":false},"excerpt":{"rendered":"<p>La actividad, en la que participaron bandas de diversos establecimientos educacionales, cont\u00f3 con la presencia del Alcalde Patricio Freire, quien destac\u00f3 la gran participaci\u00f3n de los vecinos del sector. M\u00e1s de 200&#8230;<\/p>\n","protected":false},"author":1,"featured_media":82448,"comment_status":"open","ping_status":"open","sticky":false,"template":"","format":"standard","meta":{"advanced_seo_description":"","jetpack_seo_html_title":"","jetpack_seo_noindex":false,"_jetpack_memberships_contains_paid_content":false,"footnotes":""},"categories":[15],"tags":[],"class_list":["post-82447","post","type-post","status-publish","format-standard","has-post-thumbnail","hentry","category-comunidad"],"jetpack_featured_media_url":"https:\/\/i0.wp.com\/eltrabajo.cl\/portal\/wp-content\/uploads\/2017\/10\/Festival-Lolopelusa-del-SENDA-Previene.jpg?fit=580%2C349&ssl=1","jetpack_sharing_enabled":true,"jetpack_likes_enabled":true,"jetpack-related-posts":[],"_links":{"self":[{"href":"https:\/\/eltrabajo.cl\/portal\/wp-json\/wp\/v2\/posts\/82447","targetHints":{"allow":["GET"]}}],"collection":[{"href":"https:\/\/eltrabajo.cl\/portal\/wp-json\/wp\/v2\/posts"}],"about":[{"href":"https:\/\/eltrabajo.cl\/portal\/wp-json\/wp\/v2\/types\/post"}],"author":[{"embeddable":true,"href":"https:\/\/eltrabajo.cl\/portal\/wp-json\/wp\/v2\/users\/1"}],"replies":[{"embeddable":true,"href":"https:\/\/eltrabajo.cl\/portal\/wp-json\/wp\/v2\/comments?post=82447"}],"version-history":[{"count":0,"href":"https:\/\/eltrabajo.cl\/portal\/wp-json\/wp\/v2\/posts\/82447\/revisions"}],"wp:featuredmedia":[{"embeddable":true,"href":"https:\/\/eltrabajo.cl\/portal\/wp-json\/wp\/v2\/media\/82448"}],"wp:attachment":[{"href":"https:\/\/eltrabajo.cl\/portal\/wp-json\/wp\/v2\/media?parent=82447"}],"wp:term":[{"taxonomy":"category","embeddable":true,"href":"https:\/\/eltrabajo.cl\/portal\/wp-json\/wp\/v2\/categories?post=82447"},{"taxonomy":"post_tag","embeddable":true,"href":"https:\/\/eltrabajo.cl\/portal\/wp-json\/wp\/v2\/tags?post=82447"}],"curies":[{"name":"wp","href":"https:\/\/api.w.org\/{rel}","templated":true}]}}