{"id":82450,"date":"2017-10-24T05:06:05","date_gmt":"2017-10-24T09:06:05","guid":{"rendered":"http:\/\/www.eltrabajo.cl\/2017\/?p=82450"},"modified":"2017-10-24T05:06:05","modified_gmt":"2017-10-24T09:06:05","slug":"dos-adultos-heridos-a-bala-en-confuso-incidente-en-villa-juan-pablo-ii","status":"publish","type":"post","link":"https:\/\/eltrabajo.cl\/portal\/dos-adultos-heridos-a-bala-en-confuso-incidente-en-villa-juan-pablo-ii\/","title":{"rendered":"Dos adultos heridos a bala en confuso incidente en Villa Juan Pablo II"},"content":{"rendered":"<figure id=\"attachment_82451\" aria-describedby=\"caption-attachment-82451\" style=\"width: 580px\" class=\"wp-caption alignnone\"><img data-recalc-dims=\"1\" loading=\"lazy\" decoding=\"async\" class=\"size-full wp-image-82451\" src=\"https:\/\/i0.wp.com\/www.eltrabajo.cl\/2017\/wp-content\/uploads\/2017\/10\/ARMA-DE-FUEGO.jpg?resize=580%2C348\" alt=\"Los afectados resultaron heridos a bala en la Villa Juan Pablo II de San Felipe la tarde de ayer lunes, tras una discusi\u00f3n iniciada por cuatro desconocidos. (Foto referencial).\" width=\"580\" height=\"348\" srcset=\"https:\/\/i0.wp.com\/eltrabajo.cl\/portal\/wp-content\/uploads\/2017\/10\/ARMA-DE-FUEGO.jpg?w=580&amp;ssl=1 580w, https:\/\/i0.wp.com\/eltrabajo.cl\/portal\/wp-content\/uploads\/2017\/10\/ARMA-DE-FUEGO.jpg?resize=200%2C120&amp;ssl=1 200w, https:\/\/i0.wp.com\/eltrabajo.cl\/portal\/wp-content\/uploads\/2017\/10\/ARMA-DE-FUEGO.jpg?resize=300%2C180&amp;ssl=1 300w, https:\/\/i0.wp.com\/eltrabajo.cl\/portal\/wp-content\/uploads\/2017\/10\/ARMA-DE-FUEGO.jpg?resize=250%2C150&amp;ssl=1 250w, https:\/\/i0.wp.com\/eltrabajo.cl\/portal\/wp-content\/uploads\/2017\/10\/ARMA-DE-FUEGO.jpg?resize=400%2C240&amp;ssl=1 400w\" sizes=\"auto, (max-width: 580px) 100vw, 580px\" \/><figcaption id=\"caption-attachment-82451\" class=\"wp-caption-text\">Los afectados resultaron heridos a bala en la Villa Juan Pablo II de San Felipe la tarde de ayer lunes, tras una discusi\u00f3n iniciada por cuatro desconocidos. (Foto referencial).<\/figcaption><\/figure>\n<ul>\n<li><strong><span style=\"color: #800000;\"><span style=\"color: #ff0000;\">Pacientes se encuentran fuera de riesgo vital:<\/span>\u00a0<\/span>La balacera se origin\u00f3 en horas de la tarde de ayer lunes, luego que cuatro sujetos habr\u00edan sostenido una discusi\u00f3n con ambas v\u00edctimas, quienes resultaron lesionadas con arma de fuego en sus piernas. En tanto Carabineros inform\u00f3 que las v\u00edctimas no entregaron mayores antecedentes al respecto.<\/strong><\/li>\n<\/ul>\n<p>Bajo diagn\u00f3stico reservado pero sin riesgo vital se encuentran internados en el Hospital San Camilo de San Felipe, dos hombres de 60 y 42 a\u00f1os de edad, quienes resultaron heridos a bala en su piernas luego de ser atacados por cuatro sujetos en un confuso incidente que Carabineros atribuye a un posible \u2018ajuste de cuentas\u2019 vinculado a drogas en la Villa Juan Pablo II de San Felipe.<br \/>\nEl incidente ocurri\u00f3 alrededor de las 13:00 horas en calle Santa Teresa esquina Papa Anastasio, debiendo concurrir personal de Carabineros quienes fueron informados para iniciar las diligencias respecto de disparos perpetrados en dicho lugar.<br \/>\nAl respecto la polic\u00eda uniformada se\u00f1al\u00f3 que las v\u00edctimas de estos hechos, identificados como G.\u00c1.F. (60), result\u00f3 herido en su muslo izquierdo, en tanto I.F.A. (42) fue herido en su rodilla y pie izquierdo, ambos sin riesgo vital, siendo derivados hasta el Servicio de Urgencias del Hospital San Camilo de San Felipe.<br \/>\nLos afectados relataron a los funcionarios policiales que un grupo de cuatro desconocidos iniciaron una discusi\u00f3n con las v\u00edctimas, lo que habr\u00eda originado que uno de los atacantes extrajera una pistola disparando en contra de los dos hombres, quienes resultaron heridos a bala, debiendo ser trasladados en veh\u00edculo particular hasta dicho centro hospitalario.<br \/>\nCarabineros inform\u00f3 que los lesionados no aportaron m\u00e1s detalles de lo ocurrido, dando cuenta al respecto de lo ocurrido a la Fiscal\u00eda de San Felipe quien instruy\u00f3 las labores investigativas a cargo de la Secci\u00f3n de investigaci\u00f3n Policial, SIP de Carabineros de San Felipe, con el objeto de lograr establecer las identidades de los sujetos vinculados presumiblemente a las drogas.<br \/>\n<strong>Pablo Salinas Sald\u00edas<\/strong><\/p>\n","protected":false},"excerpt":{"rendered":"<p>Pacientes se encuentran fuera de riesgo vital:\u00a0La balacera se origin\u00f3 en horas de la tarde de ayer lunes, luego que cuatro sujetos habr\u00edan sostenido una discusi\u00f3n con ambas v\u00edctimas, quienes resultaron lesionadas&#8230;<\/p>\n","protected":false},"author":1,"featured_media":82451,"comment_status":"open","ping_status":"open","sticky":false,"template":"","format":"standard","meta":{"advanced_seo_description":"","jetpack_seo_html_title":"","jetpack_seo_noindex":false,"_jetpack_memberships_contains_paid_content":false,"footnotes":""},"categories":[21],"tags":[],"class_list":["post-82450","post","type-post","status-publish","format-standard","has-post-thumbnail","hentry","category-policial"],"jetpack_featured_media_url":"https:\/\/i0.wp.com\/eltrabajo.cl\/portal\/wp-content\/uploads\/2017\/10\/ARMA-DE-FUEGO.jpg?fit=580%2C348&ssl=1","jetpack_sharing_enabled":true,"jetpack_likes_enabled":true,"jetpack-related-posts":[],"_links":{"self":[{"href":"https:\/\/eltrabajo.cl\/portal\/wp-json\/wp\/v2\/posts\/82450","targetHints":{"allow":["GET"]}}],"collection":[{"href":"https:\/\/eltrabajo.cl\/portal\/wp-json\/wp\/v2\/posts"}],"about":[{"href":"https:\/\/eltrabajo.cl\/portal\/wp-json\/wp\/v2\/types\/post"}],"author":[{"embeddable":true,"href":"https:\/\/eltrabajo.cl\/portal\/wp-json\/wp\/v2\/users\/1"}],"replies":[{"embeddable":true,"href":"https:\/\/eltrabajo.cl\/portal\/wp-json\/wp\/v2\/comments?post=82450"}],"version-history":[{"count":0,"href":"https:\/\/eltrabajo.cl\/portal\/wp-json\/wp\/v2\/posts\/82450\/revisions"}],"wp:featuredmedia":[{"embeddable":true,"href":"https:\/\/eltrabajo.cl\/portal\/wp-json\/wp\/v2\/media\/82451"}],"wp:attachment":[{"href":"https:\/\/eltrabajo.cl\/portal\/wp-json\/wp\/v2\/media?parent=82450"}],"wp:term":[{"taxonomy":"category","embeddable":true,"href":"https:\/\/eltrabajo.cl\/portal\/wp-json\/wp\/v2\/categories?post=82450"},{"taxonomy":"post_tag","embeddable":true,"href":"https:\/\/eltrabajo.cl\/portal\/wp-json\/wp\/v2\/tags?post=82450"}],"curies":[{"name":"wp","href":"https:\/\/api.w.org\/{rel}","templated":true}]}}