{"id":82455,"date":"2017-10-25T05:00:05","date_gmt":"2017-10-25T09:00:05","guid":{"rendered":"http:\/\/www.eltrabajo.cl\/2017\/?p=82455"},"modified":"2017-10-25T05:00:05","modified_gmt":"2017-10-25T09:00:05","slug":"acrobacias-y-zancos-para-celebrar-96-anos-de-escuela-manso-de-velasco","status":"publish","type":"post","link":"https:\/\/eltrabajo.cl\/portal\/acrobacias-y-zancos-para-celebrar-96-anos-de-escuela-manso-de-velasco\/","title":{"rendered":"Acrobacias y zancos para celebrar 96 a\u00f1os de Escuela Manso de Velasco"},"content":{"rendered":"<figure id=\"attachment_82458\" aria-describedby=\"caption-attachment-82458\" style=\"width: 580px\" class=\"wp-caption alignnone\"><img data-recalc-dims=\"1\" loading=\"lazy\" decoding=\"async\" class=\"size-full wp-image-82458\" src=\"https:\/\/i0.wp.com\/www.eltrabajo.cl\/2017\/wp-content\/uploads\/2017\/10\/Aniversario1-1.jpg?resize=580%2C366\" alt=\"PEQUE\u00d1OS GRANDES ARTISTAS.- Ellas son quienes dan vida al Taller de Circo-Teatro y Cheerleader estudiantil en la Escuela Jos\u00e9 Manso de Velasco.\" width=\"580\" height=\"366\" srcset=\"https:\/\/i0.wp.com\/eltrabajo.cl\/portal\/wp-content\/uploads\/2017\/10\/Aniversario1-1.jpg?w=580&amp;ssl=1 580w, https:\/\/i0.wp.com\/eltrabajo.cl\/portal\/wp-content\/uploads\/2017\/10\/Aniversario1-1.jpg?resize=200%2C126&amp;ssl=1 200w, https:\/\/i0.wp.com\/eltrabajo.cl\/portal\/wp-content\/uploads\/2017\/10\/Aniversario1-1.jpg?resize=300%2C189&amp;ssl=1 300w, https:\/\/i0.wp.com\/eltrabajo.cl\/portal\/wp-content\/uploads\/2017\/10\/Aniversario1-1.jpg?resize=238%2C150&amp;ssl=1 238w, https:\/\/i0.wp.com\/eltrabajo.cl\/portal\/wp-content\/uploads\/2017\/10\/Aniversario1-1.jpg?resize=400%2C252&amp;ssl=1 400w\" sizes=\"auto, (max-width: 580px) 100vw, 580px\" \/><figcaption id=\"caption-attachment-82458\" class=\"wp-caption-text\">PEQUE\u00d1OS GRANDES ARTISTAS.- Ellas son quienes dan vida al Taller de Circo-Teatro y Cheerleader estudiantil en la Escuela Jos\u00e9 Manso de Velasco.<\/figcaption><\/figure>\n<ul>\n<li><span style=\"color: #ff0000;\"><strong>Profesores y estudiantes premiados por su desempe\u00f1o:<\/strong><\/span><\/li>\n<\/ul>\n<p>Aunque la actividad dio inicio con gran solemnidad, durante su desarrollo se impuso la m\u00fasica, el arte circense y las espectaculares acrobacias ejecutadas por los estudiantes de la Escuela Jos\u00e9 Manso de Velasco, quienes ayer martes celebraron en grande sus 96 a\u00f1os de existencia como centro educativo de nuestra comuna.<br \/>\nLa danza y el canto, esta vez fueron sustituidas por las acrobacias, dejando entrever que en este establecimiento educacional hay una labor que va m\u00e1s all\u00e1 del aprendizaje del lenguaje, la ciencia, la historia y las matem\u00e1ticas, para abarcar, desarrollar y potenciar los talentos de sus alumnos.<br \/>\nSeg\u00fan explic\u00f3 a Diario El Trabajo la directora del establecimiento, Paola Rojas, cumplir 96 a\u00f1os de vida es una buena se\u00f1al acerca de c\u00f3mo la Escuela, emplazada en el sector conocido popularmente como \u2018La Esquina Colorada\u2019, en San Felipe, ha logrado avanzar en temas de convivencia escolar, integraci\u00f3n e inclusi\u00f3n, pero lo que es mejor, en materia de formaci\u00f3n integral de los alumnos.<br \/>\n\u00abMe siento orgullosa, porque hacer cambios en educaci\u00f3n es una tarea dif\u00edcil, lo que demanda mucho tiempo. Tener en cinco a\u00f1os un ambiente pedag\u00f3gico adecuado, de convivencia escolar y de alegr\u00eda, para que los ni\u00f1os asistan a clases, con un equipo de trabajo comprometido, claramente que me llena de orgullo, agradezco mucho el inter\u00e9s y excelente disposici\u00f3n de mis profesores y asistentes de la educaci\u00f3n, este es un trabajo de equipo y los resultados son m\u00e1s que visibles\u00bb, se\u00f1al\u00f3 Rojas.<br \/>\nPor su parte el director de Daem de San Felipe, Iv\u00e1n Silva Padilla, reconoci\u00f3 en la directora Paola Rojas, as\u00ed como en todo su equipo de trabajo, la entrega, dedicaci\u00f3n y compromiso para favorecer un ambiente saludable que permite el buen desarrollo de los aprendizajes.<br \/>\nPero m\u00e1s all\u00e1 de los discursos, agradecimientos y acrobacias, las autoridades premiaron tambi\u00e9n el esfuerzo y tenacidad de algunos funcionarios de la escuela, as\u00ed como a una de las estudiantes m\u00e1s esforzadas durante todo este a\u00f1o.<br \/>\nEn la ceremonia estuvo presente el alcalde Patricio Freire, los concejales Patricia Boffa, Mario Villanueva y Juan Carlos Sabaj. Freire en su intervenci\u00f3n valor\u00f3 los logros que ha conseguido la escuela, manifestando que es posible confirmar que la inversi\u00f3n y la apuesta que ha hecho su directora con el apoyo de toda la comunidad educativa, ha dado sus frutos, lo que evidentemente se traduce en ni\u00f1os m\u00e1s proactivos y con mejor disposici\u00f3n a la superaci\u00f3n personal y alegr\u00eda de estudiar.<\/p>\n<p><span style=\"color: #ff0000;\"><strong>UNA BREVE RESE\u00d1A<\/strong><\/span><br \/>\nLa Escuela Jos\u00e9 Manso de Velasco comenz\u00f3 como un establecimiento de car\u00e1cter p\u00fablico ubicado en la ciudad de San Felipe, sector conocido en ese entonces como El Enc\u00f3n, y que un\u00eda la incipiente ciudad con los poblados de Putaendo, Quebrada Herrera y otros ubicados hacia el norte del Valle de Aconcagua. Su funci\u00f3n principal era ser un establecimiento educacional rural y mixto, cuyos or\u00edgenes se remontan, al menos en lo que respecta a documentaci\u00f3n en poder de Diario El Trabajo, al a\u00f1o 1921.<br \/>\nPosterior a eso, y mediante decreto N\u00b02759\/50, se le asign\u00f3 a la escuela la identificaci\u00f3n de Escuela Mixta Rural N\u00b021, cambiando su funcionamiento a las dependencias ubicadas en Calle Maip\u00fa N\u00b051 (frente a la actual direcci\u00f3n), eso hasta que en el a\u00f1o 1964 se construy\u00f3 en el actual emplazamiento la primera etapa de la actual edificaci\u00f3n y, a partir de 1976, su denominaci\u00f3n es conocida como Escuela B\u00e1sica N\u00b065.<br \/>\nEn 1993, y por decreto exento N\u00b0531, la escuela obtiene la identificaci\u00f3n definitiva con la cual la conocemos hoy en d\u00eda, adoptando el nombre del fundador de la ciudad de San Felipe, quedando identificada para todo efecto como Escuela E-65 Jos\u00e9 Manso de Velasco.<br \/>\n<strong>Roberto Gonz\u00e1lez Short<\/strong><\/p>\n<figure id=\"attachment_82457\" aria-describedby=\"caption-attachment-82457\" style=\"width: 580px\" class=\"wp-caption alignnone\"><img data-recalc-dims=\"1\" loading=\"lazy\" decoding=\"async\" class=\"size-full wp-image-82457\" src=\"https:\/\/i0.wp.com\/www.eltrabajo.cl\/2017\/wp-content\/uploads\/2017\/10\/Aniversario_Paola-Rojas-1.jpg?resize=580%2C470\" alt=\"Paola Rojas, directora de la escuela.\" width=\"580\" height=\"470\" srcset=\"https:\/\/i0.wp.com\/eltrabajo.cl\/portal\/wp-content\/uploads\/2017\/10\/Aniversario_Paola-Rojas-1.jpg?w=580&amp;ssl=1 580w, https:\/\/i0.wp.com\/eltrabajo.cl\/portal\/wp-content\/uploads\/2017\/10\/Aniversario_Paola-Rojas-1.jpg?resize=185%2C150&amp;ssl=1 185w, https:\/\/i0.wp.com\/eltrabajo.cl\/portal\/wp-content\/uploads\/2017\/10\/Aniversario_Paola-Rojas-1.jpg?resize=300%2C243&amp;ssl=1 300w, https:\/\/i0.wp.com\/eltrabajo.cl\/portal\/wp-content\/uploads\/2017\/10\/Aniversario_Paola-Rojas-1.jpg?resize=400%2C324&amp;ssl=1 400w\" sizes=\"auto, (max-width: 580px) 100vw, 580px\" \/><figcaption id=\"caption-attachment-82457\" class=\"wp-caption-text\">Paola Rojas, directora de la escuela.<\/figcaption><\/figure>\n<figure id=\"attachment_82459\" aria-describedby=\"caption-attachment-82459\" style=\"width: 580px\" class=\"wp-caption alignnone\"><img data-recalc-dims=\"1\" loading=\"lazy\" decoding=\"async\" class=\"size-full wp-image-82459\" src=\"https:\/\/i0.wp.com\/www.eltrabajo.cl\/2017\/wp-content\/uploads\/2017\/10\/Aniversario2-1.jpg?resize=580%2C342\" alt=\"PROFESORES CON NOTA 7.- Los profesores Claudia Pinilla y Mauricio Fern\u00e1ndez, fueron destacados en virtud de su excelente trabajo desarrollado en esta escuela, al centro, la directora Paola Rojas.\" width=\"580\" height=\"342\" srcset=\"https:\/\/i0.wp.com\/eltrabajo.cl\/portal\/wp-content\/uploads\/2017\/10\/Aniversario2-1.jpg?w=580&amp;ssl=1 580w, https:\/\/i0.wp.com\/eltrabajo.cl\/portal\/wp-content\/uploads\/2017\/10\/Aniversario2-1.jpg?resize=200%2C118&amp;ssl=1 200w, https:\/\/i0.wp.com\/eltrabajo.cl\/portal\/wp-content\/uploads\/2017\/10\/Aniversario2-1.jpg?resize=300%2C177&amp;ssl=1 300w, https:\/\/i0.wp.com\/eltrabajo.cl\/portal\/wp-content\/uploads\/2017\/10\/Aniversario2-1.jpg?resize=254%2C150&amp;ssl=1 254w, https:\/\/i0.wp.com\/eltrabajo.cl\/portal\/wp-content\/uploads\/2017\/10\/Aniversario2-1.jpg?resize=400%2C236&amp;ssl=1 400w\" sizes=\"auto, (max-width: 580px) 100vw, 580px\" \/><figcaption id=\"caption-attachment-82459\" class=\"wp-caption-text\">PROFESORES CON NOTA 7.- Los profesores Claudia Pinilla y Mauricio Fern\u00e1ndez, fueron destacados en virtud de su excelente trabajo desarrollado en esta escuela, al centro, la directora Paola Rojas.<\/figcaption><\/figure>\n<figure id=\"attachment_82460\" aria-describedby=\"caption-attachment-82460\" style=\"width: 578px\" class=\"wp-caption alignnone\"><img data-recalc-dims=\"1\" loading=\"lazy\" decoding=\"async\" class=\"size-full wp-image-82460\" src=\"https:\/\/i0.wp.com\/www.eltrabajo.cl\/2017\/wp-content\/uploads\/2017\/10\/Aniversario3.jpg?resize=578%2C321\" alt=\"AUTORIDADES PRESENTES.- En la ceremonia estuvo presente el alcalde Patricio Freire, los concejales Patricia Boffa, Mario Villanueva y Juan Carlos Sabaj, y eL Jefe Daem Iv\u00e1n Silva Padilla.\" width=\"578\" height=\"321\" srcset=\"https:\/\/i0.wp.com\/eltrabajo.cl\/portal\/wp-content\/uploads\/2017\/10\/Aniversario3.jpg?w=578&amp;ssl=1 578w, https:\/\/i0.wp.com\/eltrabajo.cl\/portal\/wp-content\/uploads\/2017\/10\/Aniversario3.jpg?resize=200%2C111&amp;ssl=1 200w, https:\/\/i0.wp.com\/eltrabajo.cl\/portal\/wp-content\/uploads\/2017\/10\/Aniversario3.jpg?resize=300%2C167&amp;ssl=1 300w, https:\/\/i0.wp.com\/eltrabajo.cl\/portal\/wp-content\/uploads\/2017\/10\/Aniversario3.jpg?resize=270%2C150&amp;ssl=1 270w, https:\/\/i0.wp.com\/eltrabajo.cl\/portal\/wp-content\/uploads\/2017\/10\/Aniversario3.jpg?resize=400%2C222&amp;ssl=1 400w\" sizes=\"auto, (max-width: 578px) 100vw, 578px\" \/><figcaption id=\"caption-attachment-82460\" class=\"wp-caption-text\">AUTORIDADES PRESENTES.- En la ceremonia estuvo presente el alcalde Patricio Freire, los concejales Patricia Boffa, Mario Villanueva y Juan Carlos Sabaj, y eL Jefe Daem Iv\u00e1n Silva Padilla.<\/figcaption><\/figure>\n<figure id=\"attachment_82461\" aria-describedby=\"caption-attachment-82461\" style=\"width: 579px\" class=\"wp-caption alignnone\"><img data-recalc-dims=\"1\" loading=\"lazy\" decoding=\"async\" class=\"size-full wp-image-82461\" src=\"https:\/\/i0.wp.com\/www.eltrabajo.cl\/2017\/wp-content\/uploads\/2017\/10\/Aniversario4.jpg?resize=579%2C385\" alt=\"PROMESA DE VIDA.- Aqu\u00ed est\u00e1 la chispa de la vida, estos peque\u00f1itos s\u00f3lo est\u00e1n esperando la gran oportunidad para arrebatar el \u00e9xito al destino.\" width=\"579\" height=\"385\" srcset=\"https:\/\/i0.wp.com\/eltrabajo.cl\/portal\/wp-content\/uploads\/2017\/10\/Aniversario4.jpg?w=579&amp;ssl=1 579w, https:\/\/i0.wp.com\/eltrabajo.cl\/portal\/wp-content\/uploads\/2017\/10\/Aniversario4.jpg?resize=200%2C133&amp;ssl=1 200w, https:\/\/i0.wp.com\/eltrabajo.cl\/portal\/wp-content\/uploads\/2017\/10\/Aniversario4.jpg?resize=300%2C199&amp;ssl=1 300w, https:\/\/i0.wp.com\/eltrabajo.cl\/portal\/wp-content\/uploads\/2017\/10\/Aniversario4.jpg?resize=226%2C150&amp;ssl=1 226w, https:\/\/i0.wp.com\/eltrabajo.cl\/portal\/wp-content\/uploads\/2017\/10\/Aniversario4.jpg?resize=400%2C266&amp;ssl=1 400w\" sizes=\"auto, (max-width: 579px) 100vw, 579px\" \/><figcaption id=\"caption-attachment-82461\" class=\"wp-caption-text\">PROMESA DE VIDA.- Aqu\u00ed est\u00e1 la chispa de la vida, estos peque\u00f1itos s\u00f3lo est\u00e1n esperando la gran oportunidad para arrebatar el \u00e9xito al destino.<\/figcaption><\/figure>\n<figure id=\"attachment_82456\" aria-describedby=\"caption-attachment-82456\" style=\"width: 580px\" class=\"wp-caption alignnone\"><img data-recalc-dims=\"1\" loading=\"lazy\" decoding=\"async\" class=\"size-full wp-image-82456\" src=\"https:\/\/i0.wp.com\/www.eltrabajo.cl\/2017\/wp-content\/uploads\/2017\/10\/Aniversario_Francisca-Tabilo.jpg?resize=580%2C928\" alt=\"Francisca Tabilo, ni\u00f1a que fue premiada por su exitoso desempe\u00f1o en clases.\" width=\"580\" height=\"928\" srcset=\"https:\/\/i0.wp.com\/eltrabajo.cl\/portal\/wp-content\/uploads\/2017\/10\/Aniversario_Francisca-Tabilo.jpg?w=580&amp;ssl=1 580w, https:\/\/i0.wp.com\/eltrabajo.cl\/portal\/wp-content\/uploads\/2017\/10\/Aniversario_Francisca-Tabilo.jpg?resize=94%2C150&amp;ssl=1 94w, https:\/\/i0.wp.com\/eltrabajo.cl\/portal\/wp-content\/uploads\/2017\/10\/Aniversario_Francisca-Tabilo.jpg?resize=188%2C300&amp;ssl=1 188w, https:\/\/i0.wp.com\/eltrabajo.cl\/portal\/wp-content\/uploads\/2017\/10\/Aniversario_Francisca-Tabilo.jpg?resize=400%2C640&amp;ssl=1 400w\" sizes=\"auto, (max-width: 580px) 100vw, 580px\" \/><figcaption id=\"caption-attachment-82456\" class=\"wp-caption-text\">Francisca Tabilo, ni\u00f1a que fue premiada por su exitoso desempe\u00f1o en clases.<\/figcaption><\/figure>\n","protected":false},"excerpt":{"rendered":"<p>Profesores y estudiantes premiados por su desempe\u00f1o: Aunque la actividad dio inicio con gran solemnidad, durante su desarrollo se impuso la m\u00fasica, el arte circense y las espectaculares acrobacias ejecutadas por los&#8230;<\/p>\n","protected":false},"author":1,"featured_media":82458,"comment_status":"open","ping_status":"open","sticky":false,"template":"","format":"standard","meta":{"advanced_seo_description":"","jetpack_seo_html_title":"","jetpack_seo_noindex":false,"_jetpack_memberships_contains_paid_content":false,"footnotes":""},"categories":[15],"tags":[],"class_list":["post-82455","post","type-post","status-publish","format-standard","has-post-thumbnail","hentry","category-comunidad"],"jetpack_featured_media_url":"https:\/\/i0.wp.com\/eltrabajo.cl\/portal\/wp-content\/uploads\/2017\/10\/Aniversario1-1.jpg?fit=580%2C366&ssl=1","jetpack_sharing_enabled":true,"jetpack_likes_enabled":true,"jetpack-related-posts":[],"_links":{"self":[{"href":"https:\/\/eltrabajo.cl\/portal\/wp-json\/wp\/v2\/posts\/82455","targetHints":{"allow":["GET"]}}],"collection":[{"href":"https:\/\/eltrabajo.cl\/portal\/wp-json\/wp\/v2\/posts"}],"about":[{"href":"https:\/\/eltrabajo.cl\/portal\/wp-json\/wp\/v2\/types\/post"}],"author":[{"embeddable":true,"href":"https:\/\/eltrabajo.cl\/portal\/wp-json\/wp\/v2\/users\/1"}],"replies":[{"embeddable":true,"href":"https:\/\/eltrabajo.cl\/portal\/wp-json\/wp\/v2\/comments?post=82455"}],"version-history":[{"count":0,"href":"https:\/\/eltrabajo.cl\/portal\/wp-json\/wp\/v2\/posts\/82455\/revisions"}],"wp:featuredmedia":[{"embeddable":true,"href":"https:\/\/eltrabajo.cl\/portal\/wp-json\/wp\/v2\/media\/82458"}],"wp:attachment":[{"href":"https:\/\/eltrabajo.cl\/portal\/wp-json\/wp\/v2\/media?parent=82455"}],"wp:term":[{"taxonomy":"category","embeddable":true,"href":"https:\/\/eltrabajo.cl\/portal\/wp-json\/wp\/v2\/categories?post=82455"},{"taxonomy":"post_tag","embeddable":true,"href":"https:\/\/eltrabajo.cl\/portal\/wp-json\/wp\/v2\/tags?post=82455"}],"curies":[{"name":"wp","href":"https:\/\/api.w.org\/{rel}","templated":true}]}}