{"id":82463,"date":"2017-10-25T05:01:06","date_gmt":"2017-10-25T09:01:06","guid":{"rendered":"http:\/\/www.eltrabajo.cl\/2017\/?p=82463"},"modified":"2017-10-25T05:01:06","modified_gmt":"2017-10-25T09:01:06","slug":"pese-a-que-ya-esta-firmado-aun-no-se-oficializa-el-usufructo-del-complejo-anfa","status":"publish","type":"post","link":"https:\/\/eltrabajo.cl\/portal\/pese-a-que-ya-esta-firmado-aun-no-se-oficializa-el-usufructo-del-complejo-anfa\/","title":{"rendered":"Pese a que ya est\u00e1 firmado, a\u00fan no se oficializa el usufructo del Complejo Anfa"},"content":{"rendered":"<figure id=\"attachment_82464\" aria-describedby=\"caption-attachment-82464\" style=\"width: 580px\" class=\"wp-caption alignnone\"><img data-recalc-dims=\"1\" loading=\"lazy\" decoding=\"async\" class=\"size-full wp-image-82464\" src=\"https:\/\/i0.wp.com\/www.eltrabajo.cl\/2017\/wp-content\/uploads\/2017\/10\/complejo-anfa.jpg?resize=580%2C435\" alt=\"A mediados de mes se firm\u00f3 el usufructo del Complejo Anfa, pero solo un detalle m\u00ednimo, pero muy importante, impide que la municipalidad asuma su control por los pr\u00f3ximos 12 a\u00f1os.\" width=\"580\" height=\"435\" srcset=\"https:\/\/i0.wp.com\/eltrabajo.cl\/portal\/wp-content\/uploads\/2017\/10\/complejo-anfa.jpg?w=580&amp;ssl=1 580w, https:\/\/i0.wp.com\/eltrabajo.cl\/portal\/wp-content\/uploads\/2017\/10\/complejo-anfa.jpg?resize=200%2C150&amp;ssl=1 200w, https:\/\/i0.wp.com\/eltrabajo.cl\/portal\/wp-content\/uploads\/2017\/10\/complejo-anfa.jpg?resize=300%2C225&amp;ssl=1 300w, https:\/\/i0.wp.com\/eltrabajo.cl\/portal\/wp-content\/uploads\/2017\/10\/complejo-anfa.jpg?resize=400%2C300&amp;ssl=1 400w\" sizes=\"auto, (max-width: 580px) 100vw, 580px\" \/><figcaption id=\"caption-attachment-82464\" class=\"wp-caption-text\">A mediados de mes se firm\u00f3 el usufructo del Complejo Anfa, pero solo un detalle m\u00ednimo, pero muy importante, impide que la municipalidad asuma su control por los pr\u00f3ximos 12 a\u00f1os.<\/figcaption><\/figure>\n<p>Luego de meses de incertidumbre y en los cuales se busc\u00f3 llegar al mejor acuerdo para ambas partes, finalmente durante la jornada del jueves 12 del presente mes, en una notar\u00eda capitalina, se firm\u00f3 el Usufructo con el cual la Municipalidad de San Felipe tomar\u00e1 el control por los pr\u00f3ximos 12 a\u00f1os del Complejo Anfa, m\u00e1s conocido como \u2018las tres canchas\u2019 y que se ubica en el sector Parras\u00eda Bajo.<br \/>\nCon esto, el municipio local tendr\u00e1 la posibilidad de realizar inversiones que le permitir\u00e1n mejorar y cambiar completamente al hoy deteriorado recinto deportivo, en el cual cada fin de semana se juegan partidos de la Asociaci\u00f3n de F\u00fatbol Amateur de San Felipe.<br \/>\nDesde el interior de la municipalidad sanfelipe\u00f1a se confirm\u00f3 que la primera obra que se realizar\u00e1 en el complejo, ser\u00e1 el mejoramiento del cierre perimetral, para desde ah\u00ed comenzar a obras de mayor peso como ser\u00e1 la infraestructura.<\/p>\n<p><span style=\"color: #ff0000;\"><strong>Todav\u00eda no se hace entrega oficial del documento<\/strong><\/span><br \/>\nTema no menor y que ha causado molestia en altas esferas de Arfa Quinta regi\u00f3n, es que ya transcurridas dos semanas de la firma del usufructo, desde la municipalidad nadie se ha puesto en contacto con el presidente de Arfa, Cristian Ibaceta, para que \u00e9ste les entregue el documento respectivo, un tr\u00e1mite que puede considerarse menor, pero que es trascendental para que el usufructo tenga validez pr\u00e1ctica, ya que por ejemplo hay que inscribirlo en el Conservador de Bienes Ra\u00edces. \u201cMire hasta ahora (ayer) ni siquiera me han dado las gracias de la Municipalidad por la gesti\u00f3n que hice para que pudiera llegar a buen puerto, ya que en Anfa (Asociaci\u00f3n Nacional de F\u00fatbol Amateur) eran reacios a este tipo de acuerdos debido a malas experiencias en otros lugares de Chile; pero bueno, lo importante no es que me agradezcan, si no que me pidan el documento oficial para que la municipalidad tome en propiedad el control del complejo, y eso todav\u00eda no ha pasado\u201d, declar\u00f3 Ibaceta.<br \/>\nEl alto directivo confirm\u00f3 tambi\u00e9n que por ejemplo en San Antonio las cosas fueron muy diferentes, ya que casi de inmediato a la firma del usufructo lo llamaron para agradecerle, y coordinar la entrega del papel, cosa que sucedi\u00f3 la semana pasada en una ceremonia que cont\u00f3 con la presencia del alcalde de esa comuna. \u201cTal vez son estilos distintos, pero ac\u00e1 el fondo es lo importante, y ese es que, desde la municipalidad de San Felipe, no saben o simplemente no tienen inter\u00e9s para que les entregue el usufructo\u201d, afirm\u00f3 Ibaceta.<\/p>\n<p><strong>por Jorge Vega<\/strong><\/p>\n","protected":false},"excerpt":{"rendered":"<p>Luego de meses de incertidumbre y en los cuales se busc\u00f3 llegar al mejor acuerdo para ambas partes, finalmente durante la jornada del jueves 12 del presente mes, en una notar\u00eda capitalina,&#8230;<\/p>\n","protected":false},"author":1,"featured_media":82464,"comment_status":"open","ping_status":"open","sticky":false,"template":"","format":"standard","meta":{"advanced_seo_description":"","jetpack_seo_html_title":"","jetpack_seo_noindex":false,"_jetpack_memberships_contains_paid_content":false,"footnotes":""},"categories":[19],"tags":[],"class_list":["post-82463","post","type-post","status-publish","format-standard","has-post-thumbnail","hentry","category-deportes"],"jetpack_featured_media_url":"https:\/\/i0.wp.com\/eltrabajo.cl\/portal\/wp-content\/uploads\/2017\/10\/complejo-anfa.jpg?fit=580%2C435&ssl=1","jetpack_sharing_enabled":true,"jetpack_likes_enabled":true,"jetpack-related-posts":[],"_links":{"self":[{"href":"https:\/\/eltrabajo.cl\/portal\/wp-json\/wp\/v2\/posts\/82463","targetHints":{"allow":["GET"]}}],"collection":[{"href":"https:\/\/eltrabajo.cl\/portal\/wp-json\/wp\/v2\/posts"}],"about":[{"href":"https:\/\/eltrabajo.cl\/portal\/wp-json\/wp\/v2\/types\/post"}],"author":[{"embeddable":true,"href":"https:\/\/eltrabajo.cl\/portal\/wp-json\/wp\/v2\/users\/1"}],"replies":[{"embeddable":true,"href":"https:\/\/eltrabajo.cl\/portal\/wp-json\/wp\/v2\/comments?post=82463"}],"version-history":[{"count":0,"href":"https:\/\/eltrabajo.cl\/portal\/wp-json\/wp\/v2\/posts\/82463\/revisions"}],"wp:featuredmedia":[{"embeddable":true,"href":"https:\/\/eltrabajo.cl\/portal\/wp-json\/wp\/v2\/media\/82464"}],"wp:attachment":[{"href":"https:\/\/eltrabajo.cl\/portal\/wp-json\/wp\/v2\/media?parent=82463"}],"wp:term":[{"taxonomy":"category","embeddable":true,"href":"https:\/\/eltrabajo.cl\/portal\/wp-json\/wp\/v2\/categories?post=82463"},{"taxonomy":"post_tag","embeddable":true,"href":"https:\/\/eltrabajo.cl\/portal\/wp-json\/wp\/v2\/tags?post=82463"}],"curies":[{"name":"wp","href":"https:\/\/api.w.org\/{rel}","templated":true}]}}