{"id":82466,"date":"2017-10-25T05:02:55","date_gmt":"2017-10-25T09:02:55","guid":{"rendered":"http:\/\/www.eltrabajo.cl\/2017\/?p=82466"},"modified":"2017-10-25T05:02:55","modified_gmt":"2017-10-25T09:02:55","slug":"brillante-fue-el-open-de-tenis-de-mesa-realizado-en-san-felipe","status":"publish","type":"post","link":"https:\/\/eltrabajo.cl\/portal\/brillante-fue-el-open-de-tenis-de-mesa-realizado-en-san-felipe\/","title":{"rendered":"Brillante fue el Open de Tenis de Mesa realizado en San Felipe"},"content":{"rendered":"<figure id=\"attachment_82468\" aria-describedby=\"caption-attachment-82468\" style=\"width: 578px\" class=\"wp-caption alignnone\"><img data-recalc-dims=\"1\" loading=\"lazy\" decoding=\"async\" class=\"size-full wp-image-82468\" src=\"https:\/\/i0.wp.com\/www.eltrabajo.cl\/2017\/wp-content\/uploads\/2017\/10\/vista-general.jpg?resize=578%2C279\" alt=\"As\u00ed luci\u00f3 el s\u00e1bado pasado la carpeta central del gimnasio del Liceo Corina Urbina.\" width=\"578\" height=\"279\" srcset=\"https:\/\/i0.wp.com\/eltrabajo.cl\/portal\/wp-content\/uploads\/2017\/10\/vista-general.jpg?w=578&amp;ssl=1 578w, https:\/\/i0.wp.com\/eltrabajo.cl\/portal\/wp-content\/uploads\/2017\/10\/vista-general.jpg?resize=200%2C97&amp;ssl=1 200w, https:\/\/i0.wp.com\/eltrabajo.cl\/portal\/wp-content\/uploads\/2017\/10\/vista-general.jpg?resize=300%2C145&amp;ssl=1 300w, https:\/\/i0.wp.com\/eltrabajo.cl\/portal\/wp-content\/uploads\/2017\/10\/vista-general.jpg?resize=400%2C193&amp;ssl=1 400w\" sizes=\"auto, (max-width: 578px) 100vw, 578px\" \/><figcaption id=\"caption-attachment-82468\" class=\"wp-caption-text\">As\u00ed luci\u00f3 el s\u00e1bado pasado la carpeta central del gimnasio del Liceo Corina Urbina.<\/figcaption><\/figure>\n<p>Felices, satisfechos y muy ilusionados de cara a lo que se les vendr\u00e1 para el futuro cercano, se mostraron en la interna del club Aconcagua Tenis de Mesa, luego del \u00e9xito que tuvo el Open que el s\u00e1bado pasado organizaron en el gimnasio del liceo Corina Urbina, recinto al que llegaron m\u00e1s de un centenar de tenimesistas del pa\u00eds; algunos de gran calidad y con ranking nacional.<br \/>\nNuestro medio convers\u00f3 con el presidente de Aconcagua Tenis de Mesa, C\u00e9sar \u00c1lvarez, quien se refiri\u00f3 al evento deportivo realizado d\u00edas atr\u00e1s. \u201cMe gustar\u00eda aprovechar esta oportunidad para agradecer a la direcci\u00f3n del Liceo de Ni\u00f1as por habernos facilitado su gimnasio que est\u00e1 en espectaculares condiciones, algo que reconocieron todos los competidores, incluso los seleccionados de Chile que estuvieron\u201d, expres\u00f3 el dirigente.<br \/>\nUna de las cosas que llam\u00f3 la atenci\u00f3n, fue la impecable log\u00edstica que tuvo el Open, como por ejemplo fueron las mesas, la mayor\u00eda profesionales, todas propiedad del club: \u201cPartimos con el aporte municipal de dos mesas y as\u00ed comenzamos; hoy contamos con 9 mesas de alta competici\u00f3n, todas con sus respectivos marcadores, separadores y todas las cosas como corresponden\u201d, agreg\u00f3.<br \/>\nEl \u00e9xito del torneo y la gran organizaci\u00f3n del mismo, hizo que se piense seriamente en organizar al menos dos durante el pr\u00f3ximo a\u00f1o. \u201cSer\u00eda ideal poder hacerlo dos veces, pero mejorando a\u00fan m\u00e1s la cantidad y calidad de gente, eso a lo mejor significar\u00e1 que en alguno de ellos (torneo) necesitaremos dos d\u00edas; pero lo veremos m\u00e1s adelante\u201d, explic\u00f3 C\u00e9sar \u00c1lvarez.<\/p>\n<p><strong>Jorge Vega<\/strong><\/p>\n<figure id=\"attachment_82467\" aria-describedby=\"caption-attachment-82467\" style=\"width: 580px\" class=\"wp-caption alignnone\"><img data-recalc-dims=\"1\" loading=\"lazy\" decoding=\"async\" class=\"size-full wp-image-82467\" src=\"https:\/\/i0.wp.com\/www.eltrabajo.cl\/2017\/wp-content\/uploads\/2017\/10\/tenimesistas.jpg?resize=580%2C331\" alt=\"Tenimesistas de muy buen nivel se dieron cita en el Open organizado por Aconcagua Tenis de Mesa.\" width=\"580\" height=\"331\" srcset=\"https:\/\/i0.wp.com\/eltrabajo.cl\/portal\/wp-content\/uploads\/2017\/10\/tenimesistas.jpg?w=580&amp;ssl=1 580w, https:\/\/i0.wp.com\/eltrabajo.cl\/portal\/wp-content\/uploads\/2017\/10\/tenimesistas.jpg?resize=200%2C114&amp;ssl=1 200w, https:\/\/i0.wp.com\/eltrabajo.cl\/portal\/wp-content\/uploads\/2017\/10\/tenimesistas.jpg?resize=300%2C171&amp;ssl=1 300w, https:\/\/i0.wp.com\/eltrabajo.cl\/portal\/wp-content\/uploads\/2017\/10\/tenimesistas.jpg?resize=263%2C150&amp;ssl=1 263w, https:\/\/i0.wp.com\/eltrabajo.cl\/portal\/wp-content\/uploads\/2017\/10\/tenimesistas.jpg?resize=400%2C228&amp;ssl=1 400w\" sizes=\"auto, (max-width: 580px) 100vw, 580px\" \/><figcaption id=\"caption-attachment-82467\" class=\"wp-caption-text\">Tenimesistas de muy buen nivel se dieron cita en el Open organizado por Aconcagua Tenis de Mesa.<\/figcaption><\/figure>\n","protected":false},"excerpt":{"rendered":"<p>Felices, satisfechos y muy ilusionados de cara a lo que se les vendr\u00e1 para el futuro cercano, se mostraron en la interna del club Aconcagua Tenis de Mesa, luego del \u00e9xito que&#8230;<\/p>\n","protected":false},"author":1,"featured_media":82467,"comment_status":"open","ping_status":"open","sticky":false,"template":"","format":"standard","meta":{"advanced_seo_description":"","jetpack_seo_html_title":"","jetpack_seo_noindex":false,"_jetpack_memberships_contains_paid_content":false,"footnotes":""},"categories":[19],"tags":[],"class_list":["post-82466","post","type-post","status-publish","format-standard","has-post-thumbnail","hentry","category-deportes"],"jetpack_featured_media_url":"https:\/\/i0.wp.com\/eltrabajo.cl\/portal\/wp-content\/uploads\/2017\/10\/tenimesistas.jpg?fit=580%2C331&ssl=1","jetpack_sharing_enabled":true,"jetpack_likes_enabled":true,"jetpack-related-posts":[],"_links":{"self":[{"href":"https:\/\/eltrabajo.cl\/portal\/wp-json\/wp\/v2\/posts\/82466","targetHints":{"allow":["GET"]}}],"collection":[{"href":"https:\/\/eltrabajo.cl\/portal\/wp-json\/wp\/v2\/posts"}],"about":[{"href":"https:\/\/eltrabajo.cl\/portal\/wp-json\/wp\/v2\/types\/post"}],"author":[{"embeddable":true,"href":"https:\/\/eltrabajo.cl\/portal\/wp-json\/wp\/v2\/users\/1"}],"replies":[{"embeddable":true,"href":"https:\/\/eltrabajo.cl\/portal\/wp-json\/wp\/v2\/comments?post=82466"}],"version-history":[{"count":0,"href":"https:\/\/eltrabajo.cl\/portal\/wp-json\/wp\/v2\/posts\/82466\/revisions"}],"wp:featuredmedia":[{"embeddable":true,"href":"https:\/\/eltrabajo.cl\/portal\/wp-json\/wp\/v2\/media\/82467"}],"wp:attachment":[{"href":"https:\/\/eltrabajo.cl\/portal\/wp-json\/wp\/v2\/media?parent=82466"}],"wp:term":[{"taxonomy":"category","embeddable":true,"href":"https:\/\/eltrabajo.cl\/portal\/wp-json\/wp\/v2\/categories?post=82466"},{"taxonomy":"post_tag","embeddable":true,"href":"https:\/\/eltrabajo.cl\/portal\/wp-json\/wp\/v2\/tags?post=82466"}],"curies":[{"name":"wp","href":"https:\/\/api.w.org\/{rel}","templated":true}]}}