{"id":82479,"date":"2017-10-25T05:05:28","date_gmt":"2017-10-25T09:05:28","guid":{"rendered":"http:\/\/www.eltrabajo.cl\/2017\/?p=82479"},"modified":"2017-10-25T05:05:28","modified_gmt":"2017-10-25T09:05:28","slug":"condenado-a-dos-anos-por-conducir-ebrio-y-sin-la-licencia-respectiva","status":"publish","type":"post","link":"https:\/\/eltrabajo.cl\/portal\/condenado-a-dos-anos-por-conducir-ebrio-y-sin-la-licencia-respectiva\/","title":{"rendered":"Condenado a dos a\u00f1os por conducir ebrio y sin la licencia respectiva"},"content":{"rendered":"<figure id=\"attachment_82480\" aria-describedby=\"caption-attachment-82480\" style=\"width: 580px\" class=\"wp-caption alignnone\"><img data-recalc-dims=\"1\" loading=\"lazy\" decoding=\"async\" class=\"size-full wp-image-82480\" src=\"https:\/\/i0.wp.com\/www.eltrabajo.cl\/2017\/wp-content\/uploads\/2017\/10\/CONDUCTOR-EBRIO.jpg?resize=580%2C290\" alt=\"El enjuiciado conduc\u00eda el autom\u00f3vil en estado de ebriedad y sin haber obtenido licencia para conducir veh\u00edculos motorizados. (Foto Referencial).\" width=\"580\" height=\"290\" srcset=\"https:\/\/i0.wp.com\/eltrabajo.cl\/portal\/wp-content\/uploads\/2017\/10\/CONDUCTOR-EBRIO.jpg?w=580&amp;ssl=1 580w, https:\/\/i0.wp.com\/eltrabajo.cl\/portal\/wp-content\/uploads\/2017\/10\/CONDUCTOR-EBRIO.jpg?resize=200%2C100&amp;ssl=1 200w, https:\/\/i0.wp.com\/eltrabajo.cl\/portal\/wp-content\/uploads\/2017\/10\/CONDUCTOR-EBRIO.jpg?resize=300%2C150&amp;ssl=1 300w, https:\/\/i0.wp.com\/eltrabajo.cl\/portal\/wp-content\/uploads\/2017\/10\/CONDUCTOR-EBRIO.jpg?resize=400%2C200&amp;ssl=1 400w\" sizes=\"auto, (max-width: 580px) 100vw, 580px\" \/><figcaption id=\"caption-attachment-82480\" class=\"wp-caption-text\">El enjuiciado conduc\u00eda el autom\u00f3vil en estado de ebriedad y sin haber obtenido licencia para conducir veh\u00edculos motorizados. (Foto Referencial).<\/figcaption><\/figure>\n<ul>\n<li><strong><span style=\"color: #ff0000;\">Cumplir\u00e1 en casa encerrado de 22,00 a 06,00 horas:\u00a0<\/span>Delito qued\u00f3 al descubierto tras una fiscalizaci\u00f3n de Carabineros en el centro de la ciudad de San Felipe. El sentenciado circulaba en su autom\u00f3vil con 1.44 gramos de alcohol en la sangre.<\/strong><\/li>\n<\/ul>\n<p>A la pena de dos a\u00f1os de presidio menor en su grado medio, m\u00e1s una multa de 5 unidades tributarias mensuales, fue la sentencia impuesta por el Tribunal Oral en Lo Penal de San Felipe en contra de Jorge Mario Vargas Higuera, quien fue enjuiciado por conducir su veh\u00edculo con 1.44 gramos de alcohol en su cuerpo sin haber obtenido la licencia de conducir debida, siendo detenido por Carabineros.<br \/>\nEl delito se remonta al 30 de junio de 2015, alrededor de las 03:20 de la madrugada, oportunidad en la que el sentenciado fue sorprendido por la polic\u00eda uniformada conduciendo un autom\u00f3vil marca Toyota de color blanco, circulando por calle Prat esquina Combate de Las Coimas en San Felipe, huyendo de la presencia policial, dirigi\u00e9ndose hasta calle Traslavi\u00f1a sin detenerse en la luz roja del sem\u00e1foro, ignorando las se\u00f1ales de detenci\u00f3n efectuadas por Carabineros.<br \/>\nLa acusaci\u00f3n de la Fiscal\u00eda refiere a que el enjuiciado aquel d\u00eda no detuvo su autom\u00f3vil ante la se\u00f1al\u00e9tica Pare al llegar a la intersecci\u00f3n de avenida Chacabuco, deteniendo el m\u00f3vil finalmente en calle Luis Gajardo Guerrero para descender del veh\u00edculo y escapar a pie de los funcionarios de Carabineros que lograron detenerlo.<br \/>\nLas diligencias concluyeron que el detenido Vargas Higuera conduc\u00eda con 1.44 gramos de alcohol en la sangre, seg\u00fan arroj\u00f3 el examen de alcoholemia, adem\u00e1s sin haber obtenido licencia para conducir veh\u00edculos motorizados.<br \/>\nDurante el juicio la Fiscal\u00eda persegu\u00eda que se condenara al entonces imputado a la pena de tres a\u00f1os de presidio menor en su grado medio, sin embargo la terna de jueces resolvi\u00f3 condenar a Mario Vargas a la pena de dos a\u00f1os de presidio, sustituyendo la pena privativa de libertad por reclusi\u00f3n parcial domiciliaria consistente en el encierro en su vivienda desde las 22:00 horas hasta las 06:00 horas del d\u00eda siguiente durante el per\u00edodo de la condena.<br \/>\n<strong>Pablo Salinas Sald\u00edas<\/strong><\/p>\n","protected":false},"excerpt":{"rendered":"<p>Cumplir\u00e1 en casa encerrado de 22,00 a 06,00 horas:\u00a0Delito qued\u00f3 al descubierto tras una fiscalizaci\u00f3n de Carabineros en el centro de la ciudad de San Felipe. El sentenciado circulaba en su autom\u00f3vil&#8230;<\/p>\n","protected":false},"author":1,"featured_media":82480,"comment_status":"open","ping_status":"open","sticky":false,"template":"","format":"standard","meta":{"advanced_seo_description":"","jetpack_seo_html_title":"","jetpack_seo_noindex":false,"_jetpack_memberships_contains_paid_content":false,"footnotes":""},"categories":[21],"tags":[],"class_list":["post-82479","post","type-post","status-publish","format-standard","has-post-thumbnail","hentry","category-policial"],"jetpack_featured_media_url":"https:\/\/i0.wp.com\/eltrabajo.cl\/portal\/wp-content\/uploads\/2017\/10\/CONDUCTOR-EBRIO.jpg?fit=580%2C290&ssl=1","jetpack_sharing_enabled":true,"jetpack_likes_enabled":true,"jetpack-related-posts":[],"_links":{"self":[{"href":"https:\/\/eltrabajo.cl\/portal\/wp-json\/wp\/v2\/posts\/82479","targetHints":{"allow":["GET"]}}],"collection":[{"href":"https:\/\/eltrabajo.cl\/portal\/wp-json\/wp\/v2\/posts"}],"about":[{"href":"https:\/\/eltrabajo.cl\/portal\/wp-json\/wp\/v2\/types\/post"}],"author":[{"embeddable":true,"href":"https:\/\/eltrabajo.cl\/portal\/wp-json\/wp\/v2\/users\/1"}],"replies":[{"embeddable":true,"href":"https:\/\/eltrabajo.cl\/portal\/wp-json\/wp\/v2\/comments?post=82479"}],"version-history":[{"count":0,"href":"https:\/\/eltrabajo.cl\/portal\/wp-json\/wp\/v2\/posts\/82479\/revisions"}],"wp:featuredmedia":[{"embeddable":true,"href":"https:\/\/eltrabajo.cl\/portal\/wp-json\/wp\/v2\/media\/82480"}],"wp:attachment":[{"href":"https:\/\/eltrabajo.cl\/portal\/wp-json\/wp\/v2\/media?parent=82479"}],"wp:term":[{"taxonomy":"category","embeddable":true,"href":"https:\/\/eltrabajo.cl\/portal\/wp-json\/wp\/v2\/categories?post=82479"},{"taxonomy":"post_tag","embeddable":true,"href":"https:\/\/eltrabajo.cl\/portal\/wp-json\/wp\/v2\/tags?post=82479"}],"curies":[{"name":"wp","href":"https:\/\/api.w.org\/{rel}","templated":true}]}}