{"id":82501,"date":"2017-10-26T05:02:30","date_gmt":"2017-10-26T09:02:30","guid":{"rendered":"http:\/\/www.eltrabajo.cl\/2017\/?p=82501"},"modified":"2017-10-26T05:02:30","modified_gmt":"2017-10-26T09:02:30","slug":"carabineros-intensificara-controles-vehiculares-este-largo-fin-de-semana","status":"publish","type":"post","link":"https:\/\/eltrabajo.cl\/portal\/carabineros-intensificara-controles-vehiculares-este-largo-fin-de-semana\/","title":{"rendered":"Carabineros intensificar\u00e1 controles vehiculares este largo fin de semana"},"content":{"rendered":"<figure id=\"attachment_82503\" aria-describedby=\"caption-attachment-82503\" style=\"width: 579px\" class=\"wp-caption alignnone\"><img data-recalc-dims=\"1\" loading=\"lazy\" decoding=\"async\" class=\"size-full wp-image-82503\" src=\"https:\/\/i0.wp.com\/www.eltrabajo.cl\/2017\/wp-content\/uploads\/2017\/10\/CONTROLES-VEHICULARES.jpg?resize=579%2C386\" alt=\"A partir de hoy jueves Carabineros pondr\u00e1 en marcha el \u2018Plan Weekend\u2019, intensificando controles vehiculares en las principales rutas de Aconcagua.\" width=\"579\" height=\"386\" srcset=\"https:\/\/i0.wp.com\/eltrabajo.cl\/portal\/wp-content\/uploads\/2017\/10\/CONTROLES-VEHICULARES.jpg?w=579&amp;ssl=1 579w, https:\/\/i0.wp.com\/eltrabajo.cl\/portal\/wp-content\/uploads\/2017\/10\/CONTROLES-VEHICULARES.jpg?resize=200%2C133&amp;ssl=1 200w, https:\/\/i0.wp.com\/eltrabajo.cl\/portal\/wp-content\/uploads\/2017\/10\/CONTROLES-VEHICULARES.jpg?resize=300%2C200&amp;ssl=1 300w, https:\/\/i0.wp.com\/eltrabajo.cl\/portal\/wp-content\/uploads\/2017\/10\/CONTROLES-VEHICULARES.jpg?resize=225%2C150&amp;ssl=1 225w, https:\/\/i0.wp.com\/eltrabajo.cl\/portal\/wp-content\/uploads\/2017\/10\/CONTROLES-VEHICULARES.jpg?resize=400%2C267&amp;ssl=1 400w\" sizes=\"auto, (max-width: 579px) 100vw, 579px\" \/><figcaption id=\"caption-attachment-82503\" class=\"wp-caption-text\">A partir de hoy jueves Carabineros pondr\u00e1 en marcha el \u2018Plan Weekend\u2019, intensificando controles vehiculares en las principales rutas de Aconcagua.<\/figcaption><\/figure>\n<ul>\n<li><strong><span style=\"color: #ff0000;\">En rutas 5 Norte, 60 CH y Libertadores:\u00a0<\/span>\u2018Plan Weekend\u2019 se extender\u00e1 por las principales rutas de la provincia de San Felipe y Los Andes para las fiscalizaciones a los automovilistas que se desplacen hacia el sector costa y regi\u00f3n Metropolitana.<\/strong><\/li>\n<\/ul>\n<p>Carabineros anunci\u00f3 que se dispondr\u00e1 de vigilancias a servicentros y plazas de peaje.<br \/>\nA partir de hoy jueves, ya en v\u00edsperas de un largo fin de semana, Carabineros de San Felipe anunci\u00f3 la puesta en marcha del \u2018Plan Weekend\u2019, consistente en la intensificaci\u00f3n en controles vehiculares aplicando el intoxilyzer para descubrir a los conductores de veh\u00edculos que circulen bajo la influencia del alcohol a fin de evitar accidentes de tr\u00e1nsito.<br \/>\nLa polic\u00eda uniformada dispondr\u00e1 de estos servicios extraordinarios en las principales rutas de la provincia de San Felipe y Los Andes, especialmente en las rutas 60 Ch, 5 Norte y Libertadores, donde se espera que un n\u00famero significativo de automovilistas abandonen la regi\u00f3n de Aconcagua para dirigirse hacia el sector costa o la capital.<br \/>\nEl Jefe de la Subcomisar\u00eda Investigadora de Accidentes de Tr\u00e1nsito Siat de Carabineros de San Felipe, Capit\u00e1n Francisco Carre\u00f1o, inform\u00f3 a Diario El Trabajo que las fiscalizaciones se desplegar\u00e1n a partir de hoy jueves en dichas rutas, donde practicar\u00e1n controles de velocidad, fiscalizaci\u00f3n del uso correcto del cintur\u00f3n de seguridad y controles de alcotest.<br \/>\n\u201cA contar de este jueves a las 16:00 horas comenzar\u00e1 el plan weekend, apostando personal de tr\u00e1nsito en las ruta 5 Norte, 60CH y Libertadores con la finalidad de marcar presencia policial de los puntos conflictivos y de mayor afluencia de p\u00fablico. Se realizar\u00e1n y utilizar\u00e1n equipos tecnol\u00f3gicos como pistolas de radar l\u00e1ser detectores de velocidad, equipos detectores de alcohol con la finalidad de evitar conductores lo hagan en estado de ebriedad\u201d.<br \/>\nEl oficial de Carabineros hace hincapi\u00e9 a la comunidad a no consumir alcohol cuando se va a conducir o designar un conductor con cero alcohol en la sangre. El llamado se extiende a los peatones que consumen alcohol y transitan por la calzada de las rutas, se exponen a ser atropellados por un veh\u00edculo, por lo cual se llama al autocuidado.<br \/>\nAsimismo Carre\u00f1o enfatiz\u00f3 que se dispondr\u00e1 de vigilancias a servicentros y plazas de peaje a fin de evitar episodios delictuales durante el largo fin de semana.<br \/>\n<strong>Pablo Salinas Sald\u00edas<\/strong><\/p>\n<figure id=\"attachment_82502\" aria-describedby=\"caption-attachment-82502\" style=\"width: 580px\" class=\"wp-caption alignnone\"><img data-recalc-dims=\"1\" loading=\"lazy\" decoding=\"async\" class=\"size-full wp-image-82502\" src=\"https:\/\/i0.wp.com\/www.eltrabajo.cl\/2017\/wp-content\/uploads\/2017\/10\/CAPITAN-FRANCISCO-CARRENO.jpg?resize=580%2C411\" alt=\"Jefe la Siat de Carabineros de San Felipe, Capit\u00e1n Francisco Carre\u00f1o.\" width=\"580\" height=\"411\" srcset=\"https:\/\/i0.wp.com\/eltrabajo.cl\/portal\/wp-content\/uploads\/2017\/10\/CAPITAN-FRANCISCO-CARRENO.jpg?w=580&amp;ssl=1 580w, https:\/\/i0.wp.com\/eltrabajo.cl\/portal\/wp-content\/uploads\/2017\/10\/CAPITAN-FRANCISCO-CARRENO.jpg?resize=200%2C142&amp;ssl=1 200w, https:\/\/i0.wp.com\/eltrabajo.cl\/portal\/wp-content\/uploads\/2017\/10\/CAPITAN-FRANCISCO-CARRENO.jpg?resize=300%2C213&amp;ssl=1 300w, https:\/\/i0.wp.com\/eltrabajo.cl\/portal\/wp-content\/uploads\/2017\/10\/CAPITAN-FRANCISCO-CARRENO.jpg?resize=212%2C150&amp;ssl=1 212w, https:\/\/i0.wp.com\/eltrabajo.cl\/portal\/wp-content\/uploads\/2017\/10\/CAPITAN-FRANCISCO-CARRENO.jpg?resize=400%2C283&amp;ssl=1 400w\" sizes=\"auto, (max-width: 580px) 100vw, 580px\" \/><figcaption id=\"caption-attachment-82502\" class=\"wp-caption-text\">Jefe la Siat de Carabineros de San Felipe, Capit\u00e1n Francisco Carre\u00f1o.<\/figcaption><\/figure>\n","protected":false},"excerpt":{"rendered":"<p>En rutas 5 Norte, 60 CH y Libertadores:\u00a0\u2018Plan Weekend\u2019 se extender\u00e1 por las principales rutas de la provincia de San Felipe y Los Andes para las fiscalizaciones a los automovilistas que se&#8230;<\/p>\n","protected":false},"author":1,"featured_media":82503,"comment_status":"open","ping_status":"open","sticky":false,"template":"","format":"standard","meta":{"advanced_seo_description":"","jetpack_seo_html_title":"","jetpack_seo_noindex":false,"_jetpack_memberships_contains_paid_content":false,"footnotes":""},"categories":[1],"tags":[],"class_list":["post-82501","post","type-post","status-publish","format-standard","has-post-thumbnail","hentry","category-cronica"],"jetpack_featured_media_url":"https:\/\/i0.wp.com\/eltrabajo.cl\/portal\/wp-content\/uploads\/2017\/10\/CONTROLES-VEHICULARES.jpg?fit=579%2C386&ssl=1","jetpack_sharing_enabled":true,"jetpack_likes_enabled":true,"jetpack-related-posts":[],"_links":{"self":[{"href":"https:\/\/eltrabajo.cl\/portal\/wp-json\/wp\/v2\/posts\/82501","targetHints":{"allow":["GET"]}}],"collection":[{"href":"https:\/\/eltrabajo.cl\/portal\/wp-json\/wp\/v2\/posts"}],"about":[{"href":"https:\/\/eltrabajo.cl\/portal\/wp-json\/wp\/v2\/types\/post"}],"author":[{"embeddable":true,"href":"https:\/\/eltrabajo.cl\/portal\/wp-json\/wp\/v2\/users\/1"}],"replies":[{"embeddable":true,"href":"https:\/\/eltrabajo.cl\/portal\/wp-json\/wp\/v2\/comments?post=82501"}],"version-history":[{"count":0,"href":"https:\/\/eltrabajo.cl\/portal\/wp-json\/wp\/v2\/posts\/82501\/revisions"}],"wp:featuredmedia":[{"embeddable":true,"href":"https:\/\/eltrabajo.cl\/portal\/wp-json\/wp\/v2\/media\/82503"}],"wp:attachment":[{"href":"https:\/\/eltrabajo.cl\/portal\/wp-json\/wp\/v2\/media?parent=82501"}],"wp:term":[{"taxonomy":"category","embeddable":true,"href":"https:\/\/eltrabajo.cl\/portal\/wp-json\/wp\/v2\/categories?post=82501"},{"taxonomy":"post_tag","embeddable":true,"href":"https:\/\/eltrabajo.cl\/portal\/wp-json\/wp\/v2\/tags?post=82501"}],"curies":[{"name":"wp","href":"https:\/\/api.w.org\/{rel}","templated":true}]}}