{"id":82508,"date":"2017-10-26T05:04:08","date_gmt":"2017-10-26T09:04:08","guid":{"rendered":"http:\/\/www.eltrabajo.cl\/2017\/?p=82508"},"modified":"2017-10-26T05:04:08","modified_gmt":"2017-10-26T09:04:08","slug":"patrulleros-escolares-de-aconcagua-celebraron-su-dia-con-impecable-desfile","status":"publish","type":"post","link":"https:\/\/eltrabajo.cl\/portal\/patrulleros-escolares-de-aconcagua-celebraron-su-dia-con-impecable-desfile\/","title":{"rendered":"Patrulleros escolares de Aconcagua celebraron su d\u00eda con impecable desfile"},"content":{"rendered":"<figure id=\"attachment_82509\" aria-describedby=\"caption-attachment-82509\" style=\"width: 579px\" class=\"wp-caption alignnone\"><img data-recalc-dims=\"1\" loading=\"lazy\" decoding=\"async\" class=\"size-full wp-image-82509\" src=\"https:\/\/i0.wp.com\/www.eltrabajo.cl\/2017\/wp-content\/uploads\/2017\/10\/portada-dia-del-patrullero-escolar.jpg?resize=579%2C326\" alt=\"Con un llamativo desfile frente a la Prefectura de Carabineros Aconcagua se celebr\u00f3 el D\u00eda de las Brigadas Escolares de Tr\u00e1nsito.\" width=\"579\" height=\"326\" srcset=\"https:\/\/i0.wp.com\/eltrabajo.cl\/portal\/wp-content\/uploads\/2017\/10\/portada-dia-del-patrullero-escolar.jpg?w=579&amp;ssl=1 579w, https:\/\/i0.wp.com\/eltrabajo.cl\/portal\/wp-content\/uploads\/2017\/10\/portada-dia-del-patrullero-escolar.jpg?resize=200%2C113&amp;ssl=1 200w, https:\/\/i0.wp.com\/eltrabajo.cl\/portal\/wp-content\/uploads\/2017\/10\/portada-dia-del-patrullero-escolar.jpg?resize=300%2C169&amp;ssl=1 300w, https:\/\/i0.wp.com\/eltrabajo.cl\/portal\/wp-content\/uploads\/2017\/10\/portada-dia-del-patrullero-escolar.jpg?resize=266%2C150&amp;ssl=1 266w, https:\/\/i0.wp.com\/eltrabajo.cl\/portal\/wp-content\/uploads\/2017\/10\/portada-dia-del-patrullero-escolar.jpg?resize=400%2C225&amp;ssl=1 400w\" sizes=\"auto, (max-width: 579px) 100vw, 579px\" \/><figcaption id=\"caption-attachment-82509\" class=\"wp-caption-text\">Con un llamativo desfile frente a la Prefectura de Carabineros Aconcagua se celebr\u00f3 el D\u00eda de las Brigadas Escolares de Tr\u00e1nsito.<\/figcaption><\/figure>\n<ul>\n<li><span style=\"color: #ff0000;\"><strong>En frontis de la Prefectura de Carabineros:<\/strong><\/span><\/li>\n<\/ul>\n<p>Los brigadistas de tr\u00e1nsito de los colegios de la Provincia de San Felipe, celebraron su d\u00eda con un impecable desfile que se desarroll\u00f3 en el frontis de la Prefectura de Carabineros Aconcagua.<br \/>\nDurante la actividad, que organiz\u00f3 la Segunda Comisaria de Carabineros San Felipe, cerca de un centenar de patrulleros renovaron el juramento que los distingue como promotores de la seguridad vial.<br \/>\nEn tanto, el paso de las nueve delegaciones frente a la tribuna de autoridades -que se apost\u00f3 en avenida Bernardo O\u2019Higgins-, fue acompa\u00f1ado por los acordes de la Banda Instrumental del Colegio Alonso de Ercilla.<br \/>\nPor su parte, la Oficina de Integraci\u00f3n Comunitaria de la entidad policial, aprovech\u00f3 la oportunidad para entregar un reconocimiento a los brigadistas m\u00e1s destacados de cada una de las brigadas del tr\u00e1nsito que asistieron al acto c\u00edvico.<br \/>\nFinalmente, Carabineros inform\u00f3 que los colegios participantes de esta nueva celebraci\u00f3n y renovaci\u00f3n de promesas fueron: Colegio Alonso de Ercilla, Liceo Mixto San Felipe, Colegio Rep\u00fablica Argentina, Colegio Buen Pastor, Escuela Carmela Carvajal, Colegio Juan G\u00f3mez Milla, Escuela Agust\u00edn Edwards, Escuela Naciones Unidas y Escuela H\u00e9roes de Iquique.<\/p>\n","protected":false},"excerpt":{"rendered":"<p>En frontis de la Prefectura de Carabineros: Los brigadistas de tr\u00e1nsito de los colegios de la Provincia de San Felipe, celebraron su d\u00eda con un impecable desfile que se desarroll\u00f3 en el&#8230;<\/p>\n","protected":false},"author":1,"featured_media":82509,"comment_status":"open","ping_status":"open","sticky":false,"template":"","format":"standard","meta":{"advanced_seo_description":"","jetpack_seo_html_title":"","jetpack_seo_noindex":false,"_jetpack_memberships_contains_paid_content":false,"footnotes":""},"categories":[1],"tags":[],"class_list":["post-82508","post","type-post","status-publish","format-standard","has-post-thumbnail","hentry","category-cronica"],"jetpack_featured_media_url":"https:\/\/i0.wp.com\/eltrabajo.cl\/portal\/wp-content\/uploads\/2017\/10\/portada-dia-del-patrullero-escolar.jpg?fit=579%2C326&ssl=1","jetpack_sharing_enabled":true,"jetpack_likes_enabled":true,"jetpack-related-posts":[],"_links":{"self":[{"href":"https:\/\/eltrabajo.cl\/portal\/wp-json\/wp\/v2\/posts\/82508","targetHints":{"allow":["GET"]}}],"collection":[{"href":"https:\/\/eltrabajo.cl\/portal\/wp-json\/wp\/v2\/posts"}],"about":[{"href":"https:\/\/eltrabajo.cl\/portal\/wp-json\/wp\/v2\/types\/post"}],"author":[{"embeddable":true,"href":"https:\/\/eltrabajo.cl\/portal\/wp-json\/wp\/v2\/users\/1"}],"replies":[{"embeddable":true,"href":"https:\/\/eltrabajo.cl\/portal\/wp-json\/wp\/v2\/comments?post=82508"}],"version-history":[{"count":0,"href":"https:\/\/eltrabajo.cl\/portal\/wp-json\/wp\/v2\/posts\/82508\/revisions"}],"wp:featuredmedia":[{"embeddable":true,"href":"https:\/\/eltrabajo.cl\/portal\/wp-json\/wp\/v2\/media\/82509"}],"wp:attachment":[{"href":"https:\/\/eltrabajo.cl\/portal\/wp-json\/wp\/v2\/media?parent=82508"}],"wp:term":[{"taxonomy":"category","embeddable":true,"href":"https:\/\/eltrabajo.cl\/portal\/wp-json\/wp\/v2\/categories?post=82508"},{"taxonomy":"post_tag","embeddable":true,"href":"https:\/\/eltrabajo.cl\/portal\/wp-json\/wp\/v2\/tags?post=82508"}],"curies":[{"name":"wp","href":"https:\/\/api.w.org\/{rel}","templated":true}]}}