{"id":82511,"date":"2017-10-26T05:05:45","date_gmt":"2017-10-26T09:05:45","guid":{"rendered":"http:\/\/www.eltrabajo.cl\/2017\/?p=82511"},"modified":"2017-10-26T05:05:45","modified_gmt":"2017-10-26T09:05:45","slug":"municipio-premia-tres-primeros-lugares-concurso-de-fotografia-i-love-san-felipe","status":"publish","type":"post","link":"https:\/\/eltrabajo.cl\/portal\/municipio-premia-tres-primeros-lugares-concurso-de-fotografia-i-love-san-felipe\/","title":{"rendered":"Municipio premia tres primeros lugares concurso de fotograf\u00eda \u2018I love San Felipe\u2019"},"content":{"rendered":"<figure id=\"attachment_82513\" aria-describedby=\"caption-attachment-82513\" style=\"width: 578px\" class=\"wp-caption alignnone\"><img data-recalc-dims=\"1\" loading=\"lazy\" decoding=\"async\" class=\"size-full wp-image-82513\" src=\"https:\/\/i0.wp.com\/www.eltrabajo.cl\/2017\/wp-content\/uploads\/2017\/10\/Iann-De-Pablo-Madrian-SilvaOK.jpg?resize=578%2C386\" alt=\"Iann De Pablo Madrian Silva logr\u00f3 esta imagen azulada en El Almendral, obteniendo el segundo lugar.\" width=\"578\" height=\"386\" srcset=\"https:\/\/i0.wp.com\/eltrabajo.cl\/portal\/wp-content\/uploads\/2017\/10\/Iann-De-Pablo-Madrian-SilvaOK.jpg?w=578&amp;ssl=1 578w, https:\/\/i0.wp.com\/eltrabajo.cl\/portal\/wp-content\/uploads\/2017\/10\/Iann-De-Pablo-Madrian-SilvaOK.jpg?resize=200%2C134&amp;ssl=1 200w, https:\/\/i0.wp.com\/eltrabajo.cl\/portal\/wp-content\/uploads\/2017\/10\/Iann-De-Pablo-Madrian-SilvaOK.jpg?resize=300%2C200&amp;ssl=1 300w, https:\/\/i0.wp.com\/eltrabajo.cl\/portal\/wp-content\/uploads\/2017\/10\/Iann-De-Pablo-Madrian-SilvaOK.jpg?resize=225%2C150&amp;ssl=1 225w, https:\/\/i0.wp.com\/eltrabajo.cl\/portal\/wp-content\/uploads\/2017\/10\/Iann-De-Pablo-Madrian-SilvaOK.jpg?resize=400%2C267&amp;ssl=1 400w\" sizes=\"auto, (max-width: 578px) 100vw, 578px\" \/><figcaption id=\"caption-attachment-82513\" class=\"wp-caption-text\">Iann De Pablo Madrian Silva logr\u00f3 esta imagen azulada en El Almendral, obteniendo el segundo lugar.<\/figcaption><\/figure>\n<ul>\n<li><span style=\"color: #ff0000;\"><strong>La iniciativa fue realizada en el marco del d\u00eda de la Fotograf\u00eda que se celebr\u00f3 en el mes de agosto.<\/strong><\/span><\/li>\n<\/ul>\n<p>Este lunes fueron premiados los tres primeros lugares que ganaron el concurso de fotograf\u00eda \u2018I love San Felipe\u2019, realizado por la Municipalidad de San Felipe durante todo el mes de agosto, a prop\u00f3sito del D\u00eda de la Fotograf\u00eda.<br \/>\nLa actividad la ejecutaron en conjunto la oficina de la Juventud y el departamento de Comunicaciones y tuvo m\u00e1s de cien participantes, con fotograf\u00edas que mostraban distintos sectores de la comuna.<br \/>\nLa iniciativa ten\u00eda como objetivo conocer y mostrar los distintos paisajes que forman parte de la comuna de San Felipe, por ello las fotograf\u00edas participantes fueron subidas a las redes sociales del municipio, y las ganadoras fueron elegidas entre las que m\u00e1s \u2018me gusta\u2019 recibieron.<br \/>\n\u00abEl concurso estaba en el marco del D\u00eda de la Fotograf\u00eda que se celebr\u00f3 en agosto y lanzamos este concurso con la idea de incentivar a las personas que son amantes de la fotograf\u00eda y de capturar en una imagen los bellos momentos que da esta ciudad, en el concurso I love San Felipe, donde finalmente se premi\u00f3 a la mejor imagen del valle que enviaron los participantes y que se trabaj\u00f3 en las redes sociales, junto al departamento de Comunicaciones\u00bb, dijo Nicol\u00e1s Villaseca, profesional de la oficina de la Juventud.<br \/>\nEn el concurso participaron m\u00e1s de cien fotograf\u00edas enviadas por vecinos, tanto aficionados como profesionales, y los ganadores fueron Sebasti\u00e1n Olea, en el primer lugar, con alrededor de dos mil \u2018me gusta\u2019 en su fotograf\u00eda; en el segundo lugar qued\u00f3 Iann Madrian y en el tercer lugar result\u00f3 elegido Hugo Caldera.<br \/>\nLos ganadores se mostraron muy contentos al haber participado en el concurso, se\u00f1alando que la iniciativa fue muy positiva, especialmente para dar a conocer la comuna.<br \/>\n\u00abMi fotograf\u00eda representaba la esencia de San felipe, que mostraba la Catedral que es ic\u00f3nica. Me motiv\u00f3 porque me gusta la fotograf\u00eda y porque se iba a conocer la comuna, a nivel mas masivo, sea dentro de Chile o internacional, la encontr\u00e9 una super buena instancia para mostrar San Felipe\u00bb, se\u00f1al\u00f3 Sebasti\u00e1n Olea, mientrasque Iann Madrian sostuvo que \u00abfue una de mis primeras fotos con mi c\u00e1mara y empec\u00e9 a practicar, empec\u00e9 a leer sobre la hora azul y tom\u00e9 esa\u00bb y Hugo Caldera, que se qued\u00f3 con el tercer lugar dijo que \u00abmi inter\u00e9s por participar fue dar a conocer la ciudad de San Felipe y como estudio en Santiago, entonces tuve un mayor alcance de personas que viven en otras zonas del pa\u00eds\u00bb.<\/p>\n<figure id=\"attachment_82512\" aria-describedby=\"caption-attachment-82512\" style=\"width: 579px\" class=\"wp-caption alignnone\"><img data-recalc-dims=\"1\" loading=\"lazy\" decoding=\"async\" class=\"size-full wp-image-82512\" src=\"https:\/\/i0.wp.com\/www.eltrabajo.cl\/2017\/wp-content\/uploads\/2017\/10\/Hugo-Ignacio-Caldera-HerediaOK.jpg?resize=579%2C387\" alt=\"El tercer lugar fue para Hugo Ignacio Caldera Heredia, con esta vista de El Almendral.\" width=\"579\" height=\"387\" srcset=\"https:\/\/i0.wp.com\/eltrabajo.cl\/portal\/wp-content\/uploads\/2017\/10\/Hugo-Ignacio-Caldera-HerediaOK.jpg?w=579&amp;ssl=1 579w, https:\/\/i0.wp.com\/eltrabajo.cl\/portal\/wp-content\/uploads\/2017\/10\/Hugo-Ignacio-Caldera-HerediaOK.jpg?resize=200%2C134&amp;ssl=1 200w, https:\/\/i0.wp.com\/eltrabajo.cl\/portal\/wp-content\/uploads\/2017\/10\/Hugo-Ignacio-Caldera-HerediaOK.jpg?resize=300%2C201&amp;ssl=1 300w, https:\/\/i0.wp.com\/eltrabajo.cl\/portal\/wp-content\/uploads\/2017\/10\/Hugo-Ignacio-Caldera-HerediaOK.jpg?resize=224%2C150&amp;ssl=1 224w, https:\/\/i0.wp.com\/eltrabajo.cl\/portal\/wp-content\/uploads\/2017\/10\/Hugo-Ignacio-Caldera-HerediaOK.jpg?resize=400%2C267&amp;ssl=1 400w\" sizes=\"auto, (max-width: 579px) 100vw, 579px\" \/><figcaption id=\"caption-attachment-82512\" class=\"wp-caption-text\">El tercer lugar fue para Hugo Ignacio Caldera Heredia, con esta vista de El Almendral.<\/figcaption><\/figure>\n<figure id=\"attachment_82514\" aria-describedby=\"caption-attachment-82514\" style=\"width: 580px\" class=\"wp-caption alignnone\"><img data-recalc-dims=\"1\" loading=\"lazy\" decoding=\"async\" class=\"size-full wp-image-82514\" src=\"https:\/\/i0.wp.com\/www.eltrabajo.cl\/2017\/wp-content\/uploads\/2017\/10\/premiacion.jpg?resize=580%2C416\" alt=\"Los ganadores fueron Sebasti\u00e1n Olea (primer lugar), Iann Madrian (segundo) y Hugo Caldera (tercero). \" width=\"580\" height=\"416\" srcset=\"https:\/\/i0.wp.com\/eltrabajo.cl\/portal\/wp-content\/uploads\/2017\/10\/premiacion.jpg?w=580&amp;ssl=1 580w, https:\/\/i0.wp.com\/eltrabajo.cl\/portal\/wp-content\/uploads\/2017\/10\/premiacion.jpg?resize=200%2C143&amp;ssl=1 200w, https:\/\/i0.wp.com\/eltrabajo.cl\/portal\/wp-content\/uploads\/2017\/10\/premiacion.jpg?resize=300%2C215&amp;ssl=1 300w, https:\/\/i0.wp.com\/eltrabajo.cl\/portal\/wp-content\/uploads\/2017\/10\/premiacion.jpg?resize=209%2C150&amp;ssl=1 209w, https:\/\/i0.wp.com\/eltrabajo.cl\/portal\/wp-content\/uploads\/2017\/10\/premiacion.jpg?resize=400%2C287&amp;ssl=1 400w\" sizes=\"auto, (max-width: 580px) 100vw, 580px\" \/><figcaption id=\"caption-attachment-82514\" class=\"wp-caption-text\">Los ganadores fueron Sebasti\u00e1n Olea (primer lugar), Iann Madrian (segundo) y Hugo Caldera (tercero).<\/figcaption><\/figure>\n<figure id=\"attachment_82515\" aria-describedby=\"caption-attachment-82515\" style=\"width: 579px\" class=\"wp-caption alignnone\"><img data-recalc-dims=\"1\" loading=\"lazy\" decoding=\"async\" class=\"size-full wp-image-82515\" src=\"https:\/\/i0.wp.com\/www.eltrabajo.cl\/2017\/wp-content\/uploads\/2017\/10\/Sebastian-Andres-Olea-NavajasOK.jpg?resize=579%2C724\" alt=\"Un atardecer arrebolado en calle Prat, imagen captada por Sebastia\u00ecn Andre\u00ecs Olea Navajas, se alz\u00f3 con el primer lugar.\" width=\"579\" height=\"724\" srcset=\"https:\/\/i0.wp.com\/eltrabajo.cl\/portal\/wp-content\/uploads\/2017\/10\/Sebastian-Andres-Olea-NavajasOK.jpg?w=579&amp;ssl=1 579w, https:\/\/i0.wp.com\/eltrabajo.cl\/portal\/wp-content\/uploads\/2017\/10\/Sebastian-Andres-Olea-NavajasOK.jpg?resize=120%2C150&amp;ssl=1 120w, https:\/\/i0.wp.com\/eltrabajo.cl\/portal\/wp-content\/uploads\/2017\/10\/Sebastian-Andres-Olea-NavajasOK.jpg?resize=240%2C300&amp;ssl=1 240w, https:\/\/i0.wp.com\/eltrabajo.cl\/portal\/wp-content\/uploads\/2017\/10\/Sebastian-Andres-Olea-NavajasOK.jpg?resize=400%2C500&amp;ssl=1 400w\" sizes=\"auto, (max-width: 579px) 100vw, 579px\" \/><figcaption id=\"caption-attachment-82515\" class=\"wp-caption-text\">Un atardecer arrebolado en calle Prat, imagen captada por Sebastia\u00ecn Andre\u00ecs Olea Navajas, se alz\u00f3 con el primer lugar.<\/figcaption><\/figure>\n","protected":false},"excerpt":{"rendered":"<p>La iniciativa fue realizada en el marco del d\u00eda de la Fotograf\u00eda que se celebr\u00f3 en el mes de agosto. Este lunes fueron premiados los tres primeros lugares que ganaron el concurso&#8230;<\/p>\n","protected":false},"author":1,"featured_media":82513,"comment_status":"open","ping_status":"open","sticky":false,"template":"","format":"standard","meta":{"advanced_seo_description":"","jetpack_seo_html_title":"","jetpack_seo_noindex":false,"_jetpack_memberships_contains_paid_content":false,"footnotes":""},"categories":[15],"tags":[],"class_list":["post-82511","post","type-post","status-publish","format-standard","has-post-thumbnail","hentry","category-comunidad"],"jetpack_featured_media_url":"https:\/\/i0.wp.com\/eltrabajo.cl\/portal\/wp-content\/uploads\/2017\/10\/Iann-De-Pablo-Madrian-SilvaOK.jpg?fit=578%2C386&ssl=1","jetpack_sharing_enabled":true,"jetpack_likes_enabled":true,"jetpack-related-posts":[],"_links":{"self":[{"href":"https:\/\/eltrabajo.cl\/portal\/wp-json\/wp\/v2\/posts\/82511","targetHints":{"allow":["GET"]}}],"collection":[{"href":"https:\/\/eltrabajo.cl\/portal\/wp-json\/wp\/v2\/posts"}],"about":[{"href":"https:\/\/eltrabajo.cl\/portal\/wp-json\/wp\/v2\/types\/post"}],"author":[{"embeddable":true,"href":"https:\/\/eltrabajo.cl\/portal\/wp-json\/wp\/v2\/users\/1"}],"replies":[{"embeddable":true,"href":"https:\/\/eltrabajo.cl\/portal\/wp-json\/wp\/v2\/comments?post=82511"}],"version-history":[{"count":0,"href":"https:\/\/eltrabajo.cl\/portal\/wp-json\/wp\/v2\/posts\/82511\/revisions"}],"wp:featuredmedia":[{"embeddable":true,"href":"https:\/\/eltrabajo.cl\/portal\/wp-json\/wp\/v2\/media\/82513"}],"wp:attachment":[{"href":"https:\/\/eltrabajo.cl\/portal\/wp-json\/wp\/v2\/media?parent=82511"}],"wp:term":[{"taxonomy":"category","embeddable":true,"href":"https:\/\/eltrabajo.cl\/portal\/wp-json\/wp\/v2\/categories?post=82511"},{"taxonomy":"post_tag","embeddable":true,"href":"https:\/\/eltrabajo.cl\/portal\/wp-json\/wp\/v2\/tags?post=82511"}],"curies":[{"name":"wp","href":"https:\/\/api.w.org\/{rel}","templated":true}]}}