{"id":82520,"date":"2017-10-26T05:07:46","date_gmt":"2017-10-26T09:07:46","guid":{"rendered":"http:\/\/www.eltrabajo.cl\/2017\/?p=82520"},"modified":"2017-10-26T05:07:46","modified_gmt":"2017-10-26T09:07:46","slug":"adulta-mayor-muere-calcinada-en-incendio-de-casa-en-rinconada-de-silva","status":"publish","type":"post","link":"https:\/\/eltrabajo.cl\/portal\/adulta-mayor-muere-calcinada-en-incendio-de-casa-en-rinconada-de-silva\/","title":{"rendered":"Adulta mayor muere calcinada en incendio de casa en Rinconada de Silva"},"content":{"rendered":"<figure id=\"attachment_82521\" aria-describedby=\"caption-attachment-82521\" style=\"width: 580px\" class=\"wp-caption alignnone\"><img data-recalc-dims=\"1\" loading=\"lazy\" decoding=\"async\" class=\"size-full wp-image-82521\" src=\"https:\/\/i0.wp.com\/www.eltrabajo.cl\/2017\/wp-content\/uploads\/2017\/10\/INCENDIO-RINCONADA-2.jpg?resize=580%2C384\" alt=\"Una adulta mayor fue hallada muerta a ra\u00edz del voraz incendio controlado por Bomberos de las tres compa\u00f1\u00edas de esa comuna. (Fotograf\u00eda: @sanfelipeinform)\" width=\"580\" height=\"384\" srcset=\"https:\/\/i0.wp.com\/eltrabajo.cl\/portal\/wp-content\/uploads\/2017\/10\/INCENDIO-RINCONADA-2.jpg?w=580&amp;ssl=1 580w, https:\/\/i0.wp.com\/eltrabajo.cl\/portal\/wp-content\/uploads\/2017\/10\/INCENDIO-RINCONADA-2.jpg?resize=200%2C132&amp;ssl=1 200w, https:\/\/i0.wp.com\/eltrabajo.cl\/portal\/wp-content\/uploads\/2017\/10\/INCENDIO-RINCONADA-2.jpg?resize=300%2C199&amp;ssl=1 300w, https:\/\/i0.wp.com\/eltrabajo.cl\/portal\/wp-content\/uploads\/2017\/10\/INCENDIO-RINCONADA-2.jpg?resize=227%2C150&amp;ssl=1 227w, https:\/\/i0.wp.com\/eltrabajo.cl\/portal\/wp-content\/uploads\/2017\/10\/INCENDIO-RINCONADA-2.jpg?resize=400%2C265&amp;ssl=1 400w\" sizes=\"auto, (max-width: 580px) 100vw, 580px\" \/><figcaption id=\"caption-attachment-82521\" class=\"wp-caption-text\">Una adulta mayor fue hallada muerta a ra\u00edz del voraz incendio controlado por Bomberos de las tres compa\u00f1\u00edas de esa comuna. (Fotograf\u00eda: @sanfelipeinform)<\/figcaption><\/figure>\n<ul>\n<li><strong><span style=\"color: #ff0000;\">PDI inici\u00f3 proceso para determinar su identidad:<\/span>\u00a0El siniestro ocurri\u00f3 en horas de la ma\u00f1ana de ayer mi\u00e9rcoles, destruyendo la vivienda ubicada a un costado del Liceo Rep\u00fablica de Estados Unidos. Bomberos al realizar la remoci\u00f3n de escombros hall\u00f3 el cuerpo calcinado de la v\u00edctima.<\/strong><\/li>\n<\/ul>\n<p>Una mujer adulta mayor fue hallada muerta al interior de su vivienda ubicada en el sector Rinconada de Silva, en Putaendo, a consecuencia de un voraz incendio que se origin\u00f3 alrededor de las 11:30 horas de ayer mi\u00e9rcoles, cuya investigaci\u00f3n se encuentra en proceso por parte de los funcionarios de la Brigada de Homicidios de la Polic\u00eda de Investigaciones de Los Andes.<br \/>\nBomberos de las tres compa\u00f1\u00edas concurrieron a controlar el incendio que se origin\u00f3 en la vivienda a un costado del Liceo Rep\u00fablica de Estados Unidos, cuyas llamas calcinaron gran parte de la estructura del domicilio donde se encontrar\u00edan dos adultas mayores, una de ellas habr\u00eda resultado lesionada, debiendo ser trasladada hasta un centro hospitalario.<br \/>\nMomentos m\u00e1s tarde, controlado el incendio por parte de Bomberos, durante la remoci\u00f3n de escombros fue hallado el cuerpo calcinado de una persona de sexo femenino, debiendo informarse al personal de Carabineros quienes al tomar contacto con el fiscal de turno, se dispuso de las labores investigativas por parte de la PDI.<br \/>\nParalelamente el Departamento T\u00e9cnico de Bomberos inici\u00f3 las investigaciones correspondientes en atenci\u00f3n a determinar las causas basales de este lamentable incendio con resultado de muerte.<br \/>\nConsultado al Jefe de la Brigada de Homicidios de la Polic\u00eda de Investigaciones de Los Andes, Comisario Gino Guti\u00e9rrez, se refiri\u00f3 al cierre de esta nota que durante la tarde de ayer mi\u00e9rcoles, el personal policial se encontraba realizando las pericias correspondientes a determinar con exactitud la identidad de la persona fallecida y las causas que habr\u00edan llevado a su deceso.<br \/>\n\u201cLa informaci\u00f3n hasta el momento es que tenemos una persona fallecida en un inmueble particular en el sector de Rinconada de Silva, en Putaendo, es una persona adulta, tenemos un equipo de trabajo en este momento. Sabemos que esta persona ser\u00eda la propietaria del inmueble siniestrado\u201d, precis\u00f3 el oficial policial a Diario El Trabajo.<br \/>\n<strong>Pablo Salinas Sald\u00edas<\/strong><\/p>\n","protected":false},"excerpt":{"rendered":"<p>PDI inici\u00f3 proceso para determinar su identidad:\u00a0El siniestro ocurri\u00f3 en horas de la ma\u00f1ana de ayer mi\u00e9rcoles, destruyendo la vivienda ubicada a un costado del Liceo Rep\u00fablica de Estados Unidos. Bomberos al&#8230;<\/p>\n","protected":false},"author":1,"featured_media":82521,"comment_status":"open","ping_status":"open","sticky":false,"template":"","format":"standard","meta":{"advanced_seo_description":"","jetpack_seo_html_title":"","jetpack_seo_noindex":false,"_jetpack_memberships_contains_paid_content":false,"footnotes":""},"categories":[21],"tags":[],"class_list":["post-82520","post","type-post","status-publish","format-standard","has-post-thumbnail","hentry","category-policial"],"jetpack_featured_media_url":"https:\/\/i0.wp.com\/eltrabajo.cl\/portal\/wp-content\/uploads\/2017\/10\/INCENDIO-RINCONADA-2.jpg?fit=580%2C384&ssl=1","jetpack_sharing_enabled":true,"jetpack_likes_enabled":true,"jetpack-related-posts":[],"_links":{"self":[{"href":"https:\/\/eltrabajo.cl\/portal\/wp-json\/wp\/v2\/posts\/82520","targetHints":{"allow":["GET"]}}],"collection":[{"href":"https:\/\/eltrabajo.cl\/portal\/wp-json\/wp\/v2\/posts"}],"about":[{"href":"https:\/\/eltrabajo.cl\/portal\/wp-json\/wp\/v2\/types\/post"}],"author":[{"embeddable":true,"href":"https:\/\/eltrabajo.cl\/portal\/wp-json\/wp\/v2\/users\/1"}],"replies":[{"embeddable":true,"href":"https:\/\/eltrabajo.cl\/portal\/wp-json\/wp\/v2\/comments?post=82520"}],"version-history":[{"count":0,"href":"https:\/\/eltrabajo.cl\/portal\/wp-json\/wp\/v2\/posts\/82520\/revisions"}],"wp:featuredmedia":[{"embeddable":true,"href":"https:\/\/eltrabajo.cl\/portal\/wp-json\/wp\/v2\/media\/82521"}],"wp:attachment":[{"href":"https:\/\/eltrabajo.cl\/portal\/wp-json\/wp\/v2\/media?parent=82520"}],"wp:term":[{"taxonomy":"category","embeddable":true,"href":"https:\/\/eltrabajo.cl\/portal\/wp-json\/wp\/v2\/categories?post=82520"},{"taxonomy":"post_tag","embeddable":true,"href":"https:\/\/eltrabajo.cl\/portal\/wp-json\/wp\/v2\/tags?post=82520"}],"curies":[{"name":"wp","href":"https:\/\/api.w.org\/{rel}","templated":true}]}}