{"id":82523,"date":"2017-10-30T05:00:22","date_gmt":"2017-10-30T09:00:22","guid":{"rendered":"http:\/\/www.eltrabajo.cl\/2017\/?p=82523"},"modified":"2017-10-30T05:00:22","modified_gmt":"2017-10-30T09:00:22","slug":"copones-de-la-plaza-de-armas-por-fin-fueron-restaurados","status":"publish","type":"post","link":"https:\/\/eltrabajo.cl\/portal\/copones-de-la-plaza-de-armas-por-fin-fueron-restaurados\/","title":{"rendered":"Copones de la Plaza de Armas por fin fueron restaurados"},"content":{"rendered":"<figure id=\"attachment_82526\" aria-describedby=\"caption-attachment-82526\" style=\"width: 580px\" class=\"wp-caption alignnone\"><img data-recalc-dims=\"1\" loading=\"lazy\" decoding=\"async\" class=\"size-full wp-image-82526\" src=\"https:\/\/i0.wp.com\/www.eltrabajo.cl\/2017\/wp-content\/uploads\/2017\/10\/Leones1.jpg?resize=580%2C349\" alt=\"REPARADOS.- Estos copones, as\u00ed como otros elementos de nuestra Plaza de Armas, est\u00e1n siendo restaurados para el deleite de propios y extra\u00f1os.\" width=\"580\" height=\"349\" srcset=\"https:\/\/i0.wp.com\/eltrabajo.cl\/portal\/wp-content\/uploads\/2017\/10\/Leones1.jpg?w=580&amp;ssl=1 580w, https:\/\/i0.wp.com\/eltrabajo.cl\/portal\/wp-content\/uploads\/2017\/10\/Leones1.jpg?resize=200%2C120&amp;ssl=1 200w, https:\/\/i0.wp.com\/eltrabajo.cl\/portal\/wp-content\/uploads\/2017\/10\/Leones1.jpg?resize=300%2C181&amp;ssl=1 300w, https:\/\/i0.wp.com\/eltrabajo.cl\/portal\/wp-content\/uploads\/2017\/10\/Leones1.jpg?resize=249%2C150&amp;ssl=1 249w, https:\/\/i0.wp.com\/eltrabajo.cl\/portal\/wp-content\/uploads\/2017\/10\/Leones1.jpg?resize=400%2C241&amp;ssl=1 400w\" sizes=\"auto, (max-width: 580px) 100vw, 580px\" \/><figcaption id=\"caption-attachment-82526\" class=\"wp-caption-text\">REPARADOS.- Estos copones, as\u00ed como otros elementos de nuestra Plaza de Armas, est\u00e1n siendo restaurados para el deleite de propios y extra\u00f1os.<\/figcaption><\/figure>\n<ul>\n<li><span style=\"color: #ff0000;\"><strong>Realizan encuesta respecto a si hubo o no hubo leones en la plaza:<\/strong><\/span><\/li>\n<\/ul>\n<p>Hace algunos meses El Trabajo TV desarroll\u00f3 un amplio reportaje en relaci\u00f3n a la existencia o no, de los m\u00edticos \u2018leones de la plaza\u2019, investigaci\u00f3n period\u00edstica que se\u00f1al\u00f3 finalmente que \u00e9stos posiblemente nunca existieron en ese lugar. Es por ello que nos llam\u00f3 la atenci\u00f3n que ahora tal investigaci\u00f3n pareciera ser confirmada por un equipo de profesionales que este viernes dieron a conocer los avances del proyecto \u2018Puesta en Valor de la Plaza San Felipe\u2019, de la que se desprenden resultados muy similares a los obtenidos por parte de nuestro equipo period\u00edstico.<br \/>\nEste trabajo contempla una apreciaci\u00f3n de 275 a\u00f1os de una dimensi\u00f3n social, simb\u00f3lica, hist\u00f3rica y art\u00edstica de nuestra Plaza de Armas, que desarrolla desde hace varios a\u00f1os la Municipalidad de San Felipe para la recuperaci\u00f3n de espacios p\u00fablicos y que ahora est\u00e1 en la III Etapa de Conservaci\u00f3n para conjunto de Esculturas Ornamentales.<br \/>\nEste proceso lo est\u00e1 ejecutando la empresa ArTfacto Chile, misma que tambi\u00e9n desarroll\u00f3 una amplia encuesta a los sanfelipe\u00f1os para retomar el tema de \u2018los leones de la Plaza\u2019, como bien se le conoce a este mito urbano de nuestra comuna.<br \/>\n\u00abLa III Etapa tiene el prop\u00f3sito de poner en Valor la Plaza de San Felipe como hito urbano hist\u00f3rico, cultural y ciudadano, a trav\u00e9s de la recuperaci\u00f3n de cuatro dimensiones: social, simb\u00f3lica, hist\u00f3rica y art\u00edstica. La I Etapa fue iniciada en 2014 y contemplaba la restauraci\u00f3n de cuatro esculturas y dos jarrones met\u00e1licos, ejecutado de marzo a agosto de 2014. La II Etapa trat\u00f3 de la restauraci\u00f3n de dos esculturas y dos jarrones met\u00e1licos, entre marzo a agosto 2016, y esta tercera etapa, misma que habla de los 275 a\u00f1os de una dimensi\u00f3n social, simb\u00f3lica, hist\u00f3rica y art\u00edstica de nuestra plaza, o sea, la recuperaci\u00f3n de dos esculturas de Leones y recuperaci\u00f3n de la Pileta Central original\u00bb, dijo a Diario El Trabajo la directora general de ArteFacto, Gloria Rom\u00e1n Marambio.<\/p>\n<p><span style=\"color: #ff0000;\"><strong>LOS LEONES\u2026<\/strong><\/span><br \/>\nSeg\u00fan explic\u00f3 a nuestro medio esta profesional, tambi\u00e9n se realiz\u00f3 una encuesta a los sanfelipe\u00f1os, la que cont\u00f3 con un alto inter\u00e9s de la ciudadan\u00eda, \u00abla mayor\u00eda de los encuestados fueron mayores de 51 a\u00f1os (42%); la mayor\u00eda de los encuestados son sanfelipe\u00f1os (69%); el 64% de los encuestados recuerda los leones; el 95% de los encuestados consideran que deber\u00edan volver los leones a la plaza; la ubicaci\u00f3n de los leones no se encuentra clara (28% se encontraban en una esquina y 32% nunca los vieron en la plaza); la posici\u00f3n de los leones tampoco es un recuerdo claro (32% sentados-27% acostados); la materialidad ser\u00eda piedra con 65%; el 95% no cuenta con fotograf\u00eda, sin embargo un 6% dijo que s\u00ed contaba con alguna fotograf\u00eda y, finalmente, un alto porcentaje que recuerda la pileta anterior considera debe recuperarse\u00bb, agreg\u00f3 Rom\u00e1n.<br \/>\nSe espera que en la cuarta etapa se defina por parte del Municipio, si en definitiva se instalar\u00e1 la pileta original y los leones en nuestra Plaza de Armas.<\/p>\n<p><span style=\"color: #ff0000;\"><strong>M\u00c1S DE $35 MILLONES<\/strong><\/span><br \/>\n\u00abLo que se busca con este tipo de proyecto es poner en valor nuestro patrimonio material de nuestra Plaza de Armas, en el departamento municipal de Cultura apelamos a fondos concursables para poder financiar este tipo de trabajos, los que no son baratos, hay un proceso participativo de los sanfelipe\u00f1os en toda la gesti\u00f3n (\u2026) s\u00f3lo esta tercera etapa tiene un valor cercano a los $13 millones, en total estamos hablando de unos 35 millones de pesos, este es un compromiso del Consejo de la Cultura y de las comunidades y provincias del Valle de Aconcagua\u00bb, dijo a nuestro medio Ricardo Ruiz Herrera, encargado de Cultura.<br \/>\n<strong>Roberto Gonz\u00e1lez Short<\/strong><\/p>\n<figure id=\"attachment_82524\" aria-describedby=\"caption-attachment-82524\" style=\"width: 580px\" class=\"wp-caption alignnone\"><img data-recalc-dims=\"1\" loading=\"lazy\" decoding=\"async\" class=\"size-full wp-image-82524\" src=\"https:\/\/i0.wp.com\/www.eltrabajo.cl\/2017\/wp-content\/uploads\/2017\/10\/Leones_Gloria-Roman.jpg?resize=580%2C543\" alt=\"Directora general de ArteFacto, Gloria Rom\u00e1n Marambio.\" width=\"580\" height=\"543\" srcset=\"https:\/\/i0.wp.com\/eltrabajo.cl\/portal\/wp-content\/uploads\/2017\/10\/Leones_Gloria-Roman.jpg?w=580&amp;ssl=1 580w, https:\/\/i0.wp.com\/eltrabajo.cl\/portal\/wp-content\/uploads\/2017\/10\/Leones_Gloria-Roman.jpg?resize=160%2C150&amp;ssl=1 160w, https:\/\/i0.wp.com\/eltrabajo.cl\/portal\/wp-content\/uploads\/2017\/10\/Leones_Gloria-Roman.jpg?resize=300%2C281&amp;ssl=1 300w, https:\/\/i0.wp.com\/eltrabajo.cl\/portal\/wp-content\/uploads\/2017\/10\/Leones_Gloria-Roman.jpg?resize=400%2C374&amp;ssl=1 400w\" sizes=\"auto, (max-width: 580px) 100vw, 580px\" \/><figcaption id=\"caption-attachment-82524\" class=\"wp-caption-text\">Directora general de ArteFacto, Gloria Rom\u00e1n Marambio.<\/figcaption><\/figure>\n<figure id=\"attachment_82525\" aria-describedby=\"caption-attachment-82525\" style=\"width: 580px\" class=\"wp-caption alignnone\"><img data-recalc-dims=\"1\" loading=\"lazy\" decoding=\"async\" class=\"size-full wp-image-82525\" src=\"https:\/\/i0.wp.com\/www.eltrabajo.cl\/2017\/wp-content\/uploads\/2017\/10\/Leones_Ricardo-Ruiz.jpg?resize=580%2C542\" alt=\"Ricardo Ruiz Herrera, encargado de Cultura.\" width=\"580\" height=\"542\" srcset=\"https:\/\/i0.wp.com\/eltrabajo.cl\/portal\/wp-content\/uploads\/2017\/10\/Leones_Ricardo-Ruiz.jpg?w=580&amp;ssl=1 580w, https:\/\/i0.wp.com\/eltrabajo.cl\/portal\/wp-content\/uploads\/2017\/10\/Leones_Ricardo-Ruiz.jpg?resize=161%2C150&amp;ssl=1 161w, https:\/\/i0.wp.com\/eltrabajo.cl\/portal\/wp-content\/uploads\/2017\/10\/Leones_Ricardo-Ruiz.jpg?resize=300%2C280&amp;ssl=1 300w, https:\/\/i0.wp.com\/eltrabajo.cl\/portal\/wp-content\/uploads\/2017\/10\/Leones_Ricardo-Ruiz.jpg?resize=400%2C374&amp;ssl=1 400w\" sizes=\"auto, (max-width: 580px) 100vw, 580px\" \/><figcaption id=\"caption-attachment-82525\" class=\"wp-caption-text\">Ricardo Ruiz Herrera, encargado de Cultura.<\/figcaption><\/figure>\n<figure id=\"attachment_82527\" aria-describedby=\"caption-attachment-82527\" style=\"width: 579px\" class=\"wp-caption alignnone\"><img data-recalc-dims=\"1\" loading=\"lazy\" decoding=\"async\" class=\"size-full wp-image-82527\" src=\"https:\/\/i0.wp.com\/www.eltrabajo.cl\/2017\/wp-content\/uploads\/2017\/10\/Leones2.jpg?resize=579%2C463\" alt=\"DETALLES FINOS.- Cada detalle de las estructuras de piedra y m\u00e1rmol est\u00e1n siendo intervenidos a profundidad.\" width=\"579\" height=\"463\" srcset=\"https:\/\/i0.wp.com\/eltrabajo.cl\/portal\/wp-content\/uploads\/2017\/10\/Leones2.jpg?w=579&amp;ssl=1 579w, https:\/\/i0.wp.com\/eltrabajo.cl\/portal\/wp-content\/uploads\/2017\/10\/Leones2.jpg?resize=188%2C150&amp;ssl=1 188w, https:\/\/i0.wp.com\/eltrabajo.cl\/portal\/wp-content\/uploads\/2017\/10\/Leones2.jpg?resize=300%2C240&amp;ssl=1 300w, https:\/\/i0.wp.com\/eltrabajo.cl\/portal\/wp-content\/uploads\/2017\/10\/Leones2.jpg?resize=400%2C320&amp;ssl=1 400w\" sizes=\"auto, (max-width: 579px) 100vw, 579px\" \/><figcaption id=\"caption-attachment-82527\" class=\"wp-caption-text\">DETALLES FINOS.- Cada detalle de las estructuras de piedra y m\u00e1rmol est\u00e1n siendo intervenidos a profundidad.<\/figcaption><\/figure>\n<figure id=\"attachment_82528\" aria-describedby=\"caption-attachment-82528\" style=\"width: 580px\" class=\"wp-caption alignnone\"><img data-recalc-dims=\"1\" loading=\"lazy\" decoding=\"async\" class=\"size-full wp-image-82528\" src=\"https:\/\/i0.wp.com\/www.eltrabajo.cl\/2017\/wp-content\/uploads\/2017\/10\/Leones3.jpg?resize=580%2C349\" alt=\"DESEO GENERAL.- Un 95% de los encuestados por ArTfacro Chile, coincidieron con el sentimiento de tener por fin leones en nuestra Plaza de Armas.\" width=\"580\" height=\"349\" srcset=\"https:\/\/i0.wp.com\/eltrabajo.cl\/portal\/wp-content\/uploads\/2017\/10\/Leones3.jpg?w=580&amp;ssl=1 580w, https:\/\/i0.wp.com\/eltrabajo.cl\/portal\/wp-content\/uploads\/2017\/10\/Leones3.jpg?resize=200%2C120&amp;ssl=1 200w, https:\/\/i0.wp.com\/eltrabajo.cl\/portal\/wp-content\/uploads\/2017\/10\/Leones3.jpg?resize=300%2C181&amp;ssl=1 300w, https:\/\/i0.wp.com\/eltrabajo.cl\/portal\/wp-content\/uploads\/2017\/10\/Leones3.jpg?resize=249%2C150&amp;ssl=1 249w, https:\/\/i0.wp.com\/eltrabajo.cl\/portal\/wp-content\/uploads\/2017\/10\/Leones3.jpg?resize=400%2C241&amp;ssl=1 400w\" sizes=\"auto, (max-width: 580px) 100vw, 580px\" \/><figcaption id=\"caption-attachment-82528\" class=\"wp-caption-text\">DESEO GENERAL.- Un 95% de los encuestados por ArTfacro Chile, coincidieron con el sentimiento de tener por fin leones en nuestra Plaza de Armas.<\/figcaption><\/figure>\n<figure id=\"attachment_82529\" aria-describedby=\"caption-attachment-82529\" style=\"width: 580px\" class=\"wp-caption alignnone\"><img data-recalc-dims=\"1\" loading=\"lazy\" decoding=\"async\" class=\"size-full wp-image-82529\" src=\"https:\/\/i0.wp.com\/www.eltrabajo.cl\/2017\/wp-content\/uploads\/2017\/10\/Leones4.jpg?resize=580%2C220\" alt=\"LOS RESULTADOS.- Estos son algunos resultados de la encuesta, muy diverso y fiel a lo respondido por personas mayores de 50 a\u00f1os de edad.\" width=\"580\" height=\"220\" srcset=\"https:\/\/i0.wp.com\/eltrabajo.cl\/portal\/wp-content\/uploads\/2017\/10\/Leones4.jpg?w=580&amp;ssl=1 580w, https:\/\/i0.wp.com\/eltrabajo.cl\/portal\/wp-content\/uploads\/2017\/10\/Leones4.jpg?resize=200%2C76&amp;ssl=1 200w, https:\/\/i0.wp.com\/eltrabajo.cl\/portal\/wp-content\/uploads\/2017\/10\/Leones4.jpg?resize=300%2C114&amp;ssl=1 300w, https:\/\/i0.wp.com\/eltrabajo.cl\/portal\/wp-content\/uploads\/2017\/10\/Leones4.jpg?resize=400%2C152&amp;ssl=1 400w\" sizes=\"auto, (max-width: 580px) 100vw, 580px\" \/><figcaption id=\"caption-attachment-82529\" class=\"wp-caption-text\">LOS RESULTADOS.- Estos son algunos resultados de la encuesta, muy diverso y fiel a lo respondido por personas mayores de 50 a\u00f1os de edad.<\/figcaption><\/figure>\n","protected":false},"excerpt":{"rendered":"<p>Realizan encuesta respecto a si hubo o no hubo leones en la plaza: Hace algunos meses El Trabajo TV desarroll\u00f3 un amplio reportaje en relaci\u00f3n a la existencia o no, de los&#8230;<\/p>\n","protected":false},"author":1,"featured_media":82526,"comment_status":"open","ping_status":"open","sticky":false,"template":"","format":"standard","meta":{"advanced_seo_description":"","jetpack_seo_html_title":"","jetpack_seo_noindex":false,"_jetpack_memberships_contains_paid_content":false,"footnotes":""},"categories":[15],"tags":[],"class_list":["post-82523","post","type-post","status-publish","format-standard","has-post-thumbnail","hentry","category-comunidad"],"jetpack_featured_media_url":"https:\/\/i0.wp.com\/eltrabajo.cl\/portal\/wp-content\/uploads\/2017\/10\/Leones1.jpg?fit=580%2C349&ssl=1","jetpack_sharing_enabled":true,"jetpack_likes_enabled":true,"jetpack-related-posts":[],"_links":{"self":[{"href":"https:\/\/eltrabajo.cl\/portal\/wp-json\/wp\/v2\/posts\/82523","targetHints":{"allow":["GET"]}}],"collection":[{"href":"https:\/\/eltrabajo.cl\/portal\/wp-json\/wp\/v2\/posts"}],"about":[{"href":"https:\/\/eltrabajo.cl\/portal\/wp-json\/wp\/v2\/types\/post"}],"author":[{"embeddable":true,"href":"https:\/\/eltrabajo.cl\/portal\/wp-json\/wp\/v2\/users\/1"}],"replies":[{"embeddable":true,"href":"https:\/\/eltrabajo.cl\/portal\/wp-json\/wp\/v2\/comments?post=82523"}],"version-history":[{"count":0,"href":"https:\/\/eltrabajo.cl\/portal\/wp-json\/wp\/v2\/posts\/82523\/revisions"}],"wp:featuredmedia":[{"embeddable":true,"href":"https:\/\/eltrabajo.cl\/portal\/wp-json\/wp\/v2\/media\/82526"}],"wp:attachment":[{"href":"https:\/\/eltrabajo.cl\/portal\/wp-json\/wp\/v2\/media?parent=82523"}],"wp:term":[{"taxonomy":"category","embeddable":true,"href":"https:\/\/eltrabajo.cl\/portal\/wp-json\/wp\/v2\/categories?post=82523"},{"taxonomy":"post_tag","embeddable":true,"href":"https:\/\/eltrabajo.cl\/portal\/wp-json\/wp\/v2\/tags?post=82523"}],"curies":[{"name":"wp","href":"https:\/\/api.w.org\/{rel}","templated":true}]}}