{"id":82531,"date":"2017-10-30T05:01:53","date_gmt":"2017-10-30T09:01:53","guid":{"rendered":"http:\/\/www.eltrabajo.cl\/2017\/?p=82531"},"modified":"2017-10-30T05:01:53","modified_gmt":"2017-10-30T09:01:53","slug":"liceo-cordillera-hace-historia-con-el-titulo-bicampeon-nacional-de-voleibol","status":"publish","type":"post","link":"https:\/\/eltrabajo.cl\/portal\/liceo-cordillera-hace-historia-con-el-titulo-bicampeon-nacional-de-voleibol\/","title":{"rendered":"Liceo Cordillera hace historia con el t\u00edtulo Bicampe\u00f3n nacional de v\u00f3leibol"},"content":{"rendered":"<figure id=\"attachment_82532\" aria-describedby=\"caption-attachment-82532\" style=\"width: 580px\" class=\"wp-caption alignnone\"><img data-recalc-dims=\"1\" loading=\"lazy\" decoding=\"async\" class=\"size-full wp-image-82532\" src=\"https:\/\/i0.wp.com\/www.eltrabajo.cl\/2017\/wp-content\/uploads\/2017\/10\/campeon-cordillera.jpg?resize=580%2C349\" alt=\"Por segunda vez consecutiva el Liceo Cordillera se convirti\u00f3 en campe\u00f3n nacional escolar de v\u00f3leibol escolar.\" width=\"580\" height=\"349\" srcset=\"https:\/\/i0.wp.com\/eltrabajo.cl\/portal\/wp-content\/uploads\/2017\/10\/campeon-cordillera.jpg?w=580&amp;ssl=1 580w, https:\/\/i0.wp.com\/eltrabajo.cl\/portal\/wp-content\/uploads\/2017\/10\/campeon-cordillera.jpg?resize=200%2C120&amp;ssl=1 200w, https:\/\/i0.wp.com\/eltrabajo.cl\/portal\/wp-content\/uploads\/2017\/10\/campeon-cordillera.jpg?resize=300%2C181&amp;ssl=1 300w, https:\/\/i0.wp.com\/eltrabajo.cl\/portal\/wp-content\/uploads\/2017\/10\/campeon-cordillera.jpg?resize=249%2C150&amp;ssl=1 249w, https:\/\/i0.wp.com\/eltrabajo.cl\/portal\/wp-content\/uploads\/2017\/10\/campeon-cordillera.jpg?resize=400%2C241&amp;ssl=1 400w\" sizes=\"auto, (max-width: 580px) 100vw, 580px\" \/><figcaption id=\"caption-attachment-82532\" class=\"wp-caption-text\">Por segunda vez consecutiva el Liceo Cordillera se convirti\u00f3 en campe\u00f3n nacional escolar de v\u00f3leibol escolar.<\/figcaption><\/figure>\n<p>Un logro que con toda seguridad pasar\u00e1 a convertirse en uno de los hitos de este a\u00f1o, no s\u00f3lo para el deporte sanfelipe\u00f1o, si no que regional, tuvo el seleccionado de v\u00f3leibol femenino del Colegio Cordillera de San Felipe, al consagrarse por segunda vez consecutiva como campe\u00f3n Nacional escolar U14, t\u00edtulo que de paso le dio al combinado dirigido por el profesor Eduardo Ch\u00e1vez los pasajes para el Sudamericano Escolar que tendr\u00e1 como ciudad sede a Cochabamba (Bolivia) entre el 2 y 10 de diciembre pr\u00f3ximo.<br \/>\nEn la gran final del torneo disputada en el gimnasio del Sagrados Corazones (mi\u00e9rcoles 25), el Liceo Cordillera se impuso por 3 a 1 (25-10;24-26;25-16;25-14) a su similar del colegio San Lorenzo de Copiap\u00f3, cuadro que dio m\u00e1s trabajo del presupuestado al \u2018pinchar\u2019 de manera sorpresiva un set a las aconcag\u00fcinas, que igual terminaron imponiendo toda su jerarqu\u00eda y calidad.<br \/>\nPese a que Eduardo Ch\u00e1vez ya sabe de t\u00edtulos a nivel nacional, lo hecho por este conjunto tiene una connotaci\u00f3n especial y distinto a otros, \u201ctiene un sabor especial porque es mi \u00faltimo a nivel escolar; tom\u00e9 una decisi\u00f3n personal y familiar. Ya no trabajar\u00e9 m\u00e1s en volei. Me quedar\u00e9 con estas ni\u00f1as y terminar con ellas en tres a\u00f1os m\u00e1s, y despu\u00e9s har\u00e9 una vida familiar, ya que son 22 a\u00f1os en esto y quiero descansar\u201d, afirm\u00f3 el cerebro y mentor del \u00e9xito deportivo del Liceo Cordillera.<br \/>\nEl profesor Ch\u00e1vez se ha puesto como objetivo para la cita continental de Bolivia, superar lo hecho el a\u00f1o pasado en Colombia. \u201cLa idea es mejorar el cuarto lugar porque queremos estar en el podio, y vamos a trabajar muy duro para lograrlo\u201d, concluy\u00f3 el profesor y entrenador del sexteto campe\u00f3n nacional.<\/p>\n<figure id=\"attachment_82533\" aria-describedby=\"caption-attachment-82533\" style=\"width: 580px\" class=\"wp-caption alignnone\"><img data-recalc-dims=\"1\" loading=\"lazy\" decoding=\"async\" class=\"size-full wp-image-82533\" src=\"https:\/\/i0.wp.com\/www.eltrabajo.cl\/2017\/wp-content\/uploads\/2017\/10\/final.jpg?resize=580%2C350\" alt=\"En la final del Nacional el combinado sanfelipe\u00f1o se impuso 3 a 1 a un rival de la Tercera Regi\u00f3n.\" width=\"580\" height=\"350\" srcset=\"https:\/\/i0.wp.com\/eltrabajo.cl\/portal\/wp-content\/uploads\/2017\/10\/final.jpg?w=580&amp;ssl=1 580w, https:\/\/i0.wp.com\/eltrabajo.cl\/portal\/wp-content\/uploads\/2017\/10\/final.jpg?resize=200%2C121&amp;ssl=1 200w, https:\/\/i0.wp.com\/eltrabajo.cl\/portal\/wp-content\/uploads\/2017\/10\/final.jpg?resize=300%2C181&amp;ssl=1 300w, https:\/\/i0.wp.com\/eltrabajo.cl\/portal\/wp-content\/uploads\/2017\/10\/final.jpg?resize=249%2C150&amp;ssl=1 249w, https:\/\/i0.wp.com\/eltrabajo.cl\/portal\/wp-content\/uploads\/2017\/10\/final.jpg?resize=400%2C241&amp;ssl=1 400w\" sizes=\"auto, (max-width: 580px) 100vw, 580px\" \/><figcaption id=\"caption-attachment-82533\" class=\"wp-caption-text\">En la final del Nacional el combinado sanfelipe\u00f1o se impuso 3 a 1 a un rival de la Tercera Regi\u00f3n.<\/figcaption><\/figure>\n","protected":false},"excerpt":{"rendered":"<p>Un logro que con toda seguridad pasar\u00e1 a convertirse en uno de los hitos de este a\u00f1o, no s\u00f3lo para el deporte sanfelipe\u00f1o, si no que regional, tuvo el seleccionado de v\u00f3leibol&#8230;<\/p>\n","protected":false},"author":1,"featured_media":82533,"comment_status":"open","ping_status":"open","sticky":false,"template":"","format":"standard","meta":{"advanced_seo_description":"","jetpack_seo_html_title":"","jetpack_seo_noindex":false,"_jetpack_memberships_contains_paid_content":false,"footnotes":""},"categories":[19],"tags":[],"class_list":["post-82531","post","type-post","status-publish","format-standard","has-post-thumbnail","hentry","category-deportes"],"jetpack_featured_media_url":"https:\/\/i0.wp.com\/eltrabajo.cl\/portal\/wp-content\/uploads\/2017\/10\/final.jpg?fit=580%2C350&ssl=1","jetpack_sharing_enabled":true,"jetpack_likes_enabled":true,"jetpack-related-posts":[],"_links":{"self":[{"href":"https:\/\/eltrabajo.cl\/portal\/wp-json\/wp\/v2\/posts\/82531","targetHints":{"allow":["GET"]}}],"collection":[{"href":"https:\/\/eltrabajo.cl\/portal\/wp-json\/wp\/v2\/posts"}],"about":[{"href":"https:\/\/eltrabajo.cl\/portal\/wp-json\/wp\/v2\/types\/post"}],"author":[{"embeddable":true,"href":"https:\/\/eltrabajo.cl\/portal\/wp-json\/wp\/v2\/users\/1"}],"replies":[{"embeddable":true,"href":"https:\/\/eltrabajo.cl\/portal\/wp-json\/wp\/v2\/comments?post=82531"}],"version-history":[{"count":0,"href":"https:\/\/eltrabajo.cl\/portal\/wp-json\/wp\/v2\/posts\/82531\/revisions"}],"wp:featuredmedia":[{"embeddable":true,"href":"https:\/\/eltrabajo.cl\/portal\/wp-json\/wp\/v2\/media\/82533"}],"wp:attachment":[{"href":"https:\/\/eltrabajo.cl\/portal\/wp-json\/wp\/v2\/media?parent=82531"}],"wp:term":[{"taxonomy":"category","embeddable":true,"href":"https:\/\/eltrabajo.cl\/portal\/wp-json\/wp\/v2\/categories?post=82531"},{"taxonomy":"post_tag","embeddable":true,"href":"https:\/\/eltrabajo.cl\/portal\/wp-json\/wp\/v2\/tags?post=82531"}],"curies":[{"name":"wp","href":"https:\/\/api.w.org\/{rel}","templated":true}]}}