{"id":82538,"date":"2017-10-30T05:03:16","date_gmt":"2017-10-30T09:03:16","guid":{"rendered":"http:\/\/www.eltrabajo.cl\/2017\/?p=82538"},"modified":"2017-10-30T05:03:16","modified_gmt":"2017-10-30T09:03:16","slug":"oficinas-e-imprenta-casi-se-queman-en-incendio","status":"publish","type":"post","link":"https:\/\/eltrabajo.cl\/portal\/oficinas-e-imprenta-casi-se-queman-en-incendio\/","title":{"rendered":"Oficinas e imprenta casi se queman en incendio"},"content":{"rendered":"<figure id=\"attachment_82539\" aria-describedby=\"caption-attachment-82539\" style=\"width: 580px\" class=\"wp-caption alignnone\"><img data-recalc-dims=\"1\" loading=\"lazy\" decoding=\"async\" class=\"size-full wp-image-82539\" src=\"https:\/\/i0.wp.com\/www.eltrabajo.cl\/2017\/wp-content\/uploads\/2017\/10\/Fuego2.jpg?resize=580%2C349\" alt=\"SEGUNDOS VITALES.- Momentos de angustia vivieron los vecinos, quienes atendieron a tiempo este incendio, mismo que amenazaba ya con extenderse a una c\u00e9ntrica imprenta.\" width=\"580\" height=\"349\" srcset=\"https:\/\/i0.wp.com\/eltrabajo.cl\/portal\/wp-content\/uploads\/2017\/10\/Fuego2.jpg?w=580&amp;ssl=1 580w, https:\/\/i0.wp.com\/eltrabajo.cl\/portal\/wp-content\/uploads\/2017\/10\/Fuego2.jpg?resize=200%2C120&amp;ssl=1 200w, https:\/\/i0.wp.com\/eltrabajo.cl\/portal\/wp-content\/uploads\/2017\/10\/Fuego2.jpg?resize=300%2C181&amp;ssl=1 300w, https:\/\/i0.wp.com\/eltrabajo.cl\/portal\/wp-content\/uploads\/2017\/10\/Fuego2.jpg?resize=249%2C150&amp;ssl=1 249w, https:\/\/i0.wp.com\/eltrabajo.cl\/portal\/wp-content\/uploads\/2017\/10\/Fuego2.jpg?resize=400%2C241&amp;ssl=1 400w\" sizes=\"auto, (max-width: 580px) 100vw, 580px\" \/><figcaption id=\"caption-attachment-82539\" class=\"wp-caption-text\">SEGUNDOS VITALES.- Momentos de angustia vivieron los vecinos, quienes atendieron a tiempo este incendio, mismo que amenazaba ya con extenderse a una c\u00e9ntrica imprenta.<\/figcaption><\/figure>\n<p>En horas de la tarde de este viernes y mientras la calma reinaba en toda la comuna al abrigo del fin de semana largo, las sirenas de Bomberos estremecieron la ciudad para anunciar que se desarrollaba un incendio, tanto las c\u00e1maras de Diario El Trabajo como las unidades de la 2\u00aa CIA llegaron al lugar de la alarma.<br \/>\nSe trat\u00f3 de una fuerte salida de humo saliendo por una peque\u00f1a ventana de una oficina de arquitectos e Imprenta Ampuero, ubicados en Merced 581.<br \/>\nPor algunos instantes tantos bomberos de civil y uniformados, as\u00ed como los propios due\u00f1os de estos locales, corrieron desesperados temiendo lo peor, al final de la jornada se pudo saber que alg\u00fan problema el\u00e9ctrico al interior del inmueble, siendo controlada la escena en pocos minutos.<br \/>\n\u00abEsta situaci\u00f3n nuestros peritos la est\u00e1n investigando, cuando logramos ingresar a estas oficinas de arquitectura nos encontramos con un incendio ya declarado en su interior, muebles, documentaci\u00f3n y hasta computadoras de oficina se quemaron, al parecer desde hac\u00eda ya unas dos semanas nadie abr\u00eda esas oficinas, seg\u00fan se nos inform\u00f3, de momento no sabemos c\u00f3mo se inici\u00f3 el fuego\u00bb, coment\u00f3 a nuestro medio Juan Carlos Herrera, comandante de Bomberos de San Felipe.<br \/>\n<strong>Roberto Gonz\u00e1lez Short<\/strong><\/p>\n<figure id=\"attachment_82540\" aria-describedby=\"caption-attachment-82540\" style=\"width: 579px\" class=\"wp-caption alignnone\"><img data-recalc-dims=\"1\" loading=\"lazy\" decoding=\"async\" class=\"size-full wp-image-82540\" src=\"https:\/\/i0.wp.com\/www.eltrabajo.cl\/2017\/wp-content\/uploads\/2017\/10\/Fuego3.jpg?resize=579%2C870\" alt=\"JUSTO A TIEMPO.- Estos profesionales rompieron la puerta para poder ingresar y controlar las llamas al interior de estas oficinas.\" width=\"579\" height=\"870\" srcset=\"https:\/\/i0.wp.com\/eltrabajo.cl\/portal\/wp-content\/uploads\/2017\/10\/Fuego3.jpg?w=579&amp;ssl=1 579w, https:\/\/i0.wp.com\/eltrabajo.cl\/portal\/wp-content\/uploads\/2017\/10\/Fuego3.jpg?resize=100%2C150&amp;ssl=1 100w, https:\/\/i0.wp.com\/eltrabajo.cl\/portal\/wp-content\/uploads\/2017\/10\/Fuego3.jpg?resize=200%2C300&amp;ssl=1 200w, https:\/\/i0.wp.com\/eltrabajo.cl\/portal\/wp-content\/uploads\/2017\/10\/Fuego3.jpg?resize=400%2C601&amp;ssl=1 400w\" sizes=\"auto, (max-width: 579px) 100vw, 579px\" \/><figcaption id=\"caption-attachment-82540\" class=\"wp-caption-text\">JUSTO A TIEMPO.- Estos profesionales rompieron la puerta para poder ingresar y controlar las llamas al interior de estas oficinas.<\/figcaption><\/figure>\n","protected":false},"excerpt":{"rendered":"<p>En horas de la tarde de este viernes y mientras la calma reinaba en toda la comuna al abrigo del fin de semana largo, las sirenas de Bomberos estremecieron la ciudad para&#8230;<\/p>\n","protected":false},"author":1,"featured_media":82539,"comment_status":"open","ping_status":"open","sticky":false,"template":"","format":"standard","meta":{"advanced_seo_description":"","jetpack_seo_html_title":"","jetpack_seo_noindex":false,"_jetpack_memberships_contains_paid_content":false,"footnotes":""},"categories":[21],"tags":[],"class_list":["post-82538","post","type-post","status-publish","format-standard","has-post-thumbnail","hentry","category-policial"],"jetpack_featured_media_url":"https:\/\/i0.wp.com\/eltrabajo.cl\/portal\/wp-content\/uploads\/2017\/10\/Fuego2.jpg?fit=580%2C349&ssl=1","jetpack_sharing_enabled":true,"jetpack_likes_enabled":true,"jetpack-related-posts":[],"_links":{"self":[{"href":"https:\/\/eltrabajo.cl\/portal\/wp-json\/wp\/v2\/posts\/82538","targetHints":{"allow":["GET"]}}],"collection":[{"href":"https:\/\/eltrabajo.cl\/portal\/wp-json\/wp\/v2\/posts"}],"about":[{"href":"https:\/\/eltrabajo.cl\/portal\/wp-json\/wp\/v2\/types\/post"}],"author":[{"embeddable":true,"href":"https:\/\/eltrabajo.cl\/portal\/wp-json\/wp\/v2\/users\/1"}],"replies":[{"embeddable":true,"href":"https:\/\/eltrabajo.cl\/portal\/wp-json\/wp\/v2\/comments?post=82538"}],"version-history":[{"count":0,"href":"https:\/\/eltrabajo.cl\/portal\/wp-json\/wp\/v2\/posts\/82538\/revisions"}],"wp:featuredmedia":[{"embeddable":true,"href":"https:\/\/eltrabajo.cl\/portal\/wp-json\/wp\/v2\/media\/82539"}],"wp:attachment":[{"href":"https:\/\/eltrabajo.cl\/portal\/wp-json\/wp\/v2\/media?parent=82538"}],"wp:term":[{"taxonomy":"category","embeddable":true,"href":"https:\/\/eltrabajo.cl\/portal\/wp-json\/wp\/v2\/categories?post=82538"},{"taxonomy":"post_tag","embeddable":true,"href":"https:\/\/eltrabajo.cl\/portal\/wp-json\/wp\/v2\/tags?post=82538"}],"curies":[{"name":"wp","href":"https:\/\/api.w.org\/{rel}","templated":true}]}}