{"id":82542,"date":"2017-10-30T05:04:57","date_gmt":"2017-10-30T09:04:57","guid":{"rendered":"http:\/\/www.eltrabajo.cl\/2017\/?p=82542"},"modified":"2017-10-30T05:04:57","modified_gmt":"2017-10-30T09:04:57","slug":"el-uni-vence-a-la-serena-y-toma-un-respiro-en-su-lucha-por-no-descender","status":"publish","type":"post","link":"https:\/\/eltrabajo.cl\/portal\/el-uni-vence-a-la-serena-y-toma-un-respiro-en-su-lucha-por-no-descender\/","title":{"rendered":"El Un\u00ed vence a La Serena y toma un respiro en su lucha por no descender"},"content":{"rendered":"<figure id=\"attachment_82544\" aria-describedby=\"caption-attachment-82544\" style=\"width: 580px\" class=\"wp-caption alignnone\"><img data-recalc-dims=\"1\" loading=\"lazy\" decoding=\"async\" class=\"size-full wp-image-82544\" src=\"https:\/\/i0.wp.com\/www.eltrabajo.cl\/2017\/wp-content\/uploads\/2017\/10\/serena-.-uni-1.jpg?resize=580%2C349\" alt=\"Con el triunfo de ayer la escuadra aconcag\u00fcina gan\u00f3 tres puntos que pueden ser decisivos en la lucha por zafar del descenso. (Foto: Andrea Cantillanes Fabres)\" width=\"580\" height=\"349\" srcset=\"https:\/\/i0.wp.com\/eltrabajo.cl\/portal\/wp-content\/uploads\/2017\/10\/serena-.-uni-1.jpg?w=580&amp;ssl=1 580w, https:\/\/i0.wp.com\/eltrabajo.cl\/portal\/wp-content\/uploads\/2017\/10\/serena-.-uni-1.jpg?resize=200%2C120&amp;ssl=1 200w, https:\/\/i0.wp.com\/eltrabajo.cl\/portal\/wp-content\/uploads\/2017\/10\/serena-.-uni-1.jpg?resize=300%2C181&amp;ssl=1 300w, https:\/\/i0.wp.com\/eltrabajo.cl\/portal\/wp-content\/uploads\/2017\/10\/serena-.-uni-1.jpg?resize=249%2C150&amp;ssl=1 249w, https:\/\/i0.wp.com\/eltrabajo.cl\/portal\/wp-content\/uploads\/2017\/10\/serena-.-uni-1.jpg?resize=400%2C241&amp;ssl=1 400w\" sizes=\"auto, (max-width: 580px) 100vw, 580px\" \/><figcaption id=\"caption-attachment-82544\" class=\"wp-caption-text\">Con el triunfo de ayer la escuadra aconcag\u00fcina gan\u00f3 tres puntos que pueden ser decisivos en la lucha por zafar del descenso. (Foto: Andrea Cantillanes Fabres)<\/figcaption><\/figure>\n<p>Un triunfo que puede resultar decisivo \u00bfy por qu\u00e9 no decirlo?, determinante en su lucha por escapar de las garras del \u2018fantasma del descenso\u2019 consigui\u00f3 Uni\u00f3n San Felipe al imponerse por la cuenta m\u00ednima a Deportes La Serena, en el pleito disputado ayer en el Estadio La Portada.<br \/>\nEn t\u00e9rminos generales el Un\u00ed Un\u00ed hizo un partido perfecto desde lo t\u00e1ctico, porque cumpli\u00f3 a la perfecci\u00f3n los requerimientos salidos desde la banca t\u00e9cnica comandada por el profesor Dami\u00e1n Ayude, quien ten\u00eda muy claro el duelo que deb\u00eda plantearle a La Serena; as\u00ed se vio un primer tiempo algo ab\u00falico en el cual pr\u00e1cticamente no se visit\u00f3 el arco de Pedro Carrizo, ya que la misi\u00f3n para la etapa inicial era evitar que los nortinos se apropiaran de la zona media, y por lo tanto destac\u00f3 la labor que cumpli\u00f3 el tridente conformado por: Acu\u00f1a (Collao), Pio y M\u00e9ndez.<br \/>\nLa lectura para el segundo lapso era que La Serena era un rival controlado, pero para da\u00f1arlo era fundamental tener profundidad, lo que se corrigi\u00f3 con el ingreso de Claudio Galeano en lugar de Juan M\u00e9ndez.<br \/>\nCon el jugador argentino en el campo de juego, el lance tuvo un vuelco total, porque casi de inmediato los sanfelipe\u00f1os comenzaron a llegar a la zona roja de los granates, que sufr\u00edan con los embates de Cisterna, Galeano o el incansable \u2018tanque\u2019 Vega.<br \/>\nSan Felipe ya hab\u00eda entregado indicios que quer\u00eda traerse los tres puntos al Valle de Aconcagua, cosa que qued\u00f3 de manifiesto en el 28\u2019 cuando el \u00e1rbitro Osorio anul\u00f3 un gol a Cisterna, cobro que felizmente no trajo consecuencias negativas porque tres minutos (31\u2019) m\u00e1s tarde Pio hizo justicia cuando mediante un tiro libre fusil\u00f3 a Carrizo.<br \/>\nEl tramo final del pleito estuvo cargado de emotividad a ra\u00edz que por una parte los due\u00f1os de casa se abalanzaron sobre el arco custodiado por Boris P\u00e9rez, quien estuvo bien cubierto por una defensa muy s\u00f3lida, que supo resistir las cargas nortinas. Con este triunfo el conjunto sanfelipe\u00f1o llega a los 48 puntos en la tabla general, sacando 4 de ventaja a Valdivia a falta de 6 por disputar.<br \/>\nFicha T\u00e9cnica<br \/>\nFecha 13\u00ba<br \/>\nTorneo de Transici\u00f3n<br \/>\nPrimera Divisi\u00f3n B<br \/>\nEstadio: La Portada<br \/>\n\u00c1rbitro: Jorge Osorio<br \/>\nDeportes La Serena (0): Pedro Carrizo; Jonathan Suazo (Patricio Rubina), Mario Parra, Jorge Aquino, Rodrigo Brito, Alan Mu\u00f1oz, Franco Segovia (Jorge Troncoso), Brayan Cortes (Joaqu\u00edn Montecinos), Crist\u00f3bal Mar\u00edn, \u00c1lvaro Becica, Felipe Venegas. DT: Jaime Garc\u00eda.<br \/>\nUni\u00f3n San Felipe (1): Boris P\u00e9rez; Daniel Silva, David Fern\u00e1ndez, Jes\u00fas Pino, Gonzalo Villegas; Jorge Acu\u00f1a (Cristian Collao), Emmanuel Pio, Juan M\u00e9ndez (Claudio Galeano), Jimmy Cisterna, Mathias Crocco (F\u00e9lix Cortes); H\u00e9ctor Vega. DT: Dami\u00e1n Ayude.<br \/>\nGol: 0-1; 76\u2019 Emmanuel Pio (USF).<\/p>\n<figure id=\"attachment_82543\" aria-describedby=\"caption-attachment-82543\" style=\"width: 580px\" class=\"wp-caption alignnone\"><img data-recalc-dims=\"1\" loading=\"lazy\" decoding=\"async\" class=\"size-full wp-image-82543\" src=\"https:\/\/i0.wp.com\/www.eltrabajo.cl\/2017\/wp-content\/uploads\/2017\/10\/serena-uni.jpg?resize=580%2C350\" alt=\"Uni\u00f3n San Felipe se impuso a La Serena por la cuenta m\u00ednima en el duelo disputado ayer en el Estadio La Portada. (Foto: Andrea Cantillanes Fabres).\" width=\"580\" height=\"350\" srcset=\"https:\/\/i0.wp.com\/eltrabajo.cl\/portal\/wp-content\/uploads\/2017\/10\/serena-uni.jpg?w=580&amp;ssl=1 580w, https:\/\/i0.wp.com\/eltrabajo.cl\/portal\/wp-content\/uploads\/2017\/10\/serena-uni.jpg?resize=200%2C121&amp;ssl=1 200w, https:\/\/i0.wp.com\/eltrabajo.cl\/portal\/wp-content\/uploads\/2017\/10\/serena-uni.jpg?resize=300%2C181&amp;ssl=1 300w, https:\/\/i0.wp.com\/eltrabajo.cl\/portal\/wp-content\/uploads\/2017\/10\/serena-uni.jpg?resize=249%2C150&amp;ssl=1 249w, https:\/\/i0.wp.com\/eltrabajo.cl\/portal\/wp-content\/uploads\/2017\/10\/serena-uni.jpg?resize=400%2C241&amp;ssl=1 400w\" sizes=\"auto, (max-width: 580px) 100vw, 580px\" \/><figcaption id=\"caption-attachment-82543\" class=\"wp-caption-text\">Uni\u00f3n San Felipe se impuso a La Serena por la cuenta m\u00ednima en el duelo disputado ayer en el Estadio La Portada. (Foto: Andrea Cantillanes Fabres).<\/figcaption><\/figure>\n","protected":false},"excerpt":{"rendered":"<p>Un triunfo que puede resultar decisivo \u00bfy por qu\u00e9 no decirlo?, determinante en su lucha por escapar de las garras del \u2018fantasma del descenso\u2019 consigui\u00f3 Uni\u00f3n San Felipe al imponerse por la&#8230;<\/p>\n","protected":false},"author":1,"featured_media":82543,"comment_status":"open","ping_status":"open","sticky":false,"template":"","format":"standard","meta":{"advanced_seo_description":"","jetpack_seo_html_title":"","jetpack_seo_noindex":false,"_jetpack_memberships_contains_paid_content":false,"footnotes":""},"categories":[19],"tags":[],"class_list":["post-82542","post","type-post","status-publish","format-standard","has-post-thumbnail","hentry","category-deportes"],"jetpack_featured_media_url":"https:\/\/i0.wp.com\/eltrabajo.cl\/portal\/wp-content\/uploads\/2017\/10\/serena-uni.jpg?fit=580%2C350&ssl=1","jetpack_sharing_enabled":true,"jetpack_likes_enabled":true,"jetpack-related-posts":[],"_links":{"self":[{"href":"https:\/\/eltrabajo.cl\/portal\/wp-json\/wp\/v2\/posts\/82542","targetHints":{"allow":["GET"]}}],"collection":[{"href":"https:\/\/eltrabajo.cl\/portal\/wp-json\/wp\/v2\/posts"}],"about":[{"href":"https:\/\/eltrabajo.cl\/portal\/wp-json\/wp\/v2\/types\/post"}],"author":[{"embeddable":true,"href":"https:\/\/eltrabajo.cl\/portal\/wp-json\/wp\/v2\/users\/1"}],"replies":[{"embeddable":true,"href":"https:\/\/eltrabajo.cl\/portal\/wp-json\/wp\/v2\/comments?post=82542"}],"version-history":[{"count":0,"href":"https:\/\/eltrabajo.cl\/portal\/wp-json\/wp\/v2\/posts\/82542\/revisions"}],"wp:featuredmedia":[{"embeddable":true,"href":"https:\/\/eltrabajo.cl\/portal\/wp-json\/wp\/v2\/media\/82543"}],"wp:attachment":[{"href":"https:\/\/eltrabajo.cl\/portal\/wp-json\/wp\/v2\/media?parent=82542"}],"wp:term":[{"taxonomy":"category","embeddable":true,"href":"https:\/\/eltrabajo.cl\/portal\/wp-json\/wp\/v2\/categories?post=82542"},{"taxonomy":"post_tag","embeddable":true,"href":"https:\/\/eltrabajo.cl\/portal\/wp-json\/wp\/v2\/tags?post=82542"}],"curies":[{"name":"wp","href":"https:\/\/api.w.org\/{rel}","templated":true}]}}