{"id":82549,"date":"2017-10-30T05:06:40","date_gmt":"2017-10-30T09:06:40","guid":{"rendered":"http:\/\/www.eltrabajo.cl\/2017\/?p=82549"},"modified":"2017-10-30T05:06:40","modified_gmt":"2017-10-30T09:06:40","slug":"dos-bolivianos-detenidos-tras-herir-con-arma-blanca-a-un-haitiano","status":"publish","type":"post","link":"https:\/\/eltrabajo.cl\/portal\/dos-bolivianos-detenidos-tras-herir-con-arma-blanca-a-un-haitiano\/","title":{"rendered":"Dos bolivianos detenidos tras herir con arma blanca a un haitiano"},"content":{"rendered":"<figure id=\"attachment_82550\" aria-describedby=\"caption-attachment-82550\" style=\"width: 580px\" class=\"wp-caption alignnone\"><img data-recalc-dims=\"1\" loading=\"lazy\" decoding=\"async\" class=\"size-full wp-image-82550\" src=\"https:\/\/i0.wp.com\/www.eltrabajo.cl\/2017\/wp-content\/uploads\/2017\/10\/BOLIVIANOS-DETENIDOS.jpg?resize=580%2C350\" alt=\"Carabineros procedi\u00f3 a la detenci\u00f3n de dos ciudadanos bolivianos tras herir con un cuchillo a un inmigrante haitiano de 51 a\u00f1os de edad, en Avenida Maip\u00fa de San Felipe.\" width=\"580\" height=\"350\" srcset=\"https:\/\/i0.wp.com\/eltrabajo.cl\/portal\/wp-content\/uploads\/2017\/10\/BOLIVIANOS-DETENIDOS.jpg?w=580&amp;ssl=1 580w, https:\/\/i0.wp.com\/eltrabajo.cl\/portal\/wp-content\/uploads\/2017\/10\/BOLIVIANOS-DETENIDOS.jpg?resize=200%2C121&amp;ssl=1 200w, https:\/\/i0.wp.com\/eltrabajo.cl\/portal\/wp-content\/uploads\/2017\/10\/BOLIVIANOS-DETENIDOS.jpg?resize=300%2C181&amp;ssl=1 300w, https:\/\/i0.wp.com\/eltrabajo.cl\/portal\/wp-content\/uploads\/2017\/10\/BOLIVIANOS-DETENIDOS.jpg?resize=249%2C150&amp;ssl=1 249w, https:\/\/i0.wp.com\/eltrabajo.cl\/portal\/wp-content\/uploads\/2017\/10\/BOLIVIANOS-DETENIDOS.jpg?resize=400%2C241&amp;ssl=1 400w\" sizes=\"auto, (max-width: 580px) 100vw, 580px\" \/><figcaption id=\"caption-attachment-82550\" class=\"wp-caption-text\">Carabineros procedi\u00f3 a la detenci\u00f3n de dos ciudadanos bolivianos tras herir con un cuchillo a un inmigrante haitiano de 51 a\u00f1os de edad, en Avenida Maip\u00fa de San Felipe.300506<\/figcaption><\/figure>\n<ul>\n<li><strong><span style=\"color: #ff0000;\">Extranjeros residen juntos en un inmueble en Avenida Maip\u00fa:<\/span>\u00a0V\u00edctima de 51 a\u00f1os result\u00f3 con diversos cortes en su cuerpo, diagnosticados como menos graves por el M\u00e9dico de Turno del Hospital San Camilo.<\/strong><\/li>\n<\/ul>\n<p>Dos ciudadanos bolivianos, de 23 y 28 a\u00f1os de edad, resultaron detenidos por Carabineros en medio de una violenta ri\u00f1a que se origin\u00f3 al interior de una vivienda en Avenida Maip\u00fa de San Felipe, resultando herido con arma blanca un haitiano de 51 a\u00f1os de edad, tras un confuso incidente ocurrido la tarde noche de este jueves.<br \/>\nTestigos del lugar solicitaron la presencia de Carabineros, pues se presume que los protagonistas, momentos antes de la ri\u00f1a, habr\u00edan estado consumiendo bebidas alcoh\u00f3licas dentro del inmueble, inici\u00e1ndose una discusi\u00f3n a ra\u00edz de que los involucrados residen en la misma vivienda.<br \/>\nLos uniformados al tomar contacto con la v\u00edctima, \u00e9sta les proporcion\u00f3 las caracter\u00edsticas de los agresores, quienes se encontraban en la v\u00eda p\u00fablica, siendo detenidos y trasladados junto con el afectado hasta el Servicio de Urgencias del Hospital San Camilo, para la constataci\u00f3n de lesiones.<br \/>\nSeg\u00fan inform\u00f3 la capitan de Carabineros de la Segunda Comisar\u00eda de San Felipe, Carolina Fern\u00e1ndez a Diario El Trabajo, \u00abel ciudadano haitiano result\u00f3 con cortes en el ante brazo y en el dorso de car\u00e1cter menos graves. Conforme a las instrucciones del Fiscal de Turno, los ciudadanos bolivianos fueron puestos a disposici\u00f3n de la Fiscal\u00eda para audiencia de control de detenci\u00f3n\u00bb.<br \/>\nConforme a las instrucciones del Fiscal de Turno, los imputados pasaron a control de detenci\u00f3n donde seg\u00fan el abogado defensor, Felipe Basaure, fueron formalizados por lesiones leves en agresi\u00f3n, otorgando un plazo de cien d\u00edas para el cierre de la investigaci\u00f3n, firma mensual en la Segunda Comisar\u00eda de Carabineros de San Felipe y la prohibici\u00f3n de acercarse a la v\u00edctima.<\/p>\n<p><span style=\"color: #ff0000;\"><strong>AGRESION SERIA POR QUERER OCUPAR UN BA\u00d1O<\/strong><\/span><br \/>\nSeg\u00fan testigos, la agresi\u00f3n se produjo al parecer por querer hacer uso del ba\u00f1o que hay en el lugar, eso fue lo que comentaba una persona que estaba en el lugar de los hechos. A parte de eso consumo de alcohol.<br \/>\nLos imputados estaban de visita en el lugar donde se produjo la agresi\u00f3n.<br \/>\nLos imputados fueron identificados con las iniciales A.C.C y D.C.C de 28 y 23 a\u00f1os respectivamente.<br \/>\nEl hecho se produjo al interior de una vivienda que se arrienda y est\u00e1 ubicada en la avenida Maip\u00fa, entre las calles Freire y San Mart\u00edn.<\/p>\n","protected":false},"excerpt":{"rendered":"<p>Extranjeros residen juntos en un inmueble en Avenida Maip\u00fa:\u00a0V\u00edctima de 51 a\u00f1os result\u00f3 con diversos cortes en su cuerpo, diagnosticados como menos graves por el M\u00e9dico de Turno del Hospital San Camilo&#8230;.<\/p>\n","protected":false},"author":1,"featured_media":82550,"comment_status":"open","ping_status":"open","sticky":false,"template":"","format":"standard","meta":{"advanced_seo_description":"","jetpack_seo_html_title":"","jetpack_seo_noindex":false,"_jetpack_memberships_contains_paid_content":false,"footnotes":""},"categories":[21],"tags":[],"class_list":["post-82549","post","type-post","status-publish","format-standard","has-post-thumbnail","hentry","category-policial"],"jetpack_featured_media_url":"https:\/\/i0.wp.com\/eltrabajo.cl\/portal\/wp-content\/uploads\/2017\/10\/BOLIVIANOS-DETENIDOS.jpg?fit=580%2C350&ssl=1","jetpack_sharing_enabled":true,"jetpack_likes_enabled":true,"jetpack-related-posts":[],"_links":{"self":[{"href":"https:\/\/eltrabajo.cl\/portal\/wp-json\/wp\/v2\/posts\/82549","targetHints":{"allow":["GET"]}}],"collection":[{"href":"https:\/\/eltrabajo.cl\/portal\/wp-json\/wp\/v2\/posts"}],"about":[{"href":"https:\/\/eltrabajo.cl\/portal\/wp-json\/wp\/v2\/types\/post"}],"author":[{"embeddable":true,"href":"https:\/\/eltrabajo.cl\/portal\/wp-json\/wp\/v2\/users\/1"}],"replies":[{"embeddable":true,"href":"https:\/\/eltrabajo.cl\/portal\/wp-json\/wp\/v2\/comments?post=82549"}],"version-history":[{"count":0,"href":"https:\/\/eltrabajo.cl\/portal\/wp-json\/wp\/v2\/posts\/82549\/revisions"}],"wp:featuredmedia":[{"embeddable":true,"href":"https:\/\/eltrabajo.cl\/portal\/wp-json\/wp\/v2\/media\/82550"}],"wp:attachment":[{"href":"https:\/\/eltrabajo.cl\/portal\/wp-json\/wp\/v2\/media?parent=82549"}],"wp:term":[{"taxonomy":"category","embeddable":true,"href":"https:\/\/eltrabajo.cl\/portal\/wp-json\/wp\/v2\/categories?post=82549"},{"taxonomy":"post_tag","embeddable":true,"href":"https:\/\/eltrabajo.cl\/portal\/wp-json\/wp\/v2\/tags?post=82549"}],"curies":[{"name":"wp","href":"https:\/\/api.w.org\/{rel}","templated":true}]}}