{"id":82554,"date":"2017-10-31T05:00:55","date_gmt":"2017-10-31T09:00:55","guid":{"rendered":"http:\/\/www.eltrabajo.cl\/2017\/?p=82554"},"modified":"2017-10-31T05:00:55","modified_gmt":"2017-10-31T09:00:55","slug":"artesanias-en-totora-galletas-y-pinturas-se-hacen-en-el-taller-laboral-genesis","status":"publish","type":"post","link":"https:\/\/eltrabajo.cl\/portal\/artesanias-en-totora-galletas-y-pinturas-se-hacen-en-el-taller-laboral-genesis\/","title":{"rendered":"Artesan\u00edas en totora, galletas y pinturas se hacen en el Taller laboral G\u00e9nesis"},"content":{"rendered":"<figure id=\"attachment_82560\" aria-describedby=\"caption-attachment-82560\" style=\"width: 580px\" class=\"wp-caption alignnone\"><img data-recalc-dims=\"1\" loading=\"lazy\" decoding=\"async\" class=\"size-full wp-image-82560\" src=\"https:\/\/i0.wp.com\/www.eltrabajo.cl\/2017\/wp-content\/uploads\/2017\/10\/Genesis1.jpg?resize=580%2C400\" alt=\"TALLER LABORAL G\u00c9NESIS.- Ellos son parte del grupo que da vida y vigor al Taller Laboral G\u00e9nesis, proyecto social que naci\u00f3 el 28 de agosto de 1998, y est\u00e1 ubicado en Joaqu\u00edn Oliva 52, de Poblaci\u00f3n Yungay.\" width=\"580\" height=\"400\" srcset=\"https:\/\/i0.wp.com\/eltrabajo.cl\/portal\/wp-content\/uploads\/2017\/10\/Genesis1.jpg?w=580&amp;ssl=1 580w, https:\/\/i0.wp.com\/eltrabajo.cl\/portal\/wp-content\/uploads\/2017\/10\/Genesis1.jpg?resize=200%2C138&amp;ssl=1 200w, https:\/\/i0.wp.com\/eltrabajo.cl\/portal\/wp-content\/uploads\/2017\/10\/Genesis1.jpg?resize=300%2C207&amp;ssl=1 300w, https:\/\/i0.wp.com\/eltrabajo.cl\/portal\/wp-content\/uploads\/2017\/10\/Genesis1.jpg?resize=218%2C150&amp;ssl=1 218w, https:\/\/i0.wp.com\/eltrabajo.cl\/portal\/wp-content\/uploads\/2017\/10\/Genesis1.jpg?resize=400%2C276&amp;ssl=1 400w\" sizes=\"auto, (max-width: 580px) 100vw, 580px\" \/><figcaption id=\"caption-attachment-82560\" class=\"wp-caption-text\">TALLER LABORAL G\u00c9NESIS.- Ellos son parte del grupo que da vida y vigor al Taller Laboral G\u00e9nesis, proyecto social que naci\u00f3 el 28 de agosto de 1998, y est\u00e1 ubicado en Joaqu\u00edn Oliva 52, de Poblaci\u00f3n Yungay.<\/figcaption><\/figure>\n<ul>\n<li><span style=\"color: #ff0000;\"><strong>Las ganas de ser \u00fatil a la Sociedad no tiene l\u00edmites:<\/strong><\/span><\/li>\n<\/ul>\n<p>Regularmente los podemos ver vendiendo sus artesan\u00edas en algunas ferias de nuestra comuna; ofreciendo las ricas galletas y dem\u00e1s reposter\u00eda que hacen y tambi\u00e9n mostrando sus pinturas y otras propuestas artesanales hechas con sus propias manos. Se trata de los 17 j\u00f3venes que dan vida y vigor al Taller Laboral G\u00e9nesis, proyecto social que naci\u00f3 el 28 de agosto de 1998, y est\u00e1 ubicado en Joaqu\u00edn Oliva 52, de Poblaci\u00f3n Yungay.<br \/>\n\u00abNuestro taller naci\u00f3 para dar respuesta al proceso que las personas terminan al cumplir sus 26 a\u00f1os en las escuelas especiales, situaci\u00f3n que los deja limitados a su casa y en la que ya no pueden participar oficialmente en otros proyectos, fue as\u00ed como iniciamos este proyecto, aqu\u00ed los chicos elaboran artesan\u00edas en totora; pintan en madera, hacen tejidos; preparan pan y galletas, de esta forma se autofinancia G\u00e9nesis, adem\u00e1s del apoyo de subvenci\u00f3n anual que el Municipio nos entrega. En cuanto a las ganancias de estas ventas, el 50% de las mismas son entregadas a fin de a\u00f1o de forma directa a cada uno de los j\u00f3venes, con el resto del 50% se financia el material y gastos de producci\u00f3n, tambi\u00e9n hacemos un paseo anual, en enero, y lo hacemos generalmente a distintas ciudades de la V Regi\u00f3n\u00bb, coment\u00f3 a Diario El Trabajo la directora de G\u00e9nesis, do\u00f1a Nancy Pineda Garrido.<\/p>\n<p><span style=\"color: #ff0000;\"><strong>UNA GRAN FAMILIA<\/strong><\/span><br \/>\nNuestro medio hizo ayer lunes una visita a este taller laboral, durante la misma pudimos ver c\u00f3mo los usuarios del mismo se desarrollan plenamente en virtud de sus capacidades y talentos, algunos pintan, otros son expertos manualistas y otros tambi\u00e9n se lucen haciendo ricas galletas.<br \/>\nLa estructura biopsicosocial de este proyecto de superaci\u00f3n humana cuenta con los elementos necesarios que permiten al Aiep, el integrar a sus estudiantes de la carrera T\u00e9cnico en Trabajo Social, incorporarse al rol de trabajo en G\u00e9nesis.<br \/>\n\u00abSon cuatro semanas de mucho trabajo con estos j\u00f3venes en las que tenemos que desarrollarnos integralmente con ellos, es agradable ver c\u00f3mo ellos viven pr\u00e1cticamente como una familia, con sus roles propios de una\u00bb, coment\u00f3 a nuestro medio la estudiante del Aiep, Fabiola Reinoso.<br \/>\nPor su parte el presidente de G\u00e9nesis, don Reynard Montejo, explic\u00f3 que \u00abyo felicito a todas las personas que trabajan en este taller laboral, a su directora y fundadora, porque este proyecto es de mucha ayuda para estos j\u00f3venes, aqu\u00ed se desarrollan con muchas ganas y les saca del aburrimiento\u00bb.<br \/>\nUna de las usuarias del taller que viaja desde Llay Llay, Katherine Estay, de 24 a\u00f1os de edad, coment\u00f3 a Diario El Trabajo que \u00abyo pinto, hago pan y otras golosinas, queques y tambi\u00e9n pinto madera. Me encanta estar en este taller, para no aburrirme en la casa, me siento \u00fatil\u00bb.<br \/>\nLos interesados en comprar las ricas galletas y las hermosas artesan\u00edas que estos chicos elaboran, pueden llamar al fono 342911177. Recordemos tambi\u00e9n que estos j\u00f3venes ofrecen c\u00f3cteles para eventos particulares.<br \/>\n<strong>Roberto Gonz\u00e1lez Short<\/strong><\/p>\n<figure id=\"attachment_82555\" aria-describedby=\"caption-attachment-82555\" style=\"width: 580px\" class=\"wp-caption alignnone\"><img data-recalc-dims=\"1\" loading=\"lazy\" decoding=\"async\" class=\"size-full wp-image-82555\" src=\"https:\/\/i0.wp.com\/www.eltrabajo.cl\/2017\/wp-content\/uploads\/2017\/10\/Genesis3.jpg?resize=580%2C399\" alt=\"ELLOS AL FRENTE.- Aqu\u00ed tenemos al equipo de profesionales que brindan atenci\u00f3n a estos 17 j\u00f3venes del Taller G\u00e9nesis.\" width=\"580\" height=\"399\" srcset=\"https:\/\/i0.wp.com\/eltrabajo.cl\/portal\/wp-content\/uploads\/2017\/10\/Genesis3.jpg?w=580&amp;ssl=1 580w, https:\/\/i0.wp.com\/eltrabajo.cl\/portal\/wp-content\/uploads\/2017\/10\/Genesis3.jpg?resize=200%2C138&amp;ssl=1 200w, https:\/\/i0.wp.com\/eltrabajo.cl\/portal\/wp-content\/uploads\/2017\/10\/Genesis3.jpg?resize=300%2C206&amp;ssl=1 300w, https:\/\/i0.wp.com\/eltrabajo.cl\/portal\/wp-content\/uploads\/2017\/10\/Genesis3.jpg?resize=218%2C150&amp;ssl=1 218w, https:\/\/i0.wp.com\/eltrabajo.cl\/portal\/wp-content\/uploads\/2017\/10\/Genesis3.jpg?resize=400%2C275&amp;ssl=1 400w\" sizes=\"auto, (max-width: 580px) 100vw, 580px\" \/><figcaption id=\"caption-attachment-82555\" class=\"wp-caption-text\">ELLOS AL FRENTE.- Aqu\u00ed tenemos al equipo de profesionales que brindan atenci\u00f3n a estos 17 j\u00f3venes del Taller G\u00e9nesis.<\/figcaption><\/figure>\n<figure id=\"attachment_82556\" aria-describedby=\"caption-attachment-82556\" style=\"width: 580px\" class=\"wp-caption alignnone\"><img data-recalc-dims=\"1\" loading=\"lazy\" decoding=\"async\" class=\"size-full wp-image-82556\" src=\"https:\/\/i0.wp.com\/www.eltrabajo.cl\/2017\/wp-content\/uploads\/2017\/10\/Genesis_Fabiola-Reinoso.jpg?resize=580%2C553\" alt=\"Estudiante del Aiep, Fabiola Reinoso.\" width=\"580\" height=\"553\" srcset=\"https:\/\/i0.wp.com\/eltrabajo.cl\/portal\/wp-content\/uploads\/2017\/10\/Genesis_Fabiola-Reinoso.jpg?w=580&amp;ssl=1 580w, https:\/\/i0.wp.com\/eltrabajo.cl\/portal\/wp-content\/uploads\/2017\/10\/Genesis_Fabiola-Reinoso.jpg?resize=157%2C150&amp;ssl=1 157w, https:\/\/i0.wp.com\/eltrabajo.cl\/portal\/wp-content\/uploads\/2017\/10\/Genesis_Fabiola-Reinoso.jpg?resize=300%2C286&amp;ssl=1 300w, https:\/\/i0.wp.com\/eltrabajo.cl\/portal\/wp-content\/uploads\/2017\/10\/Genesis_Fabiola-Reinoso.jpg?resize=400%2C381&amp;ssl=1 400w\" sizes=\"auto, (max-width: 580px) 100vw, 580px\" \/><figcaption id=\"caption-attachment-82556\" class=\"wp-caption-text\">Estudiante del Aiep, Fabiola Reinoso.<\/figcaption><\/figure>\n<figure id=\"attachment_82557\" aria-describedby=\"caption-attachment-82557\" style=\"width: 580px\" class=\"wp-caption alignnone\"><img data-recalc-dims=\"1\" loading=\"lazy\" decoding=\"async\" class=\"size-full wp-image-82557\" src=\"https:\/\/i0.wp.com\/www.eltrabajo.cl\/2017\/wp-content\/uploads\/2017\/10\/Genesis_Katherine-Estay.jpg?resize=580%2C537\" alt=\"Katherine Estay, artesana llaylla\u00edna de 24 a\u00f1os de edad.\" width=\"580\" height=\"537\" srcset=\"https:\/\/i0.wp.com\/eltrabajo.cl\/portal\/wp-content\/uploads\/2017\/10\/Genesis_Katherine-Estay.jpg?w=580&amp;ssl=1 580w, https:\/\/i0.wp.com\/eltrabajo.cl\/portal\/wp-content\/uploads\/2017\/10\/Genesis_Katherine-Estay.jpg?resize=162%2C150&amp;ssl=1 162w, https:\/\/i0.wp.com\/eltrabajo.cl\/portal\/wp-content\/uploads\/2017\/10\/Genesis_Katherine-Estay.jpg?resize=300%2C278&amp;ssl=1 300w, https:\/\/i0.wp.com\/eltrabajo.cl\/portal\/wp-content\/uploads\/2017\/10\/Genesis_Katherine-Estay.jpg?resize=400%2C370&amp;ssl=1 400w\" sizes=\"auto, (max-width: 580px) 100vw, 580px\" \/><figcaption id=\"caption-attachment-82557\" class=\"wp-caption-text\">Katherine Estay, artesana llaylla\u00edna de 24 a\u00f1os de edad.<\/figcaption><\/figure>\n<figure id=\"attachment_82558\" aria-describedby=\"caption-attachment-82558\" style=\"width: 580px\" class=\"wp-caption alignnone\"><img data-recalc-dims=\"1\" loading=\"lazy\" decoding=\"async\" class=\"size-full wp-image-82558\" src=\"https:\/\/i0.wp.com\/www.eltrabajo.cl\/2017\/wp-content\/uploads\/2017\/10\/Genesis_Nancy-Pineda.jpg?resize=580%2C526\" alt=\"Directora de G\u00e9nesis, do\u00f1a Nancy Pineda Garrido.\" width=\"580\" height=\"526\" srcset=\"https:\/\/i0.wp.com\/eltrabajo.cl\/portal\/wp-content\/uploads\/2017\/10\/Genesis_Nancy-Pineda.jpg?w=580&amp;ssl=1 580w, https:\/\/i0.wp.com\/eltrabajo.cl\/portal\/wp-content\/uploads\/2017\/10\/Genesis_Nancy-Pineda.jpg?resize=165%2C150&amp;ssl=1 165w, https:\/\/i0.wp.com\/eltrabajo.cl\/portal\/wp-content\/uploads\/2017\/10\/Genesis_Nancy-Pineda.jpg?resize=300%2C272&amp;ssl=1 300w, https:\/\/i0.wp.com\/eltrabajo.cl\/portal\/wp-content\/uploads\/2017\/10\/Genesis_Nancy-Pineda.jpg?resize=400%2C363&amp;ssl=1 400w\" sizes=\"auto, (max-width: 580px) 100vw, 580px\" \/><figcaption id=\"caption-attachment-82558\" class=\"wp-caption-text\">Directora de G\u00e9nesis, do\u00f1a Nancy Pineda Garrido.<\/figcaption><\/figure>\n<figure id=\"attachment_82559\" aria-describedby=\"caption-attachment-82559\" style=\"width: 580px\" class=\"wp-caption alignnone\"><img data-recalc-dims=\"1\" loading=\"lazy\" decoding=\"async\" class=\"size-full wp-image-82559\" src=\"https:\/\/i0.wp.com\/www.eltrabajo.cl\/2017\/wp-content\/uploads\/2017\/10\/Genesis_Reynard-Montejo.jpg?resize=580%2C513\" alt=\"Presidente de G\u00e9nesis, don Reynard Montejo.\" width=\"580\" height=\"513\" srcset=\"https:\/\/i0.wp.com\/eltrabajo.cl\/portal\/wp-content\/uploads\/2017\/10\/Genesis_Reynard-Montejo.jpg?w=580&amp;ssl=1 580w, https:\/\/i0.wp.com\/eltrabajo.cl\/portal\/wp-content\/uploads\/2017\/10\/Genesis_Reynard-Montejo.jpg?resize=170%2C150&amp;ssl=1 170w, https:\/\/i0.wp.com\/eltrabajo.cl\/portal\/wp-content\/uploads\/2017\/10\/Genesis_Reynard-Montejo.jpg?resize=300%2C265&amp;ssl=1 300w, https:\/\/i0.wp.com\/eltrabajo.cl\/portal\/wp-content\/uploads\/2017\/10\/Genesis_Reynard-Montejo.jpg?resize=400%2C354&amp;ssl=1 400w\" sizes=\"auto, (max-width: 580px) 100vw, 580px\" \/><figcaption id=\"caption-attachment-82559\" class=\"wp-caption-text\">Presidente de G\u00e9nesis, don Reynard Montejo.<\/figcaption><\/figure>\n<figure id=\"attachment_82561\" aria-describedby=\"caption-attachment-82561\" style=\"width: 580px\" class=\"wp-caption alignnone\"><img data-recalc-dims=\"1\" loading=\"lazy\" decoding=\"async\" class=\"size-full wp-image-82561\" src=\"https:\/\/i0.wp.com\/www.eltrabajo.cl\/2017\/wp-content\/uploads\/2017\/10\/Genesis2.jpg?resize=580%2C399\" alt=\"TODO EN TOTORA.- Estas son las artesan\u00edas en totora que elaboran estos j\u00f3venes sanfelipe\u00f1os.\" width=\"580\" height=\"399\" srcset=\"https:\/\/i0.wp.com\/eltrabajo.cl\/portal\/wp-content\/uploads\/2017\/10\/Genesis2.jpg?w=580&amp;ssl=1 580w, https:\/\/i0.wp.com\/eltrabajo.cl\/portal\/wp-content\/uploads\/2017\/10\/Genesis2.jpg?resize=200%2C138&amp;ssl=1 200w, https:\/\/i0.wp.com\/eltrabajo.cl\/portal\/wp-content\/uploads\/2017\/10\/Genesis2.jpg?resize=300%2C206&amp;ssl=1 300w, https:\/\/i0.wp.com\/eltrabajo.cl\/portal\/wp-content\/uploads\/2017\/10\/Genesis2.jpg?resize=218%2C150&amp;ssl=1 218w, https:\/\/i0.wp.com\/eltrabajo.cl\/portal\/wp-content\/uploads\/2017\/10\/Genesis2.jpg?resize=400%2C275&amp;ssl=1 400w\" sizes=\"auto, (max-width: 580px) 100vw, 580px\" \/><figcaption id=\"caption-attachment-82561\" class=\"wp-caption-text\">TODO EN TOTORA.- Estas son las artesan\u00edas en totora que elaboran estos j\u00f3venes sanfelipe\u00f1os.<\/figcaption><\/figure>\n","protected":false},"excerpt":{"rendered":"<p>Las ganas de ser \u00fatil a la Sociedad no tiene l\u00edmites: Regularmente los podemos ver vendiendo sus artesan\u00edas en algunas ferias de nuestra comuna; ofreciendo las ricas galletas y dem\u00e1s reposter\u00eda que&#8230;<\/p>\n","protected":false},"author":1,"featured_media":82555,"comment_status":"open","ping_status":"open","sticky":false,"template":"","format":"standard","meta":{"advanced_seo_description":"","jetpack_seo_html_title":"","jetpack_seo_noindex":false,"_jetpack_memberships_contains_paid_content":false,"footnotes":""},"categories":[15],"tags":[],"class_list":["post-82554","post","type-post","status-publish","format-standard","has-post-thumbnail","hentry","category-comunidad"],"jetpack_featured_media_url":"https:\/\/i0.wp.com\/eltrabajo.cl\/portal\/wp-content\/uploads\/2017\/10\/Genesis3.jpg?fit=580%2C399&ssl=1","jetpack_sharing_enabled":true,"jetpack_likes_enabled":true,"jetpack-related-posts":[],"_links":{"self":[{"href":"https:\/\/eltrabajo.cl\/portal\/wp-json\/wp\/v2\/posts\/82554","targetHints":{"allow":["GET"]}}],"collection":[{"href":"https:\/\/eltrabajo.cl\/portal\/wp-json\/wp\/v2\/posts"}],"about":[{"href":"https:\/\/eltrabajo.cl\/portal\/wp-json\/wp\/v2\/types\/post"}],"author":[{"embeddable":true,"href":"https:\/\/eltrabajo.cl\/portal\/wp-json\/wp\/v2\/users\/1"}],"replies":[{"embeddable":true,"href":"https:\/\/eltrabajo.cl\/portal\/wp-json\/wp\/v2\/comments?post=82554"}],"version-history":[{"count":0,"href":"https:\/\/eltrabajo.cl\/portal\/wp-json\/wp\/v2\/posts\/82554\/revisions"}],"wp:featuredmedia":[{"embeddable":true,"href":"https:\/\/eltrabajo.cl\/portal\/wp-json\/wp\/v2\/media\/82555"}],"wp:attachment":[{"href":"https:\/\/eltrabajo.cl\/portal\/wp-json\/wp\/v2\/media?parent=82554"}],"wp:term":[{"taxonomy":"category","embeddable":true,"href":"https:\/\/eltrabajo.cl\/portal\/wp-json\/wp\/v2\/categories?post=82554"},{"taxonomy":"post_tag","embeddable":true,"href":"https:\/\/eltrabajo.cl\/portal\/wp-json\/wp\/v2\/tags?post=82554"}],"curies":[{"name":"wp","href":"https:\/\/api.w.org\/{rel}","templated":true}]}}