{"id":82563,"date":"2017-10-31T05:01:11","date_gmt":"2017-10-31T09:01:11","guid":{"rendered":"http:\/\/www.eltrabajo.cl\/2017\/?p=82563"},"modified":"2017-10-31T05:01:11","modified_gmt":"2017-10-31T09:01:11","slug":"seleccion-de-san-felipe-eliminada-del-regional-u13","status":"publish","type":"post","link":"https:\/\/eltrabajo.cl\/portal\/seleccion-de-san-felipe-eliminada-del-regional-u13\/","title":{"rendered":"Selecci\u00f3n de San Felipe eliminada del Regional U13"},"content":{"rendered":"<figure id=\"attachment_82565\" aria-describedby=\"caption-attachment-82565\" style=\"width: 580px\" class=\"wp-caption alignnone\"><img data-recalc-dims=\"1\" loading=\"lazy\" decoding=\"async\" class=\"size-full wp-image-82565\" src=\"https:\/\/i0.wp.com\/www.eltrabajo.cl\/2017\/wp-content\/uploads\/2017\/10\/san-felpe-forestal.jpg?resize=580%2C399\" alt=\"En el duelo disputado en el Municipal se consum\u00f3 la eliminaci\u00f3n de San Felipe a manos del buen equipo de Forestal \" width=\"580\" height=\"399\" srcset=\"https:\/\/i0.wp.com\/eltrabajo.cl\/portal\/wp-content\/uploads\/2017\/10\/san-felpe-forestal.jpg?w=580&amp;ssl=1 580w, https:\/\/i0.wp.com\/eltrabajo.cl\/portal\/wp-content\/uploads\/2017\/10\/san-felpe-forestal.jpg?resize=200%2C138&amp;ssl=1 200w, https:\/\/i0.wp.com\/eltrabajo.cl\/portal\/wp-content\/uploads\/2017\/10\/san-felpe-forestal.jpg?resize=300%2C206&amp;ssl=1 300w, https:\/\/i0.wp.com\/eltrabajo.cl\/portal\/wp-content\/uploads\/2017\/10\/san-felpe-forestal.jpg?resize=218%2C150&amp;ssl=1 218w, https:\/\/i0.wp.com\/eltrabajo.cl\/portal\/wp-content\/uploads\/2017\/10\/san-felpe-forestal.jpg?resize=400%2C275&amp;ssl=1 400w\" sizes=\"auto, (max-width: 580px) 100vw, 580px\" \/><figcaption id=\"caption-attachment-82565\" class=\"wp-caption-text\">En el duelo disputado en el Municipal se consum\u00f3 la eliminaci\u00f3n de San Felipe a manos del buen equipo de Forestal<\/figcaption><\/figure>\n<p>No lo pas\u00f3 bien la selecci\u00f3n U13 de San Felipe ante su similar de Forestal en la cuarta fase del torneo Regional. Esto debido a que el combinado sanfelipe\u00f1o fue vencido por los vi\u00f1amarinos en los dos partidos que se jugaron entre el viernes y el domingo reci\u00e9n pasado.<br \/>\nLa llave eliminatoria fue abierta la tarde del viernes en Vi\u00f1a del Mar, ciudad en la cual el combinado de Forestal hizo respetar su condici\u00f3n de local al imponerse claramente y sin apelaci\u00f3n por 5 goles 1 al conjunto comandado t\u00e9cnicamente por Andr\u00e9s \u2018Checho\u2019 L\u00f3pez.<br \/>\nEl resultado negativo de la ida obligaba a San Felipe a ganar en la revancha que se jug\u00f3 al mediod\u00eda del domingo en el estadio Municipal para forzar una definici\u00f3n desde los doce pasos, pero pese al esfuerzo y ganas que desplegaron los ni\u00f1os sanfelipe\u00f1os, no les alcanz\u00f3 para vencer a un rival que siempre fue superior y fue claro dominador en el juego y los n\u00fameros, por lo que finalmente se justific\u00f3 plenamente el 2 a 3 que sufri\u00f3 el seleccionado aconcag\u00fcino y con el cual puso fin a su aventura en el importante torneo que re\u00fane a los mejores jugadores de 13 a\u00f1os de la Quinta Regi\u00f3n.<br \/>\nResultados:<br \/>\nViernes 27 de octubre<br \/>\nForestal 5 \u2013 San Felipe 1<br \/>\nDomingo 29 de octubre<br \/>\nSan Felipe 2 \u2013 Forestal 3<\/p>\n<p><span style=\"color: #ff0000;\"><strong>Uni\u00f3n Delicias no puede avanzar en S\u00e9nior <\/strong><\/span><br \/>\nEn tanto en el Regional de clubes campeones serie S\u00e9nior, Uni\u00f3n Delicias no pudo seguir en carrera al sufrir sendas derrotas de 0 a 1 (local) y 5 a 0 (visita) ante el C\u00f3ndor de San Antonio.<\/p>\n<figure id=\"attachment_82564\" aria-describedby=\"caption-attachment-82564\" style=\"width: 579px\" class=\"wp-caption alignnone\"><img data-recalc-dims=\"1\" loading=\"lazy\" decoding=\"async\" class=\"size-full wp-image-82564\" src=\"https:\/\/i0.wp.com\/www.eltrabajo.cl\/2017\/wp-content\/uploads\/2017\/10\/san-felipe-forestal-1.jpg?resize=579%2C296\" alt=\"Sanfelipe\u00f1os y vi\u00f1amarinos fueron protagonistas de un partido muy entretenido en el Municipal.\" width=\"579\" height=\"296\" srcset=\"https:\/\/i0.wp.com\/eltrabajo.cl\/portal\/wp-content\/uploads\/2017\/10\/san-felipe-forestal-1.jpg?w=579&amp;ssl=1 579w, https:\/\/i0.wp.com\/eltrabajo.cl\/portal\/wp-content\/uploads\/2017\/10\/san-felipe-forestal-1.jpg?resize=200%2C102&amp;ssl=1 200w, https:\/\/i0.wp.com\/eltrabajo.cl\/portal\/wp-content\/uploads\/2017\/10\/san-felipe-forestal-1.jpg?resize=300%2C153&amp;ssl=1 300w, https:\/\/i0.wp.com\/eltrabajo.cl\/portal\/wp-content\/uploads\/2017\/10\/san-felipe-forestal-1.jpg?resize=293%2C150&amp;ssl=1 293w, https:\/\/i0.wp.com\/eltrabajo.cl\/portal\/wp-content\/uploads\/2017\/10\/san-felipe-forestal-1.jpg?resize=400%2C204&amp;ssl=1 400w\" sizes=\"auto, (max-width: 579px) 100vw, 579px\" \/><figcaption id=\"caption-attachment-82564\" class=\"wp-caption-text\">Sanfelipe\u00f1os y vi\u00f1amarinos fueron protagonistas de un partido muy entretenido en el Municipal.<\/figcaption><\/figure>\n","protected":false},"excerpt":{"rendered":"<p>No lo pas\u00f3 bien la selecci\u00f3n U13 de San Felipe ante su similar de Forestal en la cuarta fase del torneo Regional. Esto debido a que el combinado sanfelipe\u00f1o fue vencido por&#8230;<\/p>\n","protected":false},"author":1,"featured_media":82565,"comment_status":"open","ping_status":"open","sticky":false,"template":"","format":"standard","meta":{"advanced_seo_description":"","jetpack_seo_html_title":"","jetpack_seo_noindex":false,"_jetpack_memberships_contains_paid_content":false,"footnotes":""},"categories":[19],"tags":[],"class_list":["post-82563","post","type-post","status-publish","format-standard","has-post-thumbnail","hentry","category-deportes"],"jetpack_featured_media_url":"https:\/\/i0.wp.com\/eltrabajo.cl\/portal\/wp-content\/uploads\/2017\/10\/san-felpe-forestal.jpg?fit=580%2C399&ssl=1","jetpack_sharing_enabled":true,"jetpack_likes_enabled":true,"jetpack-related-posts":[],"_links":{"self":[{"href":"https:\/\/eltrabajo.cl\/portal\/wp-json\/wp\/v2\/posts\/82563","targetHints":{"allow":["GET"]}}],"collection":[{"href":"https:\/\/eltrabajo.cl\/portal\/wp-json\/wp\/v2\/posts"}],"about":[{"href":"https:\/\/eltrabajo.cl\/portal\/wp-json\/wp\/v2\/types\/post"}],"author":[{"embeddable":true,"href":"https:\/\/eltrabajo.cl\/portal\/wp-json\/wp\/v2\/users\/1"}],"replies":[{"embeddable":true,"href":"https:\/\/eltrabajo.cl\/portal\/wp-json\/wp\/v2\/comments?post=82563"}],"version-history":[{"count":0,"href":"https:\/\/eltrabajo.cl\/portal\/wp-json\/wp\/v2\/posts\/82563\/revisions"}],"wp:featuredmedia":[{"embeddable":true,"href":"https:\/\/eltrabajo.cl\/portal\/wp-json\/wp\/v2\/media\/82565"}],"wp:attachment":[{"href":"https:\/\/eltrabajo.cl\/portal\/wp-json\/wp\/v2\/media?parent=82563"}],"wp:term":[{"taxonomy":"category","embeddable":true,"href":"https:\/\/eltrabajo.cl\/portal\/wp-json\/wp\/v2\/categories?post=82563"},{"taxonomy":"post_tag","embeddable":true,"href":"https:\/\/eltrabajo.cl\/portal\/wp-json\/wp\/v2\/tags?post=82563"}],"curies":[{"name":"wp","href":"https:\/\/api.w.org\/{rel}","templated":true}]}}