{"id":82567,"date":"2017-10-31T05:02:03","date_gmt":"2017-10-31T09:02:03","guid":{"rendered":"http:\/\/www.eltrabajo.cl\/2017\/?p=82567"},"modified":"2017-10-31T05:02:03","modified_gmt":"2017-10-31T09:02:03","slug":"clase-maestra-de-voz-profesional-este-sabado-en-el-teatro-municipal","status":"publish","type":"post","link":"https:\/\/eltrabajo.cl\/portal\/clase-maestra-de-voz-profesional-este-sabado-en-el-teatro-municipal\/","title":{"rendered":"Clase Maestra de Voz profesional este s\u00e1bado en el Teatro Municipal"},"content":{"rendered":"<figure id=\"attachment_82568\" aria-describedby=\"caption-attachment-82568\" style=\"width: 580px\" class=\"wp-caption alignnone\"><img data-recalc-dims=\"1\" loading=\"lazy\" decoding=\"async\" class=\"size-full wp-image-82568\" src=\"https:\/\/i0.wp.com\/www.eltrabajo.cl\/2017\/wp-content\/uploads\/2017\/10\/MasterClass1.jpg?resize=580%2C580\" alt=\"Ser\u00e1 este s\u00e1bado 4 de noviembre en el Teatro Municipal de San Felipe, a partir de las 16:00 horas, que se estar\u00e1 desarrollando una Clase Maestra de Voz profesional.\" width=\"580\" height=\"580\" srcset=\"https:\/\/i0.wp.com\/eltrabajo.cl\/portal\/wp-content\/uploads\/2017\/10\/MasterClass1.jpg?w=580&amp;ssl=1 580w, https:\/\/i0.wp.com\/eltrabajo.cl\/portal\/wp-content\/uploads\/2017\/10\/MasterClass1.jpg?resize=150%2C150&amp;ssl=1 150w, https:\/\/i0.wp.com\/eltrabajo.cl\/portal\/wp-content\/uploads\/2017\/10\/MasterClass1.jpg?resize=300%2C300&amp;ssl=1 300w, https:\/\/i0.wp.com\/eltrabajo.cl\/portal\/wp-content\/uploads\/2017\/10\/MasterClass1.jpg?resize=400%2C400&amp;ssl=1 400w, https:\/\/i0.wp.com\/eltrabajo.cl\/portal\/wp-content\/uploads\/2017\/10\/MasterClass1.jpg?resize=144%2C144&amp;ssl=1 144w\" sizes=\"auto, (max-width: 580px) 100vw, 580px\" \/><figcaption id=\"caption-attachment-82568\" class=\"wp-caption-text\">Ser\u00e1 este s\u00e1bado 4 de noviembre en el Teatro Municipal de San Felipe, a partir de las 16:00 horas, que se estar\u00e1 desarrollando una Clase Maestra de Voz profesional.<\/figcaption><\/figure>\n<ul>\n<li><span style=\"color: #ff0000;\"><strong>A partir de las 16:00 ho<\/strong><\/span>\u00a0Teatro Municipal de San Felipe, a partir de las 16:00 horas, se estar\u00e1 desarrollando una Clase Maestra de Voz profesional, misma que ser\u00e1 impartida por cuatro expertos en este tema. Se trata de una nueva propuesta de Talento San Felipe, dirigido por la profesora de canto Rossana V\u00e1squez.<\/li>\n<\/ul>\n<p>\u00abA esta Master Class est\u00e1n invitados a participar personas de todas las edades, la presentaci\u00f3n est\u00e1 dirigida a locutores, profesores, m\u00fasicos, periodistas, actores y todo aquel que en su trabajo use la voz como medio principal para hacer su labor. Ser\u00e1n cinco los expositores en esta clase, la misma dura cuatro horas, con un coffe-break, el valor para participar es de $10.000 por persona, adem\u00e1s de ayudar en el desarrollo profesional de los participantes, esta actividad busca recaudar fondos para Talento San Felipe\u00bb, dijo V\u00e1squez a Diario El Trabajo.<br \/>\nSeg\u00fan Rossana, esta clase permitir\u00e1 a los participantes conocer a profundidad c\u00f3mo funcionan nuestras cuerdas vocales, el diafragma y dem\u00e1s componentes de nuestro cuerpo a la hora de expresarnos en el Habla o Canto.<br \/>\nLos expositores en esta jornada ser\u00e1n la misma Profesora V\u00e1squez y Carlos C\u00e1ceres, adem\u00e1s de las fonoaudi\u00f3logas Elizabeth Jaramillo, Nury Gonz\u00e1lez, Camila Caballero y Antonella Franco. Los interesados en participar pueden llamar al 987369874.<\/p>\n<figure id=\"attachment_82569\" aria-describedby=\"caption-attachment-82569\" style=\"width: 580px\" class=\"wp-caption alignnone\"><img data-recalc-dims=\"1\" loading=\"lazy\" decoding=\"async\" class=\"size-full wp-image-82569\" src=\"https:\/\/i0.wp.com\/www.eltrabajo.cl\/2017\/wp-content\/uploads\/2017\/10\/MasterClass2.jpg?resize=580%2C400\" alt=\"Ser\u00e1 este s\u00e1bado 4 de noviembre en el Teatro Municipal de San Felipe, a partir de las 16:00 horas, que se estar\u00e1 desarrollando una Clase Maestra de Voz profesional.\" width=\"580\" height=\"400\" srcset=\"https:\/\/i0.wp.com\/eltrabajo.cl\/portal\/wp-content\/uploads\/2017\/10\/MasterClass2.jpg?w=580&amp;ssl=1 580w, https:\/\/i0.wp.com\/eltrabajo.cl\/portal\/wp-content\/uploads\/2017\/10\/MasterClass2.jpg?resize=200%2C138&amp;ssl=1 200w, https:\/\/i0.wp.com\/eltrabajo.cl\/portal\/wp-content\/uploads\/2017\/10\/MasterClass2.jpg?resize=300%2C207&amp;ssl=1 300w, https:\/\/i0.wp.com\/eltrabajo.cl\/portal\/wp-content\/uploads\/2017\/10\/MasterClass2.jpg?resize=218%2C150&amp;ssl=1 218w, https:\/\/i0.wp.com\/eltrabajo.cl\/portal\/wp-content\/uploads\/2017\/10\/MasterClass2.jpg?resize=400%2C276&amp;ssl=1 400w\" sizes=\"auto, (max-width: 580px) 100vw, 580px\" \/><figcaption id=\"caption-attachment-82569\" class=\"wp-caption-text\">Ser\u00e1 este s\u00e1bado 4 de noviembre en el Teatro Municipal de San Felipe, a partir de las 16:00 horas, que se estar\u00e1 desarrollando una Clase Maestra de Voz profesional.<\/figcaption><\/figure>\n<figure id=\"attachment_82570\" aria-describedby=\"caption-attachment-82570\" style=\"width: 580px\" class=\"wp-caption alignnone\"><img data-recalc-dims=\"1\" loading=\"lazy\" decoding=\"async\" class=\"size-full wp-image-82570\" src=\"https:\/\/i0.wp.com\/www.eltrabajo.cl\/2017\/wp-content\/uploads\/2017\/10\/MasterClass-Roxana-Vasquez.jpg?resize=580%2C399\" alt=\"Rossana V\u00e1squez, directora de Talento San Felipe.\" width=\"580\" height=\"399\" srcset=\"https:\/\/i0.wp.com\/eltrabajo.cl\/portal\/wp-content\/uploads\/2017\/10\/MasterClass-Roxana-Vasquez.jpg?w=580&amp;ssl=1 580w, https:\/\/i0.wp.com\/eltrabajo.cl\/portal\/wp-content\/uploads\/2017\/10\/MasterClass-Roxana-Vasquez.jpg?resize=200%2C138&amp;ssl=1 200w, https:\/\/i0.wp.com\/eltrabajo.cl\/portal\/wp-content\/uploads\/2017\/10\/MasterClass-Roxana-Vasquez.jpg?resize=300%2C206&amp;ssl=1 300w, https:\/\/i0.wp.com\/eltrabajo.cl\/portal\/wp-content\/uploads\/2017\/10\/MasterClass-Roxana-Vasquez.jpg?resize=218%2C150&amp;ssl=1 218w, https:\/\/i0.wp.com\/eltrabajo.cl\/portal\/wp-content\/uploads\/2017\/10\/MasterClass-Roxana-Vasquez.jpg?resize=400%2C275&amp;ssl=1 400w\" sizes=\"auto, (max-width: 580px) 100vw, 580px\" \/><figcaption id=\"caption-attachment-82570\" class=\"wp-caption-text\">Rossana V\u00e1squez, directora de Talento San Felipe.<\/figcaption><\/figure>\n","protected":false},"excerpt":{"rendered":"<p>A partir de las 16:00 ho\u00a0Teatro Municipal de San Felipe, a partir de las 16:00 horas, se estar\u00e1 desarrollando una Clase Maestra de Voz profesional, misma que ser\u00e1 impartida por cuatro expertos&#8230;<\/p>\n","protected":false},"author":1,"featured_media":82568,"comment_status":"open","ping_status":"open","sticky":false,"template":"","format":"standard","meta":{"advanced_seo_description":"","jetpack_seo_html_title":"","jetpack_seo_noindex":false,"_jetpack_memberships_contains_paid_content":false,"footnotes":""},"categories":[15],"tags":[],"class_list":["post-82567","post","type-post","status-publish","format-standard","has-post-thumbnail","hentry","category-comunidad"],"jetpack_featured_media_url":"https:\/\/i0.wp.com\/eltrabajo.cl\/portal\/wp-content\/uploads\/2017\/10\/MasterClass1.jpg?fit=580%2C580&ssl=1","jetpack_sharing_enabled":true,"jetpack_likes_enabled":true,"jetpack-related-posts":[],"_links":{"self":[{"href":"https:\/\/eltrabajo.cl\/portal\/wp-json\/wp\/v2\/posts\/82567","targetHints":{"allow":["GET"]}}],"collection":[{"href":"https:\/\/eltrabajo.cl\/portal\/wp-json\/wp\/v2\/posts"}],"about":[{"href":"https:\/\/eltrabajo.cl\/portal\/wp-json\/wp\/v2\/types\/post"}],"author":[{"embeddable":true,"href":"https:\/\/eltrabajo.cl\/portal\/wp-json\/wp\/v2\/users\/1"}],"replies":[{"embeddable":true,"href":"https:\/\/eltrabajo.cl\/portal\/wp-json\/wp\/v2\/comments?post=82567"}],"version-history":[{"count":0,"href":"https:\/\/eltrabajo.cl\/portal\/wp-json\/wp\/v2\/posts\/82567\/revisions"}],"wp:featuredmedia":[{"embeddable":true,"href":"https:\/\/eltrabajo.cl\/portal\/wp-json\/wp\/v2\/media\/82568"}],"wp:attachment":[{"href":"https:\/\/eltrabajo.cl\/portal\/wp-json\/wp\/v2\/media?parent=82567"}],"wp:term":[{"taxonomy":"category","embeddable":true,"href":"https:\/\/eltrabajo.cl\/portal\/wp-json\/wp\/v2\/categories?post=82567"},{"taxonomy":"post_tag","embeddable":true,"href":"https:\/\/eltrabajo.cl\/portal\/wp-json\/wp\/v2\/tags?post=82567"}],"curies":[{"name":"wp","href":"https:\/\/api.w.org\/{rel}","templated":true}]}}