{"id":82575,"date":"2017-10-31T05:04:25","date_gmt":"2017-10-31T09:04:25","guid":{"rendered":"http:\/\/www.eltrabajo.cl\/2017\/?p=82575"},"modified":"2017-10-31T05:04:25","modified_gmt":"2017-10-31T09:04:25","slug":"82575-2","status":"publish","type":"post","link":"https:\/\/eltrabajo.cl\/portal\/82575-2\/","title":{"rendered":"Campa\u00f1a No + Tarro reclut\u00f3 1.200 socios con aporte anual de m\u00e1s de $24 millones"},"content":{"rendered":"<figure id=\"attachment_82576\" aria-describedby=\"caption-attachment-82576\" style=\"width: 580px\" class=\"wp-caption alignnone\"><img data-recalc-dims=\"1\" loading=\"lazy\" decoding=\"async\" class=\"size-full wp-image-82576\" src=\"https:\/\/i0.wp.com\/www.eltrabajo.cl\/2017\/wp-content\/uploads\/2017\/10\/bomberos-nueva-camioneta.jpg?resize=580%2C400\" alt=\"Camioneta Chevrolet 0km. Adquirida gracias a una parte de los recursos recaudados con la campa\u00f1a No+Tarro.\" width=\"580\" height=\"400\" srcset=\"https:\/\/i0.wp.com\/eltrabajo.cl\/portal\/wp-content\/uploads\/2017\/10\/bomberos-nueva-camioneta.jpg?w=580&amp;ssl=1 580w, https:\/\/i0.wp.com\/eltrabajo.cl\/portal\/wp-content\/uploads\/2017\/10\/bomberos-nueva-camioneta.jpg?resize=200%2C138&amp;ssl=1 200w, https:\/\/i0.wp.com\/eltrabajo.cl\/portal\/wp-content\/uploads\/2017\/10\/bomberos-nueva-camioneta.jpg?resize=300%2C207&amp;ssl=1 300w, https:\/\/i0.wp.com\/eltrabajo.cl\/portal\/wp-content\/uploads\/2017\/10\/bomberos-nueva-camioneta.jpg?resize=218%2C150&amp;ssl=1 218w, https:\/\/i0.wp.com\/eltrabajo.cl\/portal\/wp-content\/uploads\/2017\/10\/bomberos-nueva-camioneta.jpg?resize=400%2C276&amp;ssl=1 400w\" sizes=\"auto, (max-width: 580px) 100vw, 580px\" \/><figcaption id=\"caption-attachment-82576\" class=\"wp-caption-text\">Camioneta Chevrolet 0km. Adquirida gracias a una parte de los recursos recaudados con la campa\u00f1a No+Tarro.<\/figcaption><\/figure>\n<ul>\n<li><span style=\"color: #ff0000;\"><strong>Balance positivo del Cuerpo de Bomberos de San Felipe:\u00a0<\/strong><\/span>A casi un a\u00f1o de su puesta en marcha, la iniciativa que recauda fondos mediante cuentas bancarias y sistema electr\u00f3nico, permiti\u00f3 la adquisici\u00f3n de una camioneta 0km para la comandancia, una subvenci\u00f3n para cada una de las compa\u00f1\u00edas y disminuir en un 50% la presencia de bomberos en los cruces y peajes de la Provincia de San Felipe.<\/li>\n<\/ul>\n<p>En un verdadero \u2018colch\u00f3n\u2019 financiero se han transformado los cerca de 1.200 socios que el Cuerpo de Bomberos de San Felipe ha logrado reclutar con la campa\u00f1a \u2018No + Tarro\u2019, iniciativa que comenz\u00f3 a implementarse el a\u00f1o 2016 y que a casi un a\u00f1o de su puesta en marcha, consigui\u00f3 recaudar un monto de $24.254.007.<br \/>\nAs\u00ed lo dio a conocer el Superintendente del Cuerpo de Bomberos de San Felipe, Julio Hardoy, quien asegur\u00f3 que estos recursos significan casi un diez por ciento del presupuesto anual de la entidad, lo que ha permitido \u201ctener capacidad de ahorro\u201d y disminuir a la mitad la cantidad de campa\u00f1as \u2018del tarro\u2019 realizadas por los voluntarios en las calles de la provincia de San Felipe.<br \/>\n\u201cEn noviembre del a\u00f1o pasado iniciamos una campa\u00f1a de captaci\u00f3n de socios a trav\u00e9s de cuentas bancarias y sistema electr\u00f3nico\u2026 esos recursos ingresaron a nuestras arcas en forma regular y estuvimos dando cuenta de ello permanentemente a trav\u00e9s de nuestra p\u00e1gina www.bombero sanfelipe.cl\/bombatransparente donde aparece el detalle mes a mes de los dineros recaudados\u201d, sostuvo Hardoy.<br \/>\nSeg\u00fan la autoridad bomberil, actualmente s\u00f3lo se llevan a cabo siete campa\u00f1as de peajes (de las 15 que se efectuaban antes de esta iniciativa) y adem\u00e1s se ha logrado entregar a cada compa\u00f1\u00eda una subvenci\u00f3n que fluct\u00faa entre un mill\u00f3n 500 mil pesos y dos millones de pesos, dependiendo de la cantidad de socios que haya reclutado cada unidad.<br \/>\nJunto con lo anterior, los dineros recaudados permitieron al Cuerpo de Bomberos adquirir una camioneta Chevrolet 4&#215;4, versi\u00f3n 2018 ($18.500.000), la cual, fue equipada con balizas, equipos de radiocomunicaciones, se\u00f1al\u00e9tica, entre otros, con un costo total de $22 millones.<br \/>\n\u201cEsta camioneta viene a renovar una m\u00e1quina que usaba la comandancia; la s\u00e9ptima compa\u00f1\u00eda, a su vez, recibe la que ten\u00eda la comandancia, por lo tanto, se mejora en a\u00f1o y, finalmente, se reasigna un veh\u00edculo al laboratorio de investigaci\u00f3n y prevenci\u00f3n de incendios, donde hab\u00eda una m\u00e1quina muy antigua del a\u00f1o 1994, la cual ha sido dada de baja y que se renov\u00f3 por una del a\u00f1o 2004, de manera que mejoramos en a\u00f1os de servicios, tres m\u00e1quinas que son muy importantes para nuestros servicios\u201d, detall\u00f3 el Superintendente de Bomberos de San Felipe.<br \/>\nHardoy agradeci\u00f3 a las personas que est\u00e1n aportando mensualmente a trav\u00e9s de los sistemas electr\u00f3nicos y los invit\u00f3 a permanecer en este proceso, anticipando que \u201cel primer trimestre del pr\u00f3ximo a\u00f1o, estaremos nuevamente impulsando esta campa\u00f1a, a objeto de recuperar aquellos socios que por una raz\u00f3n se han retirado o cerrado sus cuentas, as\u00ed podremos llegar a nuestra meta final de tres mil socios, lo que permite sacar a bomberos de pedir limosnas en la calles, que es nuestro principal objetivo\u201d, advirti\u00f3.<br \/>\nPor \u00faltimo, el Gobernador de la Provincia de San Felipe, Eduardo Le\u00f3n -quien al inicio de esta campa\u00f1a entreg\u00f3 el apoyo gubernamental y valor\u00f3 la iniciativa-, destac\u00f3 que \u201cinvertir en bomberos, es invertir en nuestra seguridad, as\u00ed que nosotros llamamos a la comunidad a sumarse a esta campa\u00f1a, es importante que bomberos tenga recursos estables y permanentes para su funcionamiento\u2026 nosotros no queremos seguir viendo a nuestros bomberos en las calles con alcanc\u00edas\u201d, sentenci\u00f3 la m\u00e1xima autoridad provincial.<\/p>\n<figure id=\"attachment_82578\" aria-describedby=\"caption-attachment-82578\" style=\"width: 580px\" class=\"wp-caption alignnone\"><img data-recalc-dims=\"1\" loading=\"lazy\" decoding=\"async\" class=\"size-full wp-image-82578\" src=\"https:\/\/i0.wp.com\/www.eltrabajo.cl\/2017\/wp-content\/uploads\/2017\/10\/bomberos-Julio-Hardoy.jpg?resize=580%2C399\" alt=\"Superintendente del Cuerpo de Bomberos de San Felipe, Julio Hardoy.\" width=\"580\" height=\"399\" srcset=\"https:\/\/i0.wp.com\/eltrabajo.cl\/portal\/wp-content\/uploads\/2017\/10\/bomberos-Julio-Hardoy.jpg?w=580&amp;ssl=1 580w, https:\/\/i0.wp.com\/eltrabajo.cl\/portal\/wp-content\/uploads\/2017\/10\/bomberos-Julio-Hardoy.jpg?resize=200%2C138&amp;ssl=1 200w, https:\/\/i0.wp.com\/eltrabajo.cl\/portal\/wp-content\/uploads\/2017\/10\/bomberos-Julio-Hardoy.jpg?resize=300%2C206&amp;ssl=1 300w, https:\/\/i0.wp.com\/eltrabajo.cl\/portal\/wp-content\/uploads\/2017\/10\/bomberos-Julio-Hardoy.jpg?resize=218%2C150&amp;ssl=1 218w, https:\/\/i0.wp.com\/eltrabajo.cl\/portal\/wp-content\/uploads\/2017\/10\/bomberos-Julio-Hardoy.jpg?resize=400%2C275&amp;ssl=1 400w\" sizes=\"auto, (max-width: 580px) 100vw, 580px\" \/><figcaption id=\"caption-attachment-82578\" class=\"wp-caption-text\">Superintendente del Cuerpo de Bomberos de San Felipe, Julio Hardoy.<\/figcaption><\/figure>\n<figure id=\"attachment_82577\" aria-describedby=\"caption-attachment-82577\" style=\"width: 580px\" class=\"wp-caption alignnone\"><img data-recalc-dims=\"1\" loading=\"lazy\" decoding=\"async\" class=\"size-full wp-image-82577\" src=\"https:\/\/i0.wp.com\/www.eltrabajo.cl\/2017\/wp-content\/uploads\/2017\/10\/bomberos-eduardo-leon.jpg?resize=580%2C399\" alt=\"Gobernador de la Provincia de San Felipe, Eduardo Le\u00f3n.\" width=\"580\" height=\"399\" srcset=\"https:\/\/i0.wp.com\/eltrabajo.cl\/portal\/wp-content\/uploads\/2017\/10\/bomberos-eduardo-leon.jpg?w=580&amp;ssl=1 580w, https:\/\/i0.wp.com\/eltrabajo.cl\/portal\/wp-content\/uploads\/2017\/10\/bomberos-eduardo-leon.jpg?resize=200%2C138&amp;ssl=1 200w, https:\/\/i0.wp.com\/eltrabajo.cl\/portal\/wp-content\/uploads\/2017\/10\/bomberos-eduardo-leon.jpg?resize=300%2C206&amp;ssl=1 300w, https:\/\/i0.wp.com\/eltrabajo.cl\/portal\/wp-content\/uploads\/2017\/10\/bomberos-eduardo-leon.jpg?resize=218%2C150&amp;ssl=1 218w, https:\/\/i0.wp.com\/eltrabajo.cl\/portal\/wp-content\/uploads\/2017\/10\/bomberos-eduardo-leon.jpg?resize=400%2C275&amp;ssl=1 400w\" sizes=\"auto, (max-width: 580px) 100vw, 580px\" \/><figcaption id=\"caption-attachment-82577\" class=\"wp-caption-text\">Gobernador de la Provincia de San Felipe, Eduardo Le\u00f3n.<\/figcaption><\/figure>\n","protected":false},"excerpt":{"rendered":"<p>Balance positivo del Cuerpo de Bomberos de San Felipe:\u00a0A casi un a\u00f1o de su puesta en marcha, la iniciativa que recauda fondos mediante cuentas bancarias y sistema electr\u00f3nico, permiti\u00f3 la adquisici\u00f3n de&#8230;<\/p>\n","protected":false},"author":1,"featured_media":82576,"comment_status":"open","ping_status":"open","sticky":false,"template":"","format":"standard","meta":{"advanced_seo_description":"","jetpack_seo_html_title":"","jetpack_seo_noindex":false,"_jetpack_memberships_contains_paid_content":false,"footnotes":""},"categories":[1],"tags":[],"class_list":["post-82575","post","type-post","status-publish","format-standard","has-post-thumbnail","hentry","category-cronica"],"jetpack_featured_media_url":"https:\/\/i0.wp.com\/eltrabajo.cl\/portal\/wp-content\/uploads\/2017\/10\/bomberos-nueva-camioneta.jpg?fit=580%2C400&ssl=1","jetpack_sharing_enabled":true,"jetpack_likes_enabled":true,"jetpack-related-posts":[],"_links":{"self":[{"href":"https:\/\/eltrabajo.cl\/portal\/wp-json\/wp\/v2\/posts\/82575","targetHints":{"allow":["GET"]}}],"collection":[{"href":"https:\/\/eltrabajo.cl\/portal\/wp-json\/wp\/v2\/posts"}],"about":[{"href":"https:\/\/eltrabajo.cl\/portal\/wp-json\/wp\/v2\/types\/post"}],"author":[{"embeddable":true,"href":"https:\/\/eltrabajo.cl\/portal\/wp-json\/wp\/v2\/users\/1"}],"replies":[{"embeddable":true,"href":"https:\/\/eltrabajo.cl\/portal\/wp-json\/wp\/v2\/comments?post=82575"}],"version-history":[{"count":0,"href":"https:\/\/eltrabajo.cl\/portal\/wp-json\/wp\/v2\/posts\/82575\/revisions"}],"wp:featuredmedia":[{"embeddable":true,"href":"https:\/\/eltrabajo.cl\/portal\/wp-json\/wp\/v2\/media\/82576"}],"wp:attachment":[{"href":"https:\/\/eltrabajo.cl\/portal\/wp-json\/wp\/v2\/media?parent=82575"}],"wp:term":[{"taxonomy":"category","embeddable":true,"href":"https:\/\/eltrabajo.cl\/portal\/wp-json\/wp\/v2\/categories?post=82575"},{"taxonomy":"post_tag","embeddable":true,"href":"https:\/\/eltrabajo.cl\/portal\/wp-json\/wp\/v2\/tags?post=82575"}],"curies":[{"name":"wp","href":"https:\/\/api.w.org\/{rel}","templated":true}]}}