{"id":82583,"date":"2017-10-31T05:06:29","date_gmt":"2017-10-31T09:06:29","guid":{"rendered":"http:\/\/www.eltrabajo.cl\/2017\/?p=82583"},"modified":"2017-10-31T05:06:29","modified_gmt":"2017-10-31T09:06:29","slug":"con-un-bate-de-beisbol-y-un-fierro-asaltan-estacion-de-servicio-copec","status":"publish","type":"post","link":"https:\/\/eltrabajo.cl\/portal\/con-un-bate-de-beisbol-y-un-fierro-asaltan-estacion-de-servicio-copec\/","title":{"rendered":"Con un bate de b\u00e9isbol y un fierro asaltan estaci\u00f3n de servicio Copec"},"content":{"rendered":"<figure id=\"attachment_82584\" aria-describedby=\"caption-attachment-82584\" style=\"width: 578px\" class=\"wp-caption alignnone\"><img data-recalc-dims=\"1\" loading=\"lazy\" decoding=\"async\" class=\"size-full wp-image-82584\" src=\"https:\/\/i0.wp.com\/www.eltrabajo.cl\/2017\/wp-content\/uploads\/2017\/10\/ASALTANTES.jpg?resize=578%2C400\" alt=\"Los imputados fueron sometidos a control de detenci\u00f3n en el Juzgado de Garant\u00eda de Los Andes, ampli\u00e1ndose su detenci\u00f3n mientras la Fiscal\u00eda recaba m\u00e1s antecedentes sobre este episodio delictual.\" width=\"578\" height=\"400\" srcset=\"https:\/\/i0.wp.com\/eltrabajo.cl\/portal\/wp-content\/uploads\/2017\/10\/ASALTANTES.jpg?w=578&amp;ssl=1 578w, https:\/\/i0.wp.com\/eltrabajo.cl\/portal\/wp-content\/uploads\/2017\/10\/ASALTANTES.jpg?resize=200%2C138&amp;ssl=1 200w, https:\/\/i0.wp.com\/eltrabajo.cl\/portal\/wp-content\/uploads\/2017\/10\/ASALTANTES.jpg?resize=300%2C208&amp;ssl=1 300w, https:\/\/i0.wp.com\/eltrabajo.cl\/portal\/wp-content\/uploads\/2017\/10\/ASALTANTES.jpg?resize=217%2C150&amp;ssl=1 217w, https:\/\/i0.wp.com\/eltrabajo.cl\/portal\/wp-content\/uploads\/2017\/10\/ASALTANTES.jpg?resize=400%2C277&amp;ssl=1 400w\" sizes=\"auto, (max-width: 578px) 100vw, 578px\" \/><figcaption id=\"caption-attachment-82584\" class=\"wp-caption-text\">Los imputados fueron sometidos a control de detenci\u00f3n en el Juzgado de Garant\u00eda de Los Andes, ampli\u00e1ndose su detenci\u00f3n mientras la Fiscal\u00eda recaba m\u00e1s antecedentes sobre este episodio delictual.<\/figcaption><\/figure>\n<ul>\n<li><strong><span style=\"color: #ff0000;\">Huyeron en veh\u00edculo robado durante la madrugada:\u00a0<\/span>El hecho ocurri\u00f3 durante la madrugada de este lunes en la estaci\u00f3n de combustibles ubicada en la comuna de San Esteban. Momentos m\u00e1s tarde Carabineros logr\u00f3 la identificaci\u00f3n de los antisociales, entre ellos un menor de edad.<\/strong><\/li>\n<\/ul>\n<p>Un magro bot\u00edn en dinero en efectivo, cajetillas de cigarrillos y otras especies fue el robo que lograron concretar dos antisociales, quienes en horas de la madrugada de ayer lunes asaltaron el servicentro Copec ubicado en la avenida Alessandri N\u00ba1811 en San Esteban, intimidando a los trabajadores con un bate de b\u00e9isbol y otro elemento contundente, siendo ambos detenidos momentos m\u00e1s tarde por personal de Carabineros.<br \/>\nEn los momentos en que se perpetraba el delito, testigos solicitaron v\u00eda telef\u00f3nica la presencia de Carabineros, luego de percatarse que dos sujetos que luego huyeron en un veh\u00edculo Nissan de color rojo, hab\u00edan asaltado al bombero para sustraerle una recaudaci\u00f3n de $30.000, apoder\u00e1ndose adem\u00e1s de otras especies consistentes en cigarrillos y otros productos desde el minimarket Punto.<br \/>\n\u201cEstos sujetos al advertir la presencia de Carabineros huyen, las propias v\u00edctimas se\u00f1alan que estos j\u00f3venes andaban con objetos contundentes como un bate y otro elemento que no fue bien distinguido con claridad, pero no eran armamentos de fuego ni arma blanca. Hay un aproximado en el robo de $30.000 que le sustrajeron al bombero (\u2026) luego huyen en un veh\u00edculo de color rojo que qued\u00f3 a disposici\u00f3n de la Fiscal\u00eda\u201d, inform\u00f3 a Diario El Trabajo, el Capit\u00e1n de Carabineros V\u00edctor Torres.<br \/>\nEl oficial detall\u00f3 que momentos m\u00e1s tarde el personal policial efectu\u00f3 el seguimiento a este m\u00f3vil en b\u00fasqueda de los delincuentes, quienes abandonaron el veh\u00edculo utilizado para cometer el robo en un sitio eriazo cercano a la villa Portal Nevado de San Esteban. No obstante tras obtener las identidades de los sujetos a trav\u00e9s de las grabaciones de las c\u00e1maras de seguridad del recinto, la polic\u00eda uniformada logr\u00f3 capturar a los imputados.<br \/>\n\u201cCarabineros realiz\u00f3 un seguimiento a distancia de estas personas, pero como el veh\u00edculo qued\u00f3 abandonado (\u2026) posteriormente en un sitio eriazo se logra la individualizaci\u00f3n de ambos reconocidos por sus vestimentas, d\u00e1ndose a la fuga a pie. Este veh\u00edculo utilizado no manten\u00eda encargo por robo, se est\u00e1n realizando diligencias investigativas si existir\u00eda alg\u00fan v\u00ednculo entre el due\u00f1o del veh\u00edculo y las personas que efectuaron el il\u00edcito\u201d, agreg\u00f3 el oficial policial.<br \/>\nLos detenidos fueron identificados con las iniciales B.A.F.V., de 19 a\u00f1os de edad, y A.R.L.M. de 17 a\u00f1os, quienes la ma\u00f1ana de ayer lunes fueron derivados hasta el Juzgado de Garant\u00eda de Los Andes, ampli\u00e1ndose la detenci\u00f3n hasta que la Fiscal\u00eda recabe m\u00e1s antecedentes del caso por el delito de robo con intimidaci\u00f3n, adem\u00e1s de receptaci\u00f3n de veh\u00edculo motorizado, toda vez que el m\u00f3vil habr\u00eda sido robado durante la misma madrugada.<br \/>\n<strong>Pablo Salinas Sald\u00edas<\/strong><\/p>\n","protected":false},"excerpt":{"rendered":"<p>Huyeron en veh\u00edculo robado durante la madrugada:\u00a0El hecho ocurri\u00f3 durante la madrugada de este lunes en la estaci\u00f3n de combustibles ubicada en la comuna de San Esteban. Momentos m\u00e1s tarde Carabineros logr\u00f3&#8230;<\/p>\n","protected":false},"author":1,"featured_media":82584,"comment_status":"open","ping_status":"open","sticky":false,"template":"","format":"standard","meta":{"advanced_seo_description":"","jetpack_seo_html_title":"","jetpack_seo_noindex":false,"_jetpack_memberships_contains_paid_content":false,"footnotes":""},"categories":[21],"tags":[],"class_list":["post-82583","post","type-post","status-publish","format-standard","has-post-thumbnail","hentry","category-policial"],"jetpack_featured_media_url":"https:\/\/i0.wp.com\/eltrabajo.cl\/portal\/wp-content\/uploads\/2017\/10\/ASALTANTES.jpg?fit=578%2C400&ssl=1","jetpack_sharing_enabled":true,"jetpack_likes_enabled":true,"jetpack-related-posts":[],"_links":{"self":[{"href":"https:\/\/eltrabajo.cl\/portal\/wp-json\/wp\/v2\/posts\/82583","targetHints":{"allow":["GET"]}}],"collection":[{"href":"https:\/\/eltrabajo.cl\/portal\/wp-json\/wp\/v2\/posts"}],"about":[{"href":"https:\/\/eltrabajo.cl\/portal\/wp-json\/wp\/v2\/types\/post"}],"author":[{"embeddable":true,"href":"https:\/\/eltrabajo.cl\/portal\/wp-json\/wp\/v2\/users\/1"}],"replies":[{"embeddable":true,"href":"https:\/\/eltrabajo.cl\/portal\/wp-json\/wp\/v2\/comments?post=82583"}],"version-history":[{"count":0,"href":"https:\/\/eltrabajo.cl\/portal\/wp-json\/wp\/v2\/posts\/82583\/revisions"}],"wp:featuredmedia":[{"embeddable":true,"href":"https:\/\/eltrabajo.cl\/portal\/wp-json\/wp\/v2\/media\/82584"}],"wp:attachment":[{"href":"https:\/\/eltrabajo.cl\/portal\/wp-json\/wp\/v2\/media?parent=82583"}],"wp:term":[{"taxonomy":"category","embeddable":true,"href":"https:\/\/eltrabajo.cl\/portal\/wp-json\/wp\/v2\/categories?post=82583"},{"taxonomy":"post_tag","embeddable":true,"href":"https:\/\/eltrabajo.cl\/portal\/wp-json\/wp\/v2\/tags?post=82583"}],"curies":[{"name":"wp","href":"https:\/\/api.w.org\/{rel}","templated":true}]}}