{"id":82587,"date":"2017-11-02T05:00:55","date_gmt":"2017-11-02T09:00:55","guid":{"rendered":"http:\/\/www.eltrabajo.cl\/2017\/?p=82587"},"modified":"2017-11-02T05:00:55","modified_gmt":"2017-11-02T09:00:55","slug":"llay-llay-sera-sede-para-rendir-psu-a-partir-del-presente-ano-2017","status":"publish","type":"post","link":"https:\/\/eltrabajo.cl\/portal\/llay-llay-sera-sede-para-rendir-psu-a-partir-del-presente-ano-2017\/","title":{"rendered":"Llay Llay ser\u00e1 sede para rendir PSU a partir del presente a\u00f1o 2017"},"content":{"rendered":"<figure id=\"attachment_82588\" aria-describedby=\"caption-attachment-82588\" style=\"width: 580px\" class=\"wp-caption alignnone\"><img data-recalc-dims=\"1\" loading=\"lazy\" decoding=\"async\" class=\"size-full wp-image-82588\" src=\"https:\/\/i0.wp.com\/www.eltrabajo.cl\/2017\/wp-content\/uploads\/2017\/11\/Llay-Llay-sera-sede-para-rendir-PSU-partir-del-2017.jpg?resize=580%2C400\" alt=\"M\u00e1s de quinientos j\u00f3venes de Llay Llay y comunas aleda\u00f1as podr\u00e1n rendir la Prueba de Selecci\u00f3n Universitaria (PSU) en la comuna.\" width=\"580\" height=\"400\" srcset=\"https:\/\/i0.wp.com\/eltrabajo.cl\/portal\/wp-content\/uploads\/2017\/11\/Llay-Llay-sera-sede-para-rendir-PSU-partir-del-2017.jpg?w=580&amp;ssl=1 580w, https:\/\/i0.wp.com\/eltrabajo.cl\/portal\/wp-content\/uploads\/2017\/11\/Llay-Llay-sera-sede-para-rendir-PSU-partir-del-2017.jpg?resize=200%2C138&amp;ssl=1 200w, https:\/\/i0.wp.com\/eltrabajo.cl\/portal\/wp-content\/uploads\/2017\/11\/Llay-Llay-sera-sede-para-rendir-PSU-partir-del-2017.jpg?resize=300%2C207&amp;ssl=1 300w, https:\/\/i0.wp.com\/eltrabajo.cl\/portal\/wp-content\/uploads\/2017\/11\/Llay-Llay-sera-sede-para-rendir-PSU-partir-del-2017.jpg?resize=218%2C150&amp;ssl=1 218w, https:\/\/i0.wp.com\/eltrabajo.cl\/portal\/wp-content\/uploads\/2017\/11\/Llay-Llay-sera-sede-para-rendir-PSU-partir-del-2017.jpg?resize=400%2C276&amp;ssl=1 400w\" sizes=\"auto, (max-width: 580px) 100vw, 580px\" \/><figcaption id=\"caption-attachment-82588\" class=\"wp-caption-text\">M\u00e1s de quinientos j\u00f3venes de Llay Llay y comunas aleda\u00f1as podr\u00e1n rendir la Prueba de Selecci\u00f3n Universitaria (PSU) en la comuna.<\/figcaption><\/figure>\n<p><strong>LLAY LLAY.-<\/strong> El d\u00eda de ayer se oficializ\u00f3 la noticia que a partir de este a\u00f1o 2017, el Liceo Polit\u00e9cnico de la comuna de Llay Llay ser\u00e1 sede para los 528 alumnos que rinden la Prueba de Selecci\u00f3n Universitaria (PSU) de Llay Llay y comunas aleda\u00f1as, el pr\u00f3ximo 27 y 28 de noviembre, siendo la sede 180 del pa\u00eds.<br \/>\nAl respecto el alcalde de Llay Llay, Edgardo Gonz\u00e1lez, dijo que para la municipalidad es tremendamente significativo este avance, \u201cpor una parte significa reconocer el crecimiento de nuestra comuna, ya que somos la segunda comuna m\u00e1s grande de la provincia de Aconcagua, entonces que se nos considere para que seamos sede de la PSU, es sin duda un reconocimiento importante, es adem\u00e1s un elemento que va a disminuir la ansiedad y el estr\u00e9s de los j\u00f3venes de Llay Llay y Catemu, quienes no tendr\u00e1n que trasladarse en un viaje de m\u00e1s de media hora. Por donde lo miremos esto es un avance, un trabajo en conjunto del municipio, liderado por quien habla y una iniciativa que sale del concejo municipal, particularmente del concejal Mesala Gonz\u00e1lez, un trabajo con el Gobernador, con el Ministerio de Educaci\u00f3n, con los representantes y autoridades de la Universidad de Chile, un trabajo colectivo en pos de nuestros estudiantes\u201d, enfatiz\u00f3 la m\u00e1xima autoridad local.<br \/>\nIv\u00e1n Silva Director (s) del Departamento de Evaluaci\u00f3n, Medici\u00f3n y Registro Educacional, Demre, expres\u00f3 que esto significa quitarle el estr\u00e9s a las personas, \u201cquitarles la ansiedad porque no puede llegar a tiempo a otras localidades donde antiguamente ten\u00eda que rendir la prueba, ya sea en San Felipe o incluso en La Calera, hoy d\u00eda van a jugar de local van a poder rendir la prueba muchos de ellos en el mismo lugar donde han estudiado o en las cercan\u00edas del lugar, y esperamos que esto les signifique un mejor nivel de confianza de la prueba que van a dar, dado el n\u00famero de personas que est\u00e1n rindiendo, es un n\u00famero suficiente para mantener la sede a lo largo de tiempo, en la medida que podamos contar con el establecimiento, con el Alcalde, el Daem, de nuestra parte haremos todo lo posible para que as\u00ed sea\u201d, concluy\u00f3 el Director (s) Demre.<br \/>\nEn la ocasi\u00f3n el Presidente del Centro de Alumnos del Liceo Polit\u00e9cnico, Maximiliano Navarro, dijo que rendir la PSU en Llay Llay mejora mucho la calidad de lo que el estudiante va a rendir y adem\u00e1s lo pone menos nervioso y le entrega muchas capacidades para que el estudiante haga lo que sabe y lo que puede hacer, \u201cesto es un gran avance para la comuna en general, muestra todo lo que se ha crecido en los a\u00f1os\u201d, coment\u00f3 el estudiante.<br \/>\nPara concluir el Jefe del Departamento de Educaci\u00f3n Municipal, Alejandro Puebla, mencion\u00f3 que este hito tiene un tremendo significado para nosotros: \u201cHoy se concreta algo que ha sido esperado por todos los estudiantes llaylla\u00ednos, de tener la posibilidad de ser sede de la rendici\u00f3n de la PSU, como lo han dicho las distintas autoridades le da un plus diferente, de tranquilidad, de calmar ansiedades que es compleja para los estudiantes, las familias ser\u00e1n beneficiadas y los estudiantes tendr\u00e1n esta tranquilidad\u201d, concluy\u00f3 Puebla.<\/p>\n","protected":false},"excerpt":{"rendered":"<p>LLAY LLAY.- El d\u00eda de ayer se oficializ\u00f3 la noticia que a partir de este a\u00f1o 2017, el Liceo Polit\u00e9cnico de la comuna de Llay Llay ser\u00e1 sede para los 528 alumnos&#8230;<\/p>\n","protected":false},"author":1,"featured_media":82588,"comment_status":"open","ping_status":"open","sticky":false,"template":"","format":"standard","meta":{"advanced_seo_description":"","jetpack_seo_html_title":"","jetpack_seo_noindex":false,"_jetpack_memberships_contains_paid_content":false,"footnotes":""},"categories":[1],"tags":[],"class_list":["post-82587","post","type-post","status-publish","format-standard","has-post-thumbnail","hentry","category-cronica"],"jetpack_featured_media_url":"https:\/\/i0.wp.com\/eltrabajo.cl\/portal\/wp-content\/uploads\/2017\/11\/Llay-Llay-sera-sede-para-rendir-PSU-partir-del-2017.jpg?fit=580%2C400&ssl=1","jetpack_sharing_enabled":true,"jetpack_likes_enabled":true,"jetpack-related-posts":[],"_links":{"self":[{"href":"https:\/\/eltrabajo.cl\/portal\/wp-json\/wp\/v2\/posts\/82587","targetHints":{"allow":["GET"]}}],"collection":[{"href":"https:\/\/eltrabajo.cl\/portal\/wp-json\/wp\/v2\/posts"}],"about":[{"href":"https:\/\/eltrabajo.cl\/portal\/wp-json\/wp\/v2\/types\/post"}],"author":[{"embeddable":true,"href":"https:\/\/eltrabajo.cl\/portal\/wp-json\/wp\/v2\/users\/1"}],"replies":[{"embeddable":true,"href":"https:\/\/eltrabajo.cl\/portal\/wp-json\/wp\/v2\/comments?post=82587"}],"version-history":[{"count":0,"href":"https:\/\/eltrabajo.cl\/portal\/wp-json\/wp\/v2\/posts\/82587\/revisions"}],"wp:featuredmedia":[{"embeddable":true,"href":"https:\/\/eltrabajo.cl\/portal\/wp-json\/wp\/v2\/media\/82588"}],"wp:attachment":[{"href":"https:\/\/eltrabajo.cl\/portal\/wp-json\/wp\/v2\/media?parent=82587"}],"wp:term":[{"taxonomy":"category","embeddable":true,"href":"https:\/\/eltrabajo.cl\/portal\/wp-json\/wp\/v2\/categories?post=82587"},{"taxonomy":"post_tag","embeddable":true,"href":"https:\/\/eltrabajo.cl\/portal\/wp-json\/wp\/v2\/tags?post=82587"}],"curies":[{"name":"wp","href":"https:\/\/api.w.org\/{rel}","templated":true}]}}