{"id":82590,"date":"2017-11-02T05:01:16","date_gmt":"2017-11-02T09:01:16","guid":{"rendered":"http:\/\/www.eltrabajo.cl\/2017\/?p=82590"},"modified":"2017-11-02T05:01:16","modified_gmt":"2017-11-02T09:01:16","slug":"hallan-adulto-mayor-sin-vida-a-un-costado-cruce-ferroviario-en-el-tambo","status":"publish","type":"post","link":"https:\/\/eltrabajo.cl\/portal\/hallan-adulto-mayor-sin-vida-a-un-costado-cruce-ferroviario-en-el-tambo\/","title":{"rendered":"Hallan adulto mayor sin vida a un costado cruce ferroviario en El Tambo"},"content":{"rendered":"<figure id=\"attachment_82591\" aria-describedby=\"caption-attachment-82591\" style=\"width: 580px\" class=\"wp-caption alignnone\"><img data-recalc-dims=\"1\" loading=\"lazy\" decoding=\"async\" class=\"size-full wp-image-82591\" src=\"https:\/\/i0.wp.com\/www.eltrabajo.cl\/2017\/wp-content\/uploads\/2017\/11\/ABUELITO-MUERTO-CRUCE.jpg?resize=580%2C400\" alt=\"Personal de Carabineros y la Brigada de Homicidios de la PDI en el hallazgo del cuerpo de un adulto mayor de 75 a\u00f1os de edad en el cruce ferroviario del sector El Tambo de Santa Mar\u00eda. (Foto:@EmergenciaVCordillera). \" width=\"580\" height=\"400\" srcset=\"https:\/\/i0.wp.com\/eltrabajo.cl\/portal\/wp-content\/uploads\/2017\/11\/ABUELITO-MUERTO-CRUCE.jpg?w=580&amp;ssl=1 580w, https:\/\/i0.wp.com\/eltrabajo.cl\/portal\/wp-content\/uploads\/2017\/11\/ABUELITO-MUERTO-CRUCE.jpg?resize=200%2C138&amp;ssl=1 200w, https:\/\/i0.wp.com\/eltrabajo.cl\/portal\/wp-content\/uploads\/2017\/11\/ABUELITO-MUERTO-CRUCE.jpg?resize=300%2C207&amp;ssl=1 300w, https:\/\/i0.wp.com\/eltrabajo.cl\/portal\/wp-content\/uploads\/2017\/11\/ABUELITO-MUERTO-CRUCE.jpg?resize=218%2C150&amp;ssl=1 218w, https:\/\/i0.wp.com\/eltrabajo.cl\/portal\/wp-content\/uploads\/2017\/11\/ABUELITO-MUERTO-CRUCE.jpg?resize=400%2C276&amp;ssl=1 400w\" sizes=\"auto, (max-width: 580px) 100vw, 580px\" \/><figcaption id=\"caption-attachment-82591\" class=\"wp-caption-text\">Personal de Carabineros y la Brigada de Homicidios de la PDI en el hallazgo del cuerpo de un adulto mayor de 75 a\u00f1os de edad en el cruce ferroviario del sector El Tambo de Santa Mar\u00eda. (Foto:@EmergenciaVCordillera).<\/figcaption><\/figure>\n<ul>\n<li><strong><span style=\"color: #ff0000;\">Preliminarmente habr\u00eda sufrido un infarto:\u00a0<\/span>Tras la autopsia de rigor en el Servicio M\u00e9dico Legal se deber\u00e1 establecer la causa de muerte, aunque la PDI descart\u00f3 la intervenci\u00f3n de terceros en el fallecimiento de este vecino de 75 a\u00f1os de edad en Santa Mar\u00eda que se encontraba desaparecido desde este lunes.<\/strong><\/li>\n<\/ul>\n<p>Alrededor de las 13:50 horas de este martes fue hallado el cuerpo de un hombre de 75 a\u00f1os de edad a un costado del cruce ferroviario en el sector El Tambo en la comuna de Santa Mar\u00eda, quien por causas que se investigan, falleci\u00f3 en el lugar, presumiblemente de un infarto.<br \/>\nSeg\u00fan la informaci\u00f3n proporcionada a Carabineros por los familiares del fallecido, de iniciales S.D.P.A., \u00e9ste habr\u00eda desaparecido desde su vivienda el pasado lunes a eso de las 18:00 horas, cuyo paradero hasta entonces se desconoc\u00eda, inici\u00e1ndose una intensa b\u00fasqueda por sus cercanos debido a su avanzada edad, quienes al d\u00eda siguiente lamentablemente hallaron a su ser querido sin vida en el sector antes mencionado.<br \/>\nInmediatamente los testigos dieron cuenta del hecho a Carabineros de la Tenencia de Santa Mar\u00eda, quienes al informar del hallazgo del cad\u00e1ver al Fiscal de turno, \u00e9ste dispuso la concurrencia de la Brigada de Homicidios de la Polic\u00eda de Investigaciones de Los Andes para indagar sobre el suceso.<br \/>\nDentro de los peritajes externos al cuerpo, la polic\u00eda preliminarmente estableci\u00f3 que la muerte del adulto mayor se podr\u00eda tratar de un posible infarto, descart\u00e1ndose la intervenci\u00f3n de terceras personas en el suceso.<br \/>\nAsimismo concurri\u00f3 personal del Servicio M\u00e9dico Legal para efectuar el levantamiento del cuerpo y ser derivado para la pr\u00e1ctica de la autopsia de rigor para determinar las causas basales de la muerte de este vecino de 75 a\u00f1os de edad.<br \/>\n<strong>Pablo Salinas Sald\u00edas<\/strong><\/p>\n","protected":false},"excerpt":{"rendered":"<p>Preliminarmente habr\u00eda sufrido un infarto:\u00a0Tras la autopsia de rigor en el Servicio M\u00e9dico Legal se deber\u00e1 establecer la causa de muerte, aunque la PDI descart\u00f3 la intervenci\u00f3n de terceros en el fallecimiento&#8230;<\/p>\n","protected":false},"author":1,"featured_media":82591,"comment_status":"open","ping_status":"open","sticky":false,"template":"","format":"standard","meta":{"advanced_seo_description":"","jetpack_seo_html_title":"","jetpack_seo_noindex":false,"_jetpack_memberships_contains_paid_content":false,"footnotes":""},"categories":[21],"tags":[],"class_list":["post-82590","post","type-post","status-publish","format-standard","has-post-thumbnail","hentry","category-policial"],"jetpack_featured_media_url":"https:\/\/i0.wp.com\/eltrabajo.cl\/portal\/wp-content\/uploads\/2017\/11\/ABUELITO-MUERTO-CRUCE.jpg?fit=580%2C400&ssl=1","jetpack_sharing_enabled":true,"jetpack_likes_enabled":true,"jetpack-related-posts":[],"_links":{"self":[{"href":"https:\/\/eltrabajo.cl\/portal\/wp-json\/wp\/v2\/posts\/82590","targetHints":{"allow":["GET"]}}],"collection":[{"href":"https:\/\/eltrabajo.cl\/portal\/wp-json\/wp\/v2\/posts"}],"about":[{"href":"https:\/\/eltrabajo.cl\/portal\/wp-json\/wp\/v2\/types\/post"}],"author":[{"embeddable":true,"href":"https:\/\/eltrabajo.cl\/portal\/wp-json\/wp\/v2\/users\/1"}],"replies":[{"embeddable":true,"href":"https:\/\/eltrabajo.cl\/portal\/wp-json\/wp\/v2\/comments?post=82590"}],"version-history":[{"count":0,"href":"https:\/\/eltrabajo.cl\/portal\/wp-json\/wp\/v2\/posts\/82590\/revisions"}],"wp:featuredmedia":[{"embeddable":true,"href":"https:\/\/eltrabajo.cl\/portal\/wp-json\/wp\/v2\/media\/82591"}],"wp:attachment":[{"href":"https:\/\/eltrabajo.cl\/portal\/wp-json\/wp\/v2\/media?parent=82590"}],"wp:term":[{"taxonomy":"category","embeddable":true,"href":"https:\/\/eltrabajo.cl\/portal\/wp-json\/wp\/v2\/categories?post=82590"},{"taxonomy":"post_tag","embeddable":true,"href":"https:\/\/eltrabajo.cl\/portal\/wp-json\/wp\/v2\/tags?post=82590"}],"curies":[{"name":"wp","href":"https:\/\/api.w.org\/{rel}","templated":true}]}}