{"id":82593,"date":"2017-11-02T05:02:36","date_gmt":"2017-11-02T09:02:36","guid":{"rendered":"http:\/\/www.eltrabajo.cl\/2017\/?p=82593"},"modified":"2017-11-02T05:02:36","modified_gmt":"2017-11-02T09:02:36","slug":"ciclista-atropellado-por-vehiculo-policial-se-recupera-de-sus-heridas","status":"publish","type":"post","link":"https:\/\/eltrabajo.cl\/portal\/ciclista-atropellado-por-vehiculo-policial-se-recupera-de-sus-heridas\/","title":{"rendered":"Ciclista atropellado por veh\u00edculo policial se recupera de sus heridas"},"content":{"rendered":"<figure id=\"attachment_82596\" aria-describedby=\"caption-attachment-82596\" style=\"width: 580px\" class=\"wp-caption alignnone\"><img data-recalc-dims=\"1\" loading=\"lazy\" decoding=\"async\" class=\"size-full wp-image-82596\" src=\"https:\/\/i0.wp.com\/www.eltrabajo.cl\/2017\/wp-content\/uploads\/2017\/11\/Herido3.jpg?resize=580%2C399\" alt=\"VARIOS GOLPES.- Muy cerca de su ojo tambi\u00e9n fue golpeado este temporero sanfelipe\u00f1o.\" width=\"580\" height=\"399\" srcset=\"https:\/\/i0.wp.com\/eltrabajo.cl\/portal\/wp-content\/uploads\/2017\/11\/Herido3.jpg?w=580&amp;ssl=1 580w, https:\/\/i0.wp.com\/eltrabajo.cl\/portal\/wp-content\/uploads\/2017\/11\/Herido3.jpg?resize=200%2C138&amp;ssl=1 200w, https:\/\/i0.wp.com\/eltrabajo.cl\/portal\/wp-content\/uploads\/2017\/11\/Herido3.jpg?resize=300%2C206&amp;ssl=1 300w, https:\/\/i0.wp.com\/eltrabajo.cl\/portal\/wp-content\/uploads\/2017\/11\/Herido3.jpg?resize=218%2C150&amp;ssl=1 218w, https:\/\/i0.wp.com\/eltrabajo.cl\/portal\/wp-content\/uploads\/2017\/11\/Herido3.jpg?resize=400%2C275&amp;ssl=1 400w\" sizes=\"auto, (max-width: 580px) 100vw, 580px\" \/><figcaption id=\"caption-attachment-82596\" class=\"wp-caption-text\">VARIOS GOLPES.- Muy cerca de su ojo tambi\u00e9n fue golpeado este temporero sanfelipe\u00f1o.<\/figcaption><\/figure>\n<ul>\n<li><span style=\"color: #ff0000;\"><strong>No puede trabajar debido a su lenta recuperaci\u00f3n:<\/strong><\/span><\/li>\n<\/ul>\n<p>Esta semana en nuestra Sala de Redacci\u00f3n y para grata sorpresa de quienes laboramos en Diario El Trabajo, recibimos la visita de don Luis Alfredo Tapia Fern\u00e1ndez, temporero que hace pocos d\u00edas fuera atropellado por un veh\u00edculo policial de Carabineros cuando \u00e9l cruzaba la v\u00eda en las inmediaciones de Avenida O\u2019Higgins, frente a Funerarias La Uni\u00f3n.<br \/>\nSobre los detalles del incidente, este vecino coment\u00f3 en Exclusiva a nuestro medio, que aunque \u00e9l cruzara en su bicicleta el paso de Cebra, la velocidad del auto policial era excesiva.<br \/>\n\u00abYo recuerdo que ese d\u00eda cuando pas\u00e9 la alameda, yo me cambi\u00e9 a mano derecha, cuando ven\u00eda por la Copec sub\u00eda mi bicicleta para dirigirme a mi casa, yo ven\u00eda de la ferreter\u00eda, y cuando pasaba la calle me encuentro con el furg\u00f3n de Carabineros encima, trat\u00e9 de esquivarlo pero ya era demasiado tarde, en vez de ellos hacerme el quite a m\u00ed, me siguieron y me plantaron el \u2018chancacazo\u2019 (\u2026) ya yo me hab\u00eda subido a mi bicicleta cuando me atropell\u00f3 el auto, yo no escuch\u00e9 sirena ni baliza\u00bb, coment\u00f3 don Luis.<br \/>\nSeg\u00fan estas declaraciones, \u00e9l reconoce haber cruzado la v\u00eda montado en la bicicleta, a\u00fan no ha interpuesto alguna demanda contra el conductor de la unidad policial. Este sanfelipe\u00f1o mostr\u00f3 a nuestro medio las cicatrices que a\u00fan necesitan estar suturadas, asegura que Carabineros lo que le ofreci\u00f3 fueron un par de sandalias, un cepillo de dientes y una pasta dental.<br \/>\n\u00abYo estaba trabajando, soy un \u2018maestro chasquilla\u2019, ahora no puedo trabajar, yo espero que alg\u00fan abogado examine mi caso para que me asesore\u00bb, agreg\u00f3 Tapia Fern\u00e1ndez a Diario El Trabajo.<\/p>\n<figure id=\"attachment_82594\" aria-describedby=\"caption-attachment-82594\" style=\"width: 580px\" class=\"wp-caption alignnone\"><img data-recalc-dims=\"1\" loading=\"lazy\" decoding=\"async\" class=\"size-full wp-image-82594\" src=\"https:\/\/i0.wp.com\/www.eltrabajo.cl\/2017\/wp-content\/uploads\/2017\/11\/Herido1.jpg?resize=580%2C399\" alt=\"MAL HERIDO.- Don Luis fue trasladado muy mal herido al Hospital San Camilo, tras el atropello.\" width=\"580\" height=\"399\" srcset=\"https:\/\/i0.wp.com\/eltrabajo.cl\/portal\/wp-content\/uploads\/2017\/11\/Herido1.jpg?w=580&amp;ssl=1 580w, https:\/\/i0.wp.com\/eltrabajo.cl\/portal\/wp-content\/uploads\/2017\/11\/Herido1.jpg?resize=200%2C138&amp;ssl=1 200w, https:\/\/i0.wp.com\/eltrabajo.cl\/portal\/wp-content\/uploads\/2017\/11\/Herido1.jpg?resize=300%2C206&amp;ssl=1 300w, https:\/\/i0.wp.com\/eltrabajo.cl\/portal\/wp-content\/uploads\/2017\/11\/Herido1.jpg?resize=218%2C150&amp;ssl=1 218w, https:\/\/i0.wp.com\/eltrabajo.cl\/portal\/wp-content\/uploads\/2017\/11\/Herido1.jpg?resize=400%2C275&amp;ssl=1 400w\" sizes=\"auto, (max-width: 580px) 100vw, 580px\" \/><figcaption id=\"caption-attachment-82594\" class=\"wp-caption-text\">MAL HERIDO.- Don Luis fue trasladado muy mal herido al Hospital San Camilo, tras el atropello.<\/figcaption><\/figure>\n<figure id=\"attachment_82595\" aria-describedby=\"caption-attachment-82595\" style=\"width: 580px\" class=\"wp-caption alignnone\"><img data-recalc-dims=\"1\" loading=\"lazy\" decoding=\"async\" class=\"size-full wp-image-82595\" src=\"https:\/\/i0.wp.com\/www.eltrabajo.cl\/2017\/wp-content\/uploads\/2017\/11\/Herido2.jpg?resize=580%2C400\" alt=\"SECUELAS.- As\u00ed tiene la cabeza don Luis Tapia, luego que un furg\u00f3n de Carabineros le atropellara.\" width=\"580\" height=\"400\" srcset=\"https:\/\/i0.wp.com\/eltrabajo.cl\/portal\/wp-content\/uploads\/2017\/11\/Herido2.jpg?w=580&amp;ssl=1 580w, https:\/\/i0.wp.com\/eltrabajo.cl\/portal\/wp-content\/uploads\/2017\/11\/Herido2.jpg?resize=200%2C138&amp;ssl=1 200w, https:\/\/i0.wp.com\/eltrabajo.cl\/portal\/wp-content\/uploads\/2017\/11\/Herido2.jpg?resize=300%2C207&amp;ssl=1 300w, https:\/\/i0.wp.com\/eltrabajo.cl\/portal\/wp-content\/uploads\/2017\/11\/Herido2.jpg?resize=218%2C150&amp;ssl=1 218w, https:\/\/i0.wp.com\/eltrabajo.cl\/portal\/wp-content\/uploads\/2017\/11\/Herido2.jpg?resize=400%2C276&amp;ssl=1 400w\" sizes=\"auto, (max-width: 580px) 100vw, 580px\" \/><figcaption id=\"caption-attachment-82595\" class=\"wp-caption-text\">SECUELAS.- As\u00ed tiene la cabeza don Luis Tapia, luego que un furg\u00f3n de Carabineros le atropellara.<\/figcaption><\/figure>\n","protected":false},"excerpt":{"rendered":"<p>No puede trabajar debido a su lenta recuperaci\u00f3n: Esta semana en nuestra Sala de Redacci\u00f3n y para grata sorpresa de quienes laboramos en Diario El Trabajo, recibimos la visita de don Luis&#8230;<\/p>\n","protected":false},"author":1,"featured_media":82595,"comment_status":"open","ping_status":"open","sticky":false,"template":"","format":"standard","meta":{"advanced_seo_description":"","jetpack_seo_html_title":"","jetpack_seo_noindex":false,"_jetpack_memberships_contains_paid_content":false,"footnotes":""},"categories":[15],"tags":[],"class_list":["post-82593","post","type-post","status-publish","format-standard","has-post-thumbnail","hentry","category-comunidad"],"jetpack_featured_media_url":"https:\/\/i0.wp.com\/eltrabajo.cl\/portal\/wp-content\/uploads\/2017\/11\/Herido2.jpg?fit=580%2C400&ssl=1","jetpack_sharing_enabled":true,"jetpack_likes_enabled":true,"jetpack-related-posts":[],"_links":{"self":[{"href":"https:\/\/eltrabajo.cl\/portal\/wp-json\/wp\/v2\/posts\/82593","targetHints":{"allow":["GET"]}}],"collection":[{"href":"https:\/\/eltrabajo.cl\/portal\/wp-json\/wp\/v2\/posts"}],"about":[{"href":"https:\/\/eltrabajo.cl\/portal\/wp-json\/wp\/v2\/types\/post"}],"author":[{"embeddable":true,"href":"https:\/\/eltrabajo.cl\/portal\/wp-json\/wp\/v2\/users\/1"}],"replies":[{"embeddable":true,"href":"https:\/\/eltrabajo.cl\/portal\/wp-json\/wp\/v2\/comments?post=82593"}],"version-history":[{"count":0,"href":"https:\/\/eltrabajo.cl\/portal\/wp-json\/wp\/v2\/posts\/82593\/revisions"}],"wp:featuredmedia":[{"embeddable":true,"href":"https:\/\/eltrabajo.cl\/portal\/wp-json\/wp\/v2\/media\/82595"}],"wp:attachment":[{"href":"https:\/\/eltrabajo.cl\/portal\/wp-json\/wp\/v2\/media?parent=82593"}],"wp:term":[{"taxonomy":"category","embeddable":true,"href":"https:\/\/eltrabajo.cl\/portal\/wp-json\/wp\/v2\/categories?post=82593"},{"taxonomy":"post_tag","embeddable":true,"href":"https:\/\/eltrabajo.cl\/portal\/wp-json\/wp\/v2\/tags?post=82593"}],"curies":[{"name":"wp","href":"https:\/\/api.w.org\/{rel}","templated":true}]}}