{"id":82601,"date":"2017-11-02T05:04:19","date_gmt":"2017-11-02T09:04:19","guid":{"rendered":"http:\/\/www.eltrabajo.cl\/2017\/?p=82601"},"modified":"2017-11-02T05:04:19","modified_gmt":"2017-11-02T09:04:19","slug":"dos-menores-se-fugaron-del-hogar-pablo-vi-ubicado-en-el-almendral","status":"publish","type":"post","link":"https:\/\/eltrabajo.cl\/portal\/dos-menores-se-fugaron-del-hogar-pablo-vi-ubicado-en-el-almendral\/","title":{"rendered":"Dos menores se fugaron del Hogar Pablo VI ubicado en El Almendral"},"content":{"rendered":"<figure id=\"attachment_82602\" aria-describedby=\"caption-attachment-82602\" style=\"width: 580px\" class=\"wp-caption alignnone\"><img data-recalc-dims=\"1\" loading=\"lazy\" decoding=\"async\" class=\"size-full wp-image-82602\" src=\"https:\/\/i0.wp.com\/www.eltrabajo.cl\/2017\/wp-content\/uploads\/2017\/11\/Hogar-Pablo-VI-4.jpg?resize=580%2C399\" alt=\"En la foto de archivo, el Hogar Pablo VI ubicado en el sector de El Almendral, lugar desde donde este domingo se fugaron dos menores de 10 y 13 a\u00f1os de edad.\" width=\"580\" height=\"399\" srcset=\"https:\/\/i0.wp.com\/eltrabajo.cl\/portal\/wp-content\/uploads\/2017\/11\/Hogar-Pablo-VI-4.jpg?w=580&amp;ssl=1 580w, https:\/\/i0.wp.com\/eltrabajo.cl\/portal\/wp-content\/uploads\/2017\/11\/Hogar-Pablo-VI-4.jpg?resize=200%2C138&amp;ssl=1 200w, https:\/\/i0.wp.com\/eltrabajo.cl\/portal\/wp-content\/uploads\/2017\/11\/Hogar-Pablo-VI-4.jpg?resize=300%2C206&amp;ssl=1 300w, https:\/\/i0.wp.com\/eltrabajo.cl\/portal\/wp-content\/uploads\/2017\/11\/Hogar-Pablo-VI-4.jpg?resize=218%2C150&amp;ssl=1 218w, https:\/\/i0.wp.com\/eltrabajo.cl\/portal\/wp-content\/uploads\/2017\/11\/Hogar-Pablo-VI-4.jpg?resize=400%2C275&amp;ssl=1 400w\" sizes=\"auto, (max-width: 580px) 100vw, 580px\" \/><figcaption id=\"caption-attachment-82602\" class=\"wp-caption-text\">En la foto de archivo, el Hogar Pablo VI ubicado en el sector de El Almendral, lugar desde donde este domingo se fugaron dos menores de 10 y 13 a\u00f1os de edad.<\/figcaption><\/figure>\n<ul>\n<li><span style=\"color: #ff0000;\"><strong>El domingo 29 de octubre en la tarde:<\/strong><\/span><\/li>\n<\/ul>\n<p>Burlando las medidas de seguridad, dos menores de 10 y 13 a\u00f1os de edad se fugaron desde el Hogar Pablo VI ubicado en el sector de El Almendral la tarde del domingo reci\u00e9n pasado.<br \/>\nLa informaci\u00f3n fue confirmada por la capit\u00e1n de Carabineros Carolina Fern\u00e1ndez Ponce, quien se\u00f1al\u00f3 que \u00abel d\u00eda 29 de octubre en horas de la tarde se present\u00f3 en la Segunda Comisar\u00eda de San Felipe, una educadora de trato directo del Hogar Pablo VI, el cual se encuentra ubicado en calle Belisario Montenegro, indicando que dos menores de 10 y 13 a\u00f1os se hab\u00edan fugado del hogar y hasta ese momento no los hab\u00edan encontrado, motivo por el cual se estamp\u00f3 la denuncia correspondiente en la guardia de la Segunda Comisar\u00eda, por presunta desgracia infantil\u00bb, dijo la oficial.<br \/>\nPese a realizar todas las diligencias pertinentes, los menores hasta el momento no han sido ubicados.<br \/>\n\u00abHay una patrulla de encargo de la comisar\u00eda que se dedica a realizar la b\u00fasqueda y las diligencias secundarias que requiere este tipo de denuncias, las que se est\u00e1n llevando a cabo en este momento y esperamos tener resultados positivos durante las pr\u00f3ximas horas\u00bb, finaliz\u00f3 la oficial.<br \/>\nLos menores se encontraban internados en dicho establecimiento por orden del Tribunal de Familia.<\/p>\n","protected":false},"excerpt":{"rendered":"<p>El domingo 29 de octubre en la tarde: Burlando las medidas de seguridad, dos menores de 10 y 13 a\u00f1os de edad se fugaron desde el Hogar Pablo VI ubicado en el&#8230;<\/p>\n","protected":false},"author":1,"featured_media":82602,"comment_status":"open","ping_status":"open","sticky":false,"template":"","format":"standard","meta":{"advanced_seo_description":"","jetpack_seo_html_title":"","jetpack_seo_noindex":false,"_jetpack_memberships_contains_paid_content":false,"footnotes":""},"categories":[1],"tags":[],"class_list":["post-82601","post","type-post","status-publish","format-standard","has-post-thumbnail","hentry","category-cronica"],"jetpack_featured_media_url":"https:\/\/i0.wp.com\/eltrabajo.cl\/portal\/wp-content\/uploads\/2017\/11\/Hogar-Pablo-VI-4.jpg?fit=580%2C399&ssl=1","jetpack_sharing_enabled":true,"jetpack_likes_enabled":true,"jetpack-related-posts":[],"_links":{"self":[{"href":"https:\/\/eltrabajo.cl\/portal\/wp-json\/wp\/v2\/posts\/82601","targetHints":{"allow":["GET"]}}],"collection":[{"href":"https:\/\/eltrabajo.cl\/portal\/wp-json\/wp\/v2\/posts"}],"about":[{"href":"https:\/\/eltrabajo.cl\/portal\/wp-json\/wp\/v2\/types\/post"}],"author":[{"embeddable":true,"href":"https:\/\/eltrabajo.cl\/portal\/wp-json\/wp\/v2\/users\/1"}],"replies":[{"embeddable":true,"href":"https:\/\/eltrabajo.cl\/portal\/wp-json\/wp\/v2\/comments?post=82601"}],"version-history":[{"count":0,"href":"https:\/\/eltrabajo.cl\/portal\/wp-json\/wp\/v2\/posts\/82601\/revisions"}],"wp:featuredmedia":[{"embeddable":true,"href":"https:\/\/eltrabajo.cl\/portal\/wp-json\/wp\/v2\/media\/82602"}],"wp:attachment":[{"href":"https:\/\/eltrabajo.cl\/portal\/wp-json\/wp\/v2\/media?parent=82601"}],"wp:term":[{"taxonomy":"category","embeddable":true,"href":"https:\/\/eltrabajo.cl\/portal\/wp-json\/wp\/v2\/categories?post=82601"},{"taxonomy":"post_tag","embeddable":true,"href":"https:\/\/eltrabajo.cl\/portal\/wp-json\/wp\/v2\/tags?post=82601"}],"curies":[{"name":"wp","href":"https:\/\/api.w.org\/{rel}","templated":true}]}}