{"id":82604,"date":"2017-11-02T05:05:16","date_gmt":"2017-11-02T09:05:16","guid":{"rendered":"http:\/\/www.eltrabajo.cl\/2017\/?p=82604"},"modified":"2017-11-02T05:05:16","modified_gmt":"2017-11-02T09:05:16","slug":"dos-mujeres-mueren-en-accidente-vehicular-en-noche-de-halloween","status":"publish","type":"post","link":"https:\/\/eltrabajo.cl\/portal\/dos-mujeres-mueren-en-accidente-vehicular-en-noche-de-halloween\/","title":{"rendered":"Dos mujeres mueren en accidente vehicular en noche de Halloween"},"content":{"rendered":"<figure id=\"attachment_82605\" aria-describedby=\"caption-attachment-82605\" style=\"width: 580px\" class=\"wp-caption alignnone\"><img data-recalc-dims=\"1\" loading=\"lazy\" decoding=\"async\" class=\"size-full wp-image-82605\" src=\"https:\/\/i0.wp.com\/www.eltrabajo.cl\/2017\/wp-content\/uploads\/2017\/11\/gloria-encina.jpg?resize=580%2C399\" alt=\"Gloria Encina Soto falleci\u00f3 en el mismo lugar de los hechos tras ser impactada por el autom\u00f3vil.\" width=\"580\" height=\"399\" srcset=\"https:\/\/i0.wp.com\/eltrabajo.cl\/portal\/wp-content\/uploads\/2017\/11\/gloria-encina.jpg?w=580&amp;ssl=1 580w, https:\/\/i0.wp.com\/eltrabajo.cl\/portal\/wp-content\/uploads\/2017\/11\/gloria-encina.jpg?resize=200%2C138&amp;ssl=1 200w, https:\/\/i0.wp.com\/eltrabajo.cl\/portal\/wp-content\/uploads\/2017\/11\/gloria-encina.jpg?resize=300%2C206&amp;ssl=1 300w, https:\/\/i0.wp.com\/eltrabajo.cl\/portal\/wp-content\/uploads\/2017\/11\/gloria-encina.jpg?resize=218%2C150&amp;ssl=1 218w, https:\/\/i0.wp.com\/eltrabajo.cl\/portal\/wp-content\/uploads\/2017\/11\/gloria-encina.jpg?resize=400%2C275&amp;ssl=1 400w\" sizes=\"auto, (max-width: 580px) 100vw, 580px\" \/><figcaption id=\"caption-attachment-82605\" class=\"wp-caption-text\">Gloria Encina Soto falleci\u00f3 en el mismo lugar de los hechos tras ser impactada por el autom\u00f3vil.<\/figcaption><\/figure>\n<ul>\n<li><strong><span style=\"color: #ff0000;\">V\u00edctimas de 41 y 20 a\u00f1os de edad domiciliadas en Llay Llay:<\/span>\u00a0Conductor atropell\u00f3 a la mayor de ellas, impactando contra el parabrisas del m\u00f3vil y morir en forma instant\u00e1nea, originando que la veintea\u00f1era que estaba en el interior, resultara con lesiones de gravedad, falleciendo minutos m\u00e1s tarde en el Hospital San Camilo.<\/strong><\/li>\n<\/ul>\n<p>Tras un tr\u00e1gico accidente ocurrido alrededor de la medianoche de este martes, dos mujeres de 41 y 20 a\u00f1os de edad fallecieron a consecuencia del violento impacto de un veh\u00edculo en contra de una de ellas, la de mayor edad, quien fue atropellada mientras que la segunda, a ra\u00edz del golpe del cuerpo de la peat\u00f3n contra el parabrisas del m\u00f3vil, result\u00f3 con graves heridas y lesiones que le arrebataron la vida con posterioridad.<br \/>\nSeg\u00fan los antecedentes reportados por Carabineros, el accidente se produjo en circunstancias que el conductor del m\u00f3vil circulaba por la caletera a la altura del kil\u00f3metro 86 de la ruta 5 Norte, atropellando a la mujer de 41 a\u00f1os de edad identificada como Gloria Encina Soto, quien tras recibir el fuerte impacto se estrell\u00f3 contra el parabrisas del autom\u00f3vil, falleciendo en forma instant\u00e1nea.<br \/>\nFue a ra\u00edz de la violencia de este mismo golpe que la joven mujer de 20 a\u00f1os de edad que acompa\u00f1aba al conductor del veh\u00edculo particular, identificada como Janis Estay Jim\u00e9nez, result\u00f3 con diversas y graves lesiones, debiendo ser trasladada de inmediato por personal del Samu hasta el Hospital San Camilo, confirm\u00e1ndose posteriormente su lamentable deceso.<br \/>\nEn tanto el conductor del veh\u00edculo involucrado, de iniciales L.G.A.P. de 35 a\u00f1os de edad, result\u00f3 solo con lesiones menores. Carabineros descart\u00f3 en primera instancia la presencia de alcohol en el conductor. No obstante la Subcomisar\u00eda Investigadora de Accidentes de Tr\u00e1nsito Siat de Carabineros de San Felipe, inici\u00f3 las diligencias para establecer las responsabilidades sobre este tr\u00e1gico accidente.<br \/>\nPor disposici\u00f3n del Fiscal de turno, el conductor del m\u00f3vil fue dejado en libertad, a la espera de ser citado ante la Fiscal\u00eda para investigar el caso.<br \/>\nCabe se\u00f1alar que los tres involucrados en este tr\u00e1gico accidente registran domicilio en la comuna de Llay Llay.<br \/>\n<strong>Pablo Salinas Sald\u00edas<\/strong><\/p>\n","protected":false},"excerpt":{"rendered":"<p>V\u00edctimas de 41 y 20 a\u00f1os de edad domiciliadas en Llay Llay:\u00a0Conductor atropell\u00f3 a la mayor de ellas, impactando contra el parabrisas del m\u00f3vil y morir en forma instant\u00e1nea, originando que la&#8230;<\/p>\n","protected":false},"author":1,"featured_media":82605,"comment_status":"open","ping_status":"open","sticky":false,"template":"","format":"standard","meta":{"advanced_seo_description":"","jetpack_seo_html_title":"","jetpack_seo_noindex":false,"_jetpack_memberships_contains_paid_content":false,"footnotes":""},"categories":[21],"tags":[],"class_list":["post-82604","post","type-post","status-publish","format-standard","has-post-thumbnail","hentry","category-policial"],"jetpack_featured_media_url":"https:\/\/i0.wp.com\/eltrabajo.cl\/portal\/wp-content\/uploads\/2017\/11\/gloria-encina.jpg?fit=580%2C399&ssl=1","jetpack_sharing_enabled":true,"jetpack_likes_enabled":true,"jetpack-related-posts":[],"_links":{"self":[{"href":"https:\/\/eltrabajo.cl\/portal\/wp-json\/wp\/v2\/posts\/82604","targetHints":{"allow":["GET"]}}],"collection":[{"href":"https:\/\/eltrabajo.cl\/portal\/wp-json\/wp\/v2\/posts"}],"about":[{"href":"https:\/\/eltrabajo.cl\/portal\/wp-json\/wp\/v2\/types\/post"}],"author":[{"embeddable":true,"href":"https:\/\/eltrabajo.cl\/portal\/wp-json\/wp\/v2\/users\/1"}],"replies":[{"embeddable":true,"href":"https:\/\/eltrabajo.cl\/portal\/wp-json\/wp\/v2\/comments?post=82604"}],"version-history":[{"count":0,"href":"https:\/\/eltrabajo.cl\/portal\/wp-json\/wp\/v2\/posts\/82604\/revisions"}],"wp:featuredmedia":[{"embeddable":true,"href":"https:\/\/eltrabajo.cl\/portal\/wp-json\/wp\/v2\/media\/82605"}],"wp:attachment":[{"href":"https:\/\/eltrabajo.cl\/portal\/wp-json\/wp\/v2\/media?parent=82604"}],"wp:term":[{"taxonomy":"category","embeddable":true,"href":"https:\/\/eltrabajo.cl\/portal\/wp-json\/wp\/v2\/categories?post=82604"},{"taxonomy":"post_tag","embeddable":true,"href":"https:\/\/eltrabajo.cl\/portal\/wp-json\/wp\/v2\/tags?post=82604"}],"curies":[{"name":"wp","href":"https:\/\/api.w.org\/{rel}","templated":true}]}}