{"id":82608,"date":"2017-11-03T05:00:52","date_gmt":"2017-11-03T09:00:52","guid":{"rendered":"http:\/\/www.eltrabajo.cl\/2017\/?p=82608"},"modified":"2017-11-03T05:00:52","modified_gmt":"2017-11-03T09:00:52","slug":"manana-es-el-8o-encuentro-nacional-de-personas-con-sindrome-de-down","status":"publish","type":"post","link":"https:\/\/eltrabajo.cl\/portal\/manana-es-el-8o-encuentro-nacional-de-personas-con-sindrome-de-down\/","title":{"rendered":"Ma\u00f1ana es el 8\u00ba Encuentro Nacional de personas con S\u00edndrome de Down"},"content":{"rendered":"<figure id=\"attachment_82611\" aria-describedby=\"caption-attachment-82611\" style=\"width: 580px\" class=\"wp-caption alignnone\"><img data-recalc-dims=\"1\" loading=\"lazy\" decoding=\"async\" class=\"size-full wp-image-82611\" src=\"https:\/\/i0.wp.com\/www.eltrabajo.cl\/2017\/wp-content\/uploads\/2017\/11\/Down1.jpg?resize=580%2C400\" alt=\"AGRUPACI\u00d3N \u00c1NGELES.- Ellos son el equipo anfitri\u00f3n de este 8\u00ba Encuentro Nacional de personas con S\u00edndrome de Down.\" width=\"580\" height=\"400\" srcset=\"https:\/\/i0.wp.com\/eltrabajo.cl\/portal\/wp-content\/uploads\/2017\/11\/Down1.jpg?w=580&amp;ssl=1 580w, https:\/\/i0.wp.com\/eltrabajo.cl\/portal\/wp-content\/uploads\/2017\/11\/Down1.jpg?resize=200%2C138&amp;ssl=1 200w, https:\/\/i0.wp.com\/eltrabajo.cl\/portal\/wp-content\/uploads\/2017\/11\/Down1.jpg?resize=300%2C207&amp;ssl=1 300w, https:\/\/i0.wp.com\/eltrabajo.cl\/portal\/wp-content\/uploads\/2017\/11\/Down1.jpg?resize=218%2C150&amp;ssl=1 218w, https:\/\/i0.wp.com\/eltrabajo.cl\/portal\/wp-content\/uploads\/2017\/11\/Down1.jpg?resize=400%2C276&amp;ssl=1 400w\" sizes=\"auto, (max-width: 580px) 100vw, 580px\" \/><figcaption id=\"caption-attachment-82611\" class=\"wp-caption-text\">AGRUPACI\u00d3N \u00c1NGELES.- Ellos son el equipo anfitri\u00f3n de este 8\u00ba Encuentro Nacional de personas con S\u00edndrome de Down.<\/figcaption><\/figure>\n<ul>\n<li><span style=\"color: #ff0000;\"><strong>Agrupaci\u00f3n \u00c1ngeles los recibir\u00e1 en el Estadio Fiscal:<\/strong><\/span><\/li>\n<\/ul>\n<p>Cientos de personas con esta condici\u00f3n visitar\u00e1n nuestra ciudad este s\u00e1bado para ense\u00f1arnos que la felicidad est\u00e1 en el interior de cada individuo, y que s\u00f3lo hay que dejarla salir para el disfrute propio y de quienes nos rodean.<br \/>\nEste s\u00e1bado ser\u00e1 m\u00e1s que un d\u00eda especial para las m\u00e1s de 300 personas con S\u00edndrome de Down que se dar\u00e1n cita en el Estadio Fiscal de San Felipe, con miras a desarrollar el 8\u00ba Encuentro Nacional de personas con S\u00edndrome de Down. Esta actividad dar\u00e1 inicio desde las 10:00 horas y terminar\u00e1 cerca de las 19:00 horas.<br \/>\nSe trata de una de las actividades masivas con m\u00e1s alta convocatoria a nivel pa\u00eds, pues para este Encuentro est\u00e1 ya confirmada la participaci\u00f3n de agrupaciones como Alegr\u00eda Down de Santiago; Agua Marina de Vi\u00f1a del Mar, as\u00ed como otros grupos de Ovalle, Temuco y Quilicura.<\/p>\n<p><strong><span style=\"color: #ff0000;\">MUCHAS ACTIVIDADES<\/span><\/strong><br \/>\nDiario El Trabajo habl\u00f3 ayer jueves con la presidenta de Agrupaci\u00f3n \u00c1ngeles S\u00edndrome de Down, de San Felipe, Carolina Silva, quien explic\u00f3 a nuestro medio que \u00abestoy invitando a todos los aconcag\u00fcinos, para que vengan este s\u00e1bado a pasarla bien con estas personas con S\u00edndrome de Down, estaremos desarrollando juegos t\u00edpicos, habr\u00e1 concursos art\u00edsticos; pinta caritas, juegos inflables, danza y canto, stands con venta de comidas y bebidas; sanas competencias deportivas y muchas otras actividades para ellos, y para todas aquellas personas que tengan alguna otra discapacidad\u00bb, coment\u00f3 Silva.<br \/>\n<strong>&#8211; \u00bfC\u00f3mo y cu\u00e1ndo nace Agrupaci\u00f3n \u00c1ngeles?<\/strong><br \/>\n&#8211; Nuestra agrupaci\u00f3n \u00c1ngeles S\u00edndrome de Down es una entidad de padres que, sin fines de lucro, nos dedicamos a reunir a ni\u00f1os, j\u00f3venes y adultos con S\u00edndrome de Down y sus familias, con el fin de promover la inclusi\u00f3n social. La fundamos en 2006, con el fin de integrar a nuestros hijos en una sociedad m\u00e1s inclusiva, dando a conocer sus reales caracter\u00edsticas y capacidades, fomentando la aceptaci\u00f3n social y dando a conocer que las personas con S\u00edndrome de Down son personas con deberes y derechos como todos los dem\u00e1s.<br \/>\n<strong>&#8211; \u00bfDesde hace cu\u00e1nto tiempo realizan estos encuentros nacionales?<\/strong><br \/>\n&#8211; Desde hace ocho a\u00f1os venimos organizando estos encuentros a nivel nacional e internacional, a trav\u00e9s de la directiva que este a\u00f1o est\u00e1 constituida por mi persona Carolina Silva, Katherine Montenegro y Karin Jury, entre otras. En este caso puntual de San Felipe 2017, el encuentro se realiza gracias a la cooperaci\u00f3n de empresarios, comerciantes, pol\u00edticos, establecimientos educacionales y particulares de esp\u00edritu altruista, quienes deciden cooperar de forma desinteresada para hacer felices a los ni\u00f1os con esta condici\u00f3n.<br \/>\n<strong>&#8211; \u00bfCu\u00e1ntos usuarios en San Felipe conforman \u00c1ngeles?<\/strong><br \/>\n&#8211; Nuestra agrupaci\u00f3n abriga a unas 30 personas con S\u00edndrome de Down, de San Felipe y Los Andes, por lo que estamos invitando a las familias que tengan integrantes con el S\u00edndrome de Down, que nos contacten para estar m\u00e1s unidos.<br \/>\n<strong>&#8211; \u00bfQu\u00e9 parrilla art\u00edstica es la que habr\u00e1 en el Fiscal?<\/strong><br \/>\n&#8211; Los animadores de la jornada ser\u00e1n Mar\u00eda Paz Ot\u00e1rola, Cristian Traub, Yerko Pimentel y Ver\u00f3nica Burgos (animadora infantil con personajes infantiles). Los artistas y agrupaciones invitados son el \u2018Rey de la cumbia\u2019 Jano Rojas; Zancos San Felipe; Warany latinoamericano (con el Flaco Johnson), el solista Pantoja; Charro El Real; Charro Dorado; Conjunto folkl\u00f3rico Kusi Jatha, de Los Andes; Banda Los Bronces del Aconcagua; varios grupos de zumba y los mejores grupos motoqueros de distintas regiones.<br \/>\n<strong>&#8211; \u00bfQu\u00e9 otras atracciones habr\u00e1 para la familia?<\/strong><br \/>\n&#8211; Ese d\u00eda tambi\u00e9n habr\u00e1 disfraces, bomberos, carro de cabritas, juegos inflables, pintacaritas, sal\u00f3n de belleza, camas el\u00e1sticas, stand de feria juegos t\u00edpicos para que disfruten los ni\u00f1os y sus pap\u00e1s.<br \/>\n<strong>&#8211; \u00bfQu\u00e9 instituciones est\u00e1n colaborando con este Encuentro Nacional?<\/strong><br \/>\n&#8211; Tenemos la dicha de contar con el apoyo desinteresado de colegios como el Alonso de Ercilla; Mixto San Felipe; Bicentenario Cordillera; Corina Urbina; Libertador, de Los Andes (Alumnas de psicopedagog\u00eda 1\u00ba y 3\u00ba a\u00f1o y T\u00e9cnico en p\u00e1rvulos primer a\u00f1o); Mar\u00eda Auxiliadora, de Los Andes y el Colegio Jean Piaget, tambi\u00e9n de Los Andes.<br \/>\n<strong>&#8211; \u00bfHay tambi\u00e9n empresas de la zona apoyando esta actividad?<\/strong><br \/>\n&#8211; S\u00ed. Hay bastantes empresas apoy\u00e1ndonos, por ejemplo contamos con mucha ayuda de Distribuidora Betty, de Los Andes; Carabineros de San Felipe, Bomberos de Santa Mar\u00eda y Carnes KAR, entre muchas otras.<br \/>\n<strong>Roberto Gonz\u00e1lez Short<\/strong><\/p>\n<figure id=\"attachment_82609\" aria-describedby=\"caption-attachment-82609\" style=\"width: 580px\" class=\"wp-caption alignnone\"><img data-recalc-dims=\"1\" loading=\"lazy\" decoding=\"async\" class=\"size-full wp-image-82609\" src=\"https:\/\/i0.wp.com\/www.eltrabajo.cl\/2017\/wp-content\/uploads\/2017\/11\/Down_Carolina-Silva.jpg?resize=580%2C399\" alt=\"Presidenta de Agrupaci\u00f3n \u00c1ngeles S\u00edndrome de Down, de San Felipe, Carolina Silva.\" width=\"580\" height=\"399\" srcset=\"https:\/\/i0.wp.com\/eltrabajo.cl\/portal\/wp-content\/uploads\/2017\/11\/Down_Carolina-Silva.jpg?w=580&amp;ssl=1 580w, https:\/\/i0.wp.com\/eltrabajo.cl\/portal\/wp-content\/uploads\/2017\/11\/Down_Carolina-Silva.jpg?resize=200%2C138&amp;ssl=1 200w, https:\/\/i0.wp.com\/eltrabajo.cl\/portal\/wp-content\/uploads\/2017\/11\/Down_Carolina-Silva.jpg?resize=300%2C206&amp;ssl=1 300w, https:\/\/i0.wp.com\/eltrabajo.cl\/portal\/wp-content\/uploads\/2017\/11\/Down_Carolina-Silva.jpg?resize=218%2C150&amp;ssl=1 218w, https:\/\/i0.wp.com\/eltrabajo.cl\/portal\/wp-content\/uploads\/2017\/11\/Down_Carolina-Silva.jpg?resize=400%2C275&amp;ssl=1 400w\" sizes=\"auto, (max-width: 580px) 100vw, 580px\" \/><figcaption id=\"caption-attachment-82609\" class=\"wp-caption-text\">Presidenta de Agrupaci\u00f3n \u00c1ngeles S\u00edndrome de Down, de San Felipe, Carolina Silva.<\/figcaption><\/figure>\n<figure id=\"attachment_82610\" aria-describedby=\"caption-attachment-82610\" style=\"width: 580px\" class=\"wp-caption alignnone\"><img data-recalc-dims=\"1\" loading=\"lazy\" decoding=\"async\" class=\"size-full wp-image-82610\" src=\"https:\/\/i0.wp.com\/www.eltrabajo.cl\/2017\/wp-content\/uploads\/2017\/11\/Down_Vicente-Lemus-Jury.jpg?resize=580%2C398\" alt=\"SIEMPRE VICENTE.- Aqu\u00ed tenemos al regal\u00f3n Vicente Lemus Jury, impaciente por recibir a quienes ser\u00e1n sus nuevos amigos el s\u00e1bado.\" width=\"580\" height=\"398\" srcset=\"https:\/\/i0.wp.com\/eltrabajo.cl\/portal\/wp-content\/uploads\/2017\/11\/Down_Vicente-Lemus-Jury.jpg?w=580&amp;ssl=1 580w, https:\/\/i0.wp.com\/eltrabajo.cl\/portal\/wp-content\/uploads\/2017\/11\/Down_Vicente-Lemus-Jury.jpg?resize=200%2C137&amp;ssl=1 200w, https:\/\/i0.wp.com\/eltrabajo.cl\/portal\/wp-content\/uploads\/2017\/11\/Down_Vicente-Lemus-Jury.jpg?resize=300%2C206&amp;ssl=1 300w, https:\/\/i0.wp.com\/eltrabajo.cl\/portal\/wp-content\/uploads\/2017\/11\/Down_Vicente-Lemus-Jury.jpg?resize=219%2C150&amp;ssl=1 219w, https:\/\/i0.wp.com\/eltrabajo.cl\/portal\/wp-content\/uploads\/2017\/11\/Down_Vicente-Lemus-Jury.jpg?resize=400%2C274&amp;ssl=1 400w\" sizes=\"auto, (max-width: 580px) 100vw, 580px\" \/><figcaption id=\"caption-attachment-82610\" class=\"wp-caption-text\">SIEMPRE VICENTE.- Aqu\u00ed tenemos al regal\u00f3n Vicente Lemus Jury, impaciente por recibir a quienes ser\u00e1n sus nuevos amigos el s\u00e1bado.<\/figcaption><\/figure>\n","protected":false},"excerpt":{"rendered":"<p>Agrupaci\u00f3n \u00c1ngeles los recibir\u00e1 en el Estadio Fiscal: Cientos de personas con esta condici\u00f3n visitar\u00e1n nuestra ciudad este s\u00e1bado para ense\u00f1arnos que la felicidad est\u00e1 en el interior de cada individuo, y&#8230;<\/p>\n","protected":false},"author":1,"featured_media":82611,"comment_status":"open","ping_status":"open","sticky":false,"template":"","format":"standard","meta":{"advanced_seo_description":"","jetpack_seo_html_title":"","jetpack_seo_noindex":false,"_jetpack_memberships_contains_paid_content":false,"footnotes":""},"categories":[15],"tags":[],"class_list":["post-82608","post","type-post","status-publish","format-standard","has-post-thumbnail","hentry","category-comunidad"],"jetpack_featured_media_url":"https:\/\/i0.wp.com\/eltrabajo.cl\/portal\/wp-content\/uploads\/2017\/11\/Down1.jpg?fit=580%2C400&ssl=1","jetpack_sharing_enabled":true,"jetpack_likes_enabled":true,"jetpack-related-posts":[],"_links":{"self":[{"href":"https:\/\/eltrabajo.cl\/portal\/wp-json\/wp\/v2\/posts\/82608","targetHints":{"allow":["GET"]}}],"collection":[{"href":"https:\/\/eltrabajo.cl\/portal\/wp-json\/wp\/v2\/posts"}],"about":[{"href":"https:\/\/eltrabajo.cl\/portal\/wp-json\/wp\/v2\/types\/post"}],"author":[{"embeddable":true,"href":"https:\/\/eltrabajo.cl\/portal\/wp-json\/wp\/v2\/users\/1"}],"replies":[{"embeddable":true,"href":"https:\/\/eltrabajo.cl\/portal\/wp-json\/wp\/v2\/comments?post=82608"}],"version-history":[{"count":0,"href":"https:\/\/eltrabajo.cl\/portal\/wp-json\/wp\/v2\/posts\/82608\/revisions"}],"wp:featuredmedia":[{"embeddable":true,"href":"https:\/\/eltrabajo.cl\/portal\/wp-json\/wp\/v2\/media\/82611"}],"wp:attachment":[{"href":"https:\/\/eltrabajo.cl\/portal\/wp-json\/wp\/v2\/media?parent=82608"}],"wp:term":[{"taxonomy":"category","embeddable":true,"href":"https:\/\/eltrabajo.cl\/portal\/wp-json\/wp\/v2\/categories?post=82608"},{"taxonomy":"post_tag","embeddable":true,"href":"https:\/\/eltrabajo.cl\/portal\/wp-json\/wp\/v2\/tags?post=82608"}],"curies":[{"name":"wp","href":"https:\/\/api.w.org\/{rel}","templated":true}]}}