{"id":83813,"date":"2017-09-04T05:00:21","date_gmt":"2017-09-04T09:00:21","guid":{"rendered":"http:\/\/www.eltrabajo.cl\/2017\/?p=81402"},"modified":"2018-12-20T00:13:42","modified_gmt":"2018-12-20T03:13:42","slug":"exitoso-i-concurso-interregional-de-bandas-2017-en-la-industrial","status":"publish","type":"post","link":"https:\/\/eltrabajo.cl\/portal\/exitoso-i-concurso-interregional-de-bandas-2017-en-la-industrial\/","title":{"rendered":"Exitoso I Concurso Interregional de Bandas 2017 en la Industrial"},"content":{"rendered":"<figure id=\"attachment_81428\" aria-describedby=\"caption-attachment-81428\" style=\"width: 580px\" class=\"wp-caption alignleft\"><a href=\"http:\/\/www.eltrabajo.cl\/portal\/bandas6\/\"><img data-recalc-dims=\"1\" loading=\"lazy\" decoding=\"async\" class=\"size-full wp-image-81428\" src=\"https:\/\/i0.wp.com\/www.eltrabajo.cl\/portal\/wp-content\/uploads\/2017\/09\/Bandas6.jpg?resize=580%2C399\" alt=\"TERCEROS EN MEDIA.- Aqu\u00ed tenemos a la esplendorosa Banda del Liceo Mixto de Los Andes, que se luci\u00f3 en grande.\" width=\"580\" height=\"399\" srcset=\"https:\/\/i0.wp.com\/eltrabajo.cl\/portal\/wp-content\/uploads\/2017\/09\/Bandas6.jpg?w=580&amp;ssl=1 580w, https:\/\/i0.wp.com\/eltrabajo.cl\/portal\/wp-content\/uploads\/2017\/09\/Bandas6.jpg?resize=200%2C138&amp;ssl=1 200w, https:\/\/i0.wp.com\/eltrabajo.cl\/portal\/wp-content\/uploads\/2017\/09\/Bandas6.jpg?resize=300%2C206&amp;ssl=1 300w, https:\/\/i0.wp.com\/eltrabajo.cl\/portal\/wp-content\/uploads\/2017\/09\/Bandas6.jpg?resize=218%2C150&amp;ssl=1 218w, https:\/\/i0.wp.com\/eltrabajo.cl\/portal\/wp-content\/uploads\/2017\/09\/Bandas6.jpg?resize=400%2C275&amp;ssl=1 400w\" sizes=\"auto, (max-width: 580px) 100vw, 580px\" \/><\/a><figcaption id=\"caption-attachment-81428\" class=\"wp-caption-text\">TERCEROS EN MEDIA.- Aqu\u00ed tenemos a la esplendorosa Banda del Liceo Mixto de Los Andes, que se luci\u00f3 en grande.<\/figcaption><\/figure>\n<ul>\n<li><span style=\"color: #ff0000;\"><strong>Premios, medallas y copas para los mejores de la fecha:<\/strong><\/span><\/li>\n<\/ul>\n<p>Este s\u00e1bado 2 de septiembre desde las 10:00 horas en las dependencias de la Escuela Industrial de San Felipe, se desarroll\u00f3 el Encuentro de Bandas de Guerra 2017. Esta jornada estudiantil consider\u00f3 la participaci\u00f3n de unas once bandas escolares de la V Regi\u00f3n y una de Santiago.<br \/>\nPese a que todos hicieron su mejor esfuerzo para ganar el primer lugar, finalmente las tres bandas, Amateur, B\u00e1sica y Media ganadoras fueron las siguientes:<br \/>\nBanda de las escuelas Mixta Lo Calvo y El Coraz\u00f3n gan\u00f3 en Amateur; la Banda General Bernal, de Santa Mar\u00eda, gan\u00f3 en B\u00e1sica y la Banda Corporaci\u00f3n Aconcagua gan\u00f3 en Media.<br \/>\nPero no se crea que s\u00f3lo hubo medallas, copas y trofeos para las bandas, pues se premiaron Tambor Mayor, Trompeta, Pito, Estandarte y otras categor\u00edas propias de estas actividades, hasta la Barra de la Banda Arauco, de Quillota, gan\u00f3 su premio.<br \/>\n\u00abFue una experiencia perfecta, todo sali\u00f3 a la perfecci\u00f3n, hubo premios para los mejores, llegaron las bandas anunciadas y salimos temprano, yo felicito a todos los Industrialinos, a profesores y estudiantes, muy comprometidos con la organizaci\u00f3n y tambi\u00e9n doy las gracias a las bandas participantes\u00bb, coment\u00f3 a Diario El Trabajo el director de la Escuela Industrial, Andr\u00e9s Vargas Munita.<br \/>\n<strong>Roberto Gonz\u00e1lez Short<\/strong><\/p>\n<figure id=\"attachment_81404\" aria-describedby=\"caption-attachment-81404\" style=\"width: 580px\" class=\"wp-caption alignnone\"><img data-recalc-dims=\"1\" loading=\"lazy\" decoding=\"async\" class=\"size-full wp-image-81404\" src=\"https:\/\/i0.wp.com\/www.eltrabajo.cl\/2017\/wp-content\/uploads\/2017\/09\/Bandas_Carlos-Sanchez.jpg?resize=580%2C400\" alt=\"Carlos S\u00e1nchez, instructor industrialino: \u00abPara ser nuestra primera vez como anfitriones interregionales, creo que San Felipe retoma la fuerza y protagonismo en esta clase de eventos masivos\u00bb.\" width=\"580\" height=\"400\" \/><figcaption id=\"caption-attachment-81404\" class=\"wp-caption-text\">Carlos S\u00e1nchez, instructor industrialino: \u00abPara ser nuestra primera vez como anfitriones interregionales, creo que San Felipe retoma la fuerza y protagonismo en esta clase de eventos masivos\u00bb.<\/figcaption><\/figure>\n<figure id=\"attachment_81405\" aria-describedby=\"caption-attachment-81405\" style=\"width: 580px\" class=\"wp-caption alignnone\"><img data-recalc-dims=\"1\" loading=\"lazy\" decoding=\"async\" class=\"size-full wp-image-81405\" src=\"https:\/\/i0.wp.com\/www.eltrabajo.cl\/2017\/wp-content\/uploads\/2017\/09\/Bandas1.jpg?resize=580%2C400\" alt=\"CAMPEONES B\u00c1SICA.- Ellos son los campeones de la B\u00e1sica, la Banda General Bernal, de Santa Mar\u00eda, quienes hicieron de las suyas en cancha de la Escuela Industrial.\" width=\"580\" height=\"400\" \/><figcaption id=\"caption-attachment-81405\" class=\"wp-caption-text\">CAMPEONES B\u00c1SICA.- Ellos son los campeones de la B\u00e1sica, la Banda General Bernal, de Santa Mar\u00eda, quienes hicieron de las suyas en cancha de la Escuela Industrial.<\/figcaption><\/figure>\n<figure id=\"attachment_81406\" aria-describedby=\"caption-attachment-81406\" style=\"width: 580px\" class=\"wp-caption alignnone\"><img data-recalc-dims=\"1\" loading=\"lazy\" decoding=\"async\" class=\"size-full wp-image-81406\" src=\"https:\/\/i0.wp.com\/www.eltrabajo.cl\/2017\/wp-content\/uploads\/2017\/09\/Bandas2.jpg?resize=580%2C399\" alt=\"CAMPEONES MEDIA.- Ellos son la Banda Corporaci\u00f3n Aconcagua, quienes ganaron el primer lugar en Media, son m\u00fasicos del valle que unieron su talento para quedarse con la Copa.\" width=\"580\" height=\"399\" \/><figcaption id=\"caption-attachment-81406\" class=\"wp-caption-text\">CAMPEONES MEDIA.- Ellos son la Banda Corporaci\u00f3n Aconcagua, quienes ganaron el primer lugar en Media, son m\u00fasicos del valle que unieron su talento para quedarse con la Copa.<\/figcaption><\/figure>\n<figure id=\"attachment_81407\" aria-describedby=\"caption-attachment-81407\" style=\"width: 580px\" class=\"wp-caption alignnone\"><img data-recalc-dims=\"1\" loading=\"lazy\" decoding=\"async\" class=\"size-full wp-image-81407\" src=\"https:\/\/i0.wp.com\/www.eltrabajo.cl\/2017\/wp-content\/uploads\/2017\/09\/Bandas3.jpg?resize=580%2C399\" alt=\"CAMPEONES AMATEUR.- Ellos conforman la Banda de las escuelas Mixta Lo Calvo y El Coraz\u00f3n, peque\u00f1itos que se esforzaron mucho para ser los mejores en su categor\u00eda.\" width=\"580\" height=\"399\" \/><figcaption id=\"caption-attachment-81407\" class=\"wp-caption-text\">CAMPEONES AMATEUR.- Ellos conforman la Banda de las escuelas Mixta Lo Calvo y El Coraz\u00f3n, peque\u00f1itos que se esforzaron mucho para ser los mejores en su categor\u00eda.<\/figcaption><\/figure>\n<figure id=\"attachment_81408\" aria-describedby=\"caption-attachment-81408\" style=\"width: 580px\" class=\"wp-caption alignnone\"><img data-recalc-dims=\"1\" loading=\"lazy\" decoding=\"async\" class=\"size-full wp-image-81408\" src=\"https:\/\/i0.wp.com\/www.eltrabajo.cl\/2017\/wp-content\/uploads\/2017\/09\/Bandas4.jpg?resize=580%2C400\" alt=\"AL ROJO VIVO.- La flamante Banda Arauco, de Quillota, conquist\u00f3 el segundo lugar en B\u00e1sica, aunque algunos creen que merec\u00edan un mejor puntaje.\" width=\"580\" height=\"400\" \/><figcaption id=\"caption-attachment-81408\" class=\"wp-caption-text\">AL ROJO VIVO.- La flamante Banda Arauco, de Quillota, conquist\u00f3 el segundo lugar en B\u00e1sica, aunque algunos creen que merec\u00edan un mejor puntaje.<\/figcaption><\/figure>\n<figure id=\"attachment_81409\" aria-describedby=\"caption-attachment-81409\" style=\"width: 580px\" class=\"wp-caption alignnone\"><img data-recalc-dims=\"1\" loading=\"lazy\" decoding=\"async\" class=\"size-full wp-image-81409\" src=\"https:\/\/i0.wp.com\/www.eltrabajo.cl\/2017\/wp-content\/uploads\/2017\/09\/Bandas5.jpg?resize=580%2C400\" alt=\"PREMIO AL ESFUERZO.- Aqu\u00ed tenemos a los chiquitines m\u00e1s esforzados, ellos dan fuerza y vigor a la Banda R\u00edo Colorado, de la escuela del mismo nombre, ubicada en el camino internacional.\" width=\"580\" height=\"400\" \/><figcaption id=\"caption-attachment-81409\" class=\"wp-caption-text\">PREMIO AL ESFUERZO.- Aqu\u00ed tenemos a los chiquitines m\u00e1s esforzados, ellos dan fuerza y vigor a la Banda R\u00edo Colorado, de la escuela del mismo nombre, ubicada en el camino internacional.<\/figcaption><\/figure>\n","protected":false},"excerpt":{"rendered":"<p>Premios, medallas y copas para los mejores de la fecha: Este s\u00e1bado 2 de septiembre desde las 10:00 horas en las dependencias de la Escuela Industrial de San Felipe, se desarroll\u00f3 el&#8230;<\/p>\n","protected":false},"author":1,"featured_media":81428,"comment_status":"open","ping_status":"open","sticky":false,"template":"","format":"standard","meta":{"advanced_seo_description":"","jetpack_seo_html_title":"","jetpack_seo_noindex":false,"_jetpack_memberships_contains_paid_content":false,"footnotes":""},"categories":[15],"tags":[],"class_list":["post-83813","post","type-post","status-publish","format-standard","has-post-thumbnail","hentry","category-comunidad"],"jetpack_featured_media_url":"https:\/\/i0.wp.com\/eltrabajo.cl\/portal\/wp-content\/uploads\/2017\/09\/Bandas6.jpg?fit=580%2C399&ssl=1","jetpack_sharing_enabled":true,"jetpack_likes_enabled":true,"jetpack-related-posts":[],"_links":{"self":[{"href":"https:\/\/eltrabajo.cl\/portal\/wp-json\/wp\/v2\/posts\/83813","targetHints":{"allow":["GET"]}}],"collection":[{"href":"https:\/\/eltrabajo.cl\/portal\/wp-json\/wp\/v2\/posts"}],"about":[{"href":"https:\/\/eltrabajo.cl\/portal\/wp-json\/wp\/v2\/types\/post"}],"author":[{"embeddable":true,"href":"https:\/\/eltrabajo.cl\/portal\/wp-json\/wp\/v2\/users\/1"}],"replies":[{"embeddable":true,"href":"https:\/\/eltrabajo.cl\/portal\/wp-json\/wp\/v2\/comments?post=83813"}],"version-history":[{"count":0,"href":"https:\/\/eltrabajo.cl\/portal\/wp-json\/wp\/v2\/posts\/83813\/revisions"}],"wp:featuredmedia":[{"embeddable":true,"href":"https:\/\/eltrabajo.cl\/portal\/wp-json\/wp\/v2\/media\/81428"}],"wp:attachment":[{"href":"https:\/\/eltrabajo.cl\/portal\/wp-json\/wp\/v2\/media?parent=83813"}],"wp:term":[{"taxonomy":"category","embeddable":true,"href":"https:\/\/eltrabajo.cl\/portal\/wp-json\/wp\/v2\/categories?post=83813"},{"taxonomy":"post_tag","embeddable":true,"href":"https:\/\/eltrabajo.cl\/portal\/wp-json\/wp\/v2\/tags?post=83813"}],"curies":[{"name":"wp","href":"https:\/\/api.w.org\/{rel}","templated":true}]}}