{"id":83816,"date":"2017-09-04T05:04:53","date_gmt":"2017-09-04T09:04:53","guid":{"rendered":"http:\/\/www.eltrabajo.cl\/2017\/?p=81429"},"modified":"2017-09-04T05:04:53","modified_gmt":"2017-09-04T09:04:53","slug":"la-chingana-y-el-volantin-promete-revolucionar-este-18","status":"publish","type":"post","link":"https:\/\/eltrabajo.cl\/portal\/la-chingana-y-el-volantin-promete-revolucionar-este-18\/","title":{"rendered":"\u2018La Chingana y el volant\u00edn\u2019 promete revolucionar este 18"},"content":{"rendered":"<figure id=\"attachment_81431\" aria-describedby=\"caption-attachment-81431\" style=\"width: 580px\" class=\"wp-caption alignnone\"><img data-recalc-dims=\"1\" loading=\"lazy\" decoding=\"async\" class=\"size-full wp-image-81431\" src=\"https:\/\/i0.wp.com\/www.eltrabajo.cl\/2017\/wp-content\/uploads\/2017\/09\/Fonda1.jpg?resize=580%2C400\" alt=\"Adem\u00e1s de las actividades propias de Fiestas Patrias, La Chingana y el Volant\u00edn tendr\u00e1 concursos y m\u00fasica en Vivo.\" width=\"580\" height=\"400\" \/><figcaption id=\"caption-attachment-81431\" class=\"wp-caption-text\">Adem\u00e1s de las actividades propias de Fiestas Patrias, La Chingana y el Volant\u00edn tendr\u00e1 concursos y m\u00fasica en Vivo.<\/figcaption><\/figure>\n<ul>\n<li><strong><span style=\"color: #ff0000;\">En el Aer\u00f3dromo se instalar\u00e1 la \u00fanica fonda del sector urbano de la comuna:<\/span>\u00a0La chicha, el vino y los \u2018terremotos\u2019, tendr\u00e1n un lugar de privilegio junto a otras actividades t\u00edpicas de Fiestas Patrias, en un espacio donde podr\u00e1n disfrutar tanto los ni\u00f1os como los adultos.<\/strong><\/li>\n<\/ul>\n<p>Juegos inflables, feria costumbrista, m\u00fasica en vivo, comidas t\u00edpicas y gourmet, son algunas de las ofertas que tendr\u00e1 a disposici\u00f3n de los sanfelipe\u00f1os durante el fin de semana de Fiestas Patrias \u2018La Chingana y el volant\u00edn\u2019, fonda que estar\u00e1 ubicada en el Aer\u00f3dromo V\u00edctor Laf\u00f3n, en San Felipe.<br \/>\nEl lugar tendr\u00e1 funcionamiento desde las 11 de la ma\u00f1ana y la entrada tendr\u00e1 un costo de $2.000 por persona. Se trata de una iniciativa particular de la familia propietaria del popular local de comida r\u00e1pida Alfonsi y pretende brindar un espacio de tranquilidad y diversi\u00f3n en la misma comuna, donde desde hace mucho tiempo no hay un lugar t\u00edpico de festividades dieciocheras\u2019.<br \/>\nAs\u00ed lo manifest\u00f3 Silvia Mu\u00f1oz Herrera, propietaria de Alfonsi, quien afirm\u00f3 que uno de los objetivos de generar esta fonda, es que los sanfelipe\u00f1os no tengan que ir a otras comunas del Valle de Aconcagua para poder encontrar un lugar para festejar<br \/>\n\u00abDesde hace mucho rato que no hay fondas ac\u00e1 en San Felipe, no se hace nada, entonces todos se van para Santa Mar\u00eda, Curim\u00f3n y a Sahond\u00e9 (Putaendo), as\u00ed que queremos tratar de reencantar a los sanfelipe\u00f1os con un lugar especial, la idea es que vayan a darse una vuelta, conozcan y seguro se van a tentar con un \u2018terremoto\u2019 o un \u2018chorip\u00e1n\u2019\u00bb, sostuvo Mu\u00f1oz.<br \/>\nRespecto a c\u00f3mo surgi\u00f3 la idea de instalar la fonda, do\u00f1as Silvia cont\u00f3 que \u00abes primera vez que me voy a lanzar a la vida con algo as\u00ed, esta iniciativa nace de los chiquillos (sobrinos), ellos hab\u00edan estado anteriormente con una fonda, pero no les fue tan bien, no estuvieron preparados y quedaron con el bichito (sic)\u00bb, expuso.<br \/>\nAs\u00ed, a partir del viernes 15 de septiembre \u2018La Chingana y el volant\u00edn\u2019 est\u00e1 llamada a transformarse en la fonda alternativa de San Felipe, un lugar donde la familia sanfelipe\u00f1a podr\u00e1 disfrutar no s\u00f3lo de m\u00fasica chilena, sino tambi\u00e9n de otros estilos musicales y distintas actividades no s\u00f3lo para adultos, sino tambi\u00e9n para los m\u00e1s peque\u00f1itos.<\/p>\n<figure id=\"attachment_81430\" aria-describedby=\"caption-attachment-81430\" style=\"width: 580px\" class=\"wp-caption alignnone\"><img data-recalc-dims=\"1\" loading=\"lazy\" decoding=\"async\" class=\"size-full wp-image-81430\" src=\"https:\/\/i0.wp.com\/www.eltrabajo.cl\/2017\/wp-content\/uploads\/2017\/09\/Fonda_Silvia-Munoz.jpg?resize=580%2C399\" alt=\"Silvia Mu\u00f1oz, propietaria de Alfonsi y gestora de la Fonda La Chingana y el Volant\u00edn.\" width=\"580\" height=\"399\" \/><figcaption id=\"caption-attachment-81430\" class=\"wp-caption-text\">Silvia Mu\u00f1oz, propietaria de Alfonsi y gestora de la Fonda La Chingana y el Volant\u00edn.<\/figcaption><\/figure>\n","protected":false},"excerpt":{"rendered":"<p>En el Aer\u00f3dromo se instalar\u00e1 la \u00fanica fonda del sector urbano de la comuna:\u00a0La chicha, el vino y los \u2018terremotos\u2019, tendr\u00e1n un lugar de privilegio junto a otras actividades t\u00edpicas de Fiestas&#8230;<\/p>\n","protected":false},"author":1,"featured_media":81430,"comment_status":"open","ping_status":"open","sticky":false,"template":"","format":"standard","meta":{"advanced_seo_description":"","jetpack_seo_html_title":"","jetpack_seo_noindex":false,"_jetpack_memberships_contains_paid_content":false,"footnotes":""},"categories":[1],"tags":[],"class_list":["post-83816","post","type-post","status-publish","format-standard","has-post-thumbnail","hentry","category-cronica"],"jetpack_featured_media_url":"https:\/\/i0.wp.com\/eltrabajo.cl\/portal\/wp-content\/uploads\/2017\/09\/Medicos1.jpg?fit=580%2C400&ssl=1","jetpack_sharing_enabled":true,"jetpack_likes_enabled":true,"jetpack-related-posts":[],"_links":{"self":[{"href":"https:\/\/eltrabajo.cl\/portal\/wp-json\/wp\/v2\/posts\/83816","targetHints":{"allow":["GET"]}}],"collection":[{"href":"https:\/\/eltrabajo.cl\/portal\/wp-json\/wp\/v2\/posts"}],"about":[{"href":"https:\/\/eltrabajo.cl\/portal\/wp-json\/wp\/v2\/types\/post"}],"author":[{"embeddable":true,"href":"https:\/\/eltrabajo.cl\/portal\/wp-json\/wp\/v2\/users\/1"}],"replies":[{"embeddable":true,"href":"https:\/\/eltrabajo.cl\/portal\/wp-json\/wp\/v2\/comments?post=83816"}],"version-history":[{"count":0,"href":"https:\/\/eltrabajo.cl\/portal\/wp-json\/wp\/v2\/posts\/83816\/revisions"}],"wp:featuredmedia":[{"embeddable":true,"href":"https:\/\/eltrabajo.cl\/portal\/wp-json\/wp\/v2\/media\/81430"}],"wp:attachment":[{"href":"https:\/\/eltrabajo.cl\/portal\/wp-json\/wp\/v2\/media?parent=83816"}],"wp:term":[{"taxonomy":"category","embeddable":true,"href":"https:\/\/eltrabajo.cl\/portal\/wp-json\/wp\/v2\/categories?post=83816"},{"taxonomy":"post_tag","embeddable":true,"href":"https:\/\/eltrabajo.cl\/portal\/wp-json\/wp\/v2\/tags?post=83816"}],"curies":[{"name":"wp","href":"https:\/\/api.w.org\/{rel}","templated":true}]}}