{"id":83817,"date":"2017-09-04T05:05:01","date_gmt":"2017-09-04T09:05:01","guid":{"rendered":"http:\/\/www.eltrabajo.cl\/2017\/?p=81433"},"modified":"2017-09-04T05:05:01","modified_gmt":"2017-09-04T09:05:01","slug":"sobrevivientes-del-mortal-accidente-siguen-luchando-por-sus-vidas","status":"publish","type":"post","link":"https:\/\/eltrabajo.cl\/portal\/sobrevivientes-del-mortal-accidente-siguen-luchando-por-sus-vidas\/","title":{"rendered":"Sobrevivientes del mortal accidente siguen luchando por sus vidas"},"content":{"rendered":"<figure id=\"attachment_81436\" aria-describedby=\"caption-attachment-81436\" style=\"width: 580px\" class=\"wp-caption alignnone\"><img data-recalc-dims=\"1\" loading=\"lazy\" decoding=\"async\" class=\"size-full wp-image-81436\" src=\"https:\/\/i0.wp.com\/www.eltrabajo.cl\/2017\/wp-content\/uploads\/2017\/09\/tragedia-en-catemu-2-muertos.jpg?resize=580%2C400\" alt=\"Una imagen que impact\u00f3 al Valle y que revela la violencia del accidente, al  separar el chasis de la carrocer\u00eda del veh\u00edculo.\" width=\"580\" height=\"400\" \/><figcaption id=\"caption-attachment-81436\" class=\"wp-caption-text\">Una imagen que impact\u00f3 al Valle y que revela la violencia del accidente, al separar el chasis de la carrocer\u00eda del veh\u00edculo.<\/figcaption><\/figure>\n<ul>\n<li><strong><span style=\"color: #ff0000;\">Aconcagua estremecida por muerte de dos j\u00f3venes de 14 y 19 a\u00f1os:<\/span> La tragedia ocurri\u00f3 en el kil\u00f3metro 48 de dicha ruta, en Catemu, cuando la persona que conduc\u00eda, cuya identidad no est\u00e1 clara, perdi\u00f3 el control del m\u00f3vil estrell\u00e1ndose contra las barreras de contenci\u00f3n y caer a un desnivel, desintegr\u00e1ndose el veh\u00edculo. La madre y la t\u00eda de la adolescente fallecida luchan por sus vidas en.<\/strong><\/li>\n<\/ul>\n<p>Todo el Valle de Aconcagua se ha visto conmocionado por el tr\u00e1gico e impactante accidente vehicular ocurrido a primeras horas de este s\u00e1bado, el que cost\u00f3 la vida a dos personas identificadas como Nicol\u00e1s Ignacio Tapia D\u00edaz, de 19 a\u00f1os de edad, y Josefa Antonia Bruna Sep\u00falveda, de solo 14 a\u00f1os, quienes se desplazaban aparentemente como pasajeros en un veh\u00edculo que impact\u00f3 una barrera de contenci\u00f3n, volcando a un costado de la Ruta 60 CH en Catemu, dejando a otras dos mujeres en estado grave.<br \/>\nLa emergencia ocurri\u00f3 a eso de las 6:00 horas en el kil\u00f3metro 48 de dicha ruta, cuando el veh\u00edculo marca Ssanyong, modelo Rexton, placa patente ZK 66-92, circulaba de oriente a poniente desde San Felipe en direcci\u00f3n a Llay Llay, circunstancia en la cual, por razones que se ignoran, la persona que conduc\u00eda perdi\u00f3 el control del m\u00f3vil, impactando contra la barrera de contenci\u00f3n para luego volcar hacia la derecha, hasta caer a un desnivel que separa la ruta de la caletera de acceso a Catemu.<br \/>\nFue tal la violencia del impacto, que el veh\u00edculo se destroz\u00f3, separ\u00e1ndose la carrocer\u00eda del chasis. A consecuencia de lo anterior falleci\u00f3 el joven de 19 a\u00f1os y la menor de 14, el primero de ellos con domicilio en la comuna de Llay Llay, mientras que la madre y la t\u00eda de la adolescente fallecida, identificadas como las hermanas Andrea Carolina y Gabriela Ignacia Sep\u00falveda Ar\u00e9valo, de 34 y 18 a\u00f1os,\u00a0quedaron en estado de gravedad.<br \/>\nAl lugar concurrieron personal de la Unidad de Rescate de Bomberos de Panquehue y Catemu, el Samu y Carabineros para adoptar el procedimiento de rigor en este lamentable accidente, trasladando a las mujeres lesionadas hasta el Hospital San Camilo, en donde su diagn\u00f3stico sigue siendo Reservado. As\u00ed lo inform\u00f3 a Diario El Trabajo el teniente de Carabineros de Catemu, Rodrigo Le\u00f3n.<\/p>\n<p><span style=\"color: #ff0000;\"><strong>EN INVESTIGACI\u00d3N<\/strong><\/span><br \/>\nPor instrucci\u00f3n del Fiscal de Turno se dispuso de las pericias del personal especializado de la Subcomisar\u00eda Investigadora de Accidentes de Tr\u00e1nsito (Siat) de Carabineros de San Felipe, para indagar las causas basales de este terrible accidente que nuevamente ti\u00f1e de rojo a la Ruta 60 CH.<br \/>\nCabe destacar que hasta el momento no se ha logrado determinar qui\u00e9n era la persona que conduc\u00eda el veh\u00edculo, puesto que los cuatro ocupantes salieron eyectados de la camioneta durante el volcamiento. En ese sentido, se debe consignar que la totalidad de los medios que han informado del hecho, han se\u00f1alado que el conductor era el joven de 19 a\u00f1os, situaci\u00f3n que de acuerdo a la informaci\u00f3n oficial, no est\u00e1 determinada.<\/p>\n<p><span style=\"color: #ff0000;\"><strong>REDES SOCIALES<\/strong><\/span><br \/>\nCabe destacar que como siempre sucede en estos casos, las redes sociales se han prestado solo para profundizar aun m\u00e1s el dolor de las familias afectadas con esta tragedia, debido a los comentarios de personas que sin estar cabalmente informadas, opinan sin sopesar en el da\u00f1o que pueden causar, cuestionando que una menor de 14 a\u00f1os est\u00e9 a esas horas de la madrugada. En ese sentido, amistades de las familias afectadas han dado a conocer las circunstancias en que se produce la tragedia, cuando la mujer de 34 a\u00f1os, Andrea Sep\u00falveda, se levanta junto a su hija de 14 para dirigirse a San Felipe a buscar a su hermana Gabriela Ignacia, polola del joven fallecido, quienes se encontraban en un cumplea\u00f1os en San Felipe. Fue precisamente al regresar a casa en Llay Llay, cuando se produce el accidente.<\/p>\n<p><span style=\"color: #ff0000;\"><strong>CADENAS DE ORACI\u00d3N<\/strong><\/span><br \/>\nFinalmente se pudo conocer que amistades y familiares iniciaron cadenas de oraci\u00f3n por la vida de ambas hermanas que se encuentran gravemente heridas, internadas en el hospital San Camilo de San Felipe, sin abandonar a\u00fan el riesgo vital.<br \/>\n<strong>Pablo Salinas Sald\u00edas<\/strong><\/p>\n<figure id=\"attachment_81434\" aria-describedby=\"caption-attachment-81434\" style=\"width: 580px\" class=\"wp-caption alignnone\"><img data-recalc-dims=\"1\" loading=\"lazy\" decoding=\"async\" class=\"size-full wp-image-81434\" src=\"https:\/\/i0.wp.com\/www.eltrabajo.cl\/2017\/wp-content\/uploads\/2017\/09\/JOSEFA-BRUNA-SEPULVEDA.jpg?resize=580%2C399\" alt=\"Josefa Bruna Sep\u00falveda, de 14 a\u00f1os de edad, fue la segunda v\u00edctima fatal de esta tragedia.\" width=\"580\" height=\"399\" \/><figcaption id=\"caption-attachment-81434\" class=\"wp-caption-text\">Josefa Bruna Sep\u00falveda, de 14 a\u00f1os de edad, fue la segunda v\u00edctima fatal de esta tragedia.<\/figcaption><\/figure>\n<figure id=\"attachment_81435\" aria-describedby=\"caption-attachment-81435\" style=\"width: 580px\" class=\"wp-caption alignnone\"><img data-recalc-dims=\"1\" loading=\"lazy\" decoding=\"async\" class=\"size-full wp-image-81435\" src=\"https:\/\/i0.wp.com\/www.eltrabajo.cl\/2017\/wp-content\/uploads\/2017\/09\/NICOLAS-TAPIA.jpg?resize=580%2C399\" alt=\"Nicol\u00e1s Ignacio Tapia D\u00edaz, de 19 a\u00f1os de edad, falleci\u00f3 producto del tr\u00e1gico accidente vehicular.\" width=\"580\" height=\"399\" \/><figcaption id=\"caption-attachment-81435\" class=\"wp-caption-text\">Nicol\u00e1s Ignacio Tapia D\u00edaz, de 19 a\u00f1os de edad, falleci\u00f3 producto del tr\u00e1gico accidente vehicular.<\/figcaption><\/figure>\n<figure id=\"attachment_81437\" aria-describedby=\"caption-attachment-81437\" style=\"width: 580px\" class=\"wp-caption alignnone\"><img data-recalc-dims=\"1\" loading=\"lazy\" decoding=\"async\" class=\"size-full wp-image-81437\" src=\"https:\/\/i0.wp.com\/www.eltrabajo.cl\/2017\/wp-content\/uploads\/2017\/09\/tragedia-en-catemu.jpg?resize=580%2C400\" alt=\"Una imagen que impact\u00f3 al Valle y que revela la violencia del accidente, al  separar el chasis de la carrocer\u00eda del veh\u00edculo.\" width=\"580\" height=\"400\" \/><figcaption id=\"caption-attachment-81437\" class=\"wp-caption-text\">Una imagen que impact\u00f3 al Valle y que revela la violencia del accidente, al separar el chasis de la carrocer\u00eda del veh\u00edculo.<\/figcaption><\/figure>\n","protected":false},"excerpt":{"rendered":"<p>Aconcagua estremecida por muerte de dos j\u00f3venes de 14 y 19 a\u00f1os: La tragedia ocurri\u00f3 en el kil\u00f3metro 48 de dicha ruta, en Catemu, cuando la persona que conduc\u00eda, cuya identidad no&#8230;<\/p>\n","protected":false},"author":1,"featured_media":81438,"comment_status":"open","ping_status":"open","sticky":false,"template":"","format":"standard","meta":{"advanced_seo_description":"","jetpack_seo_html_title":"","jetpack_seo_noindex":false,"_jetpack_memberships_contains_paid_content":false,"footnotes":""},"categories":[21],"tags":[],"class_list":["post-83817","post","type-post","status-publish","format-standard","has-post-thumbnail","hentry","category-policial"],"jetpack_featured_media_url":"https:\/\/i0.wp.com\/eltrabajo.cl\/portal\/wp-content\/uploads\/2017\/09\/Cruce1.jpg?fit=580%2C400&ssl=1","jetpack_sharing_enabled":true,"jetpack_likes_enabled":true,"jetpack-related-posts":[],"_links":{"self":[{"href":"https:\/\/eltrabajo.cl\/portal\/wp-json\/wp\/v2\/posts\/83817","targetHints":{"allow":["GET"]}}],"collection":[{"href":"https:\/\/eltrabajo.cl\/portal\/wp-json\/wp\/v2\/posts"}],"about":[{"href":"https:\/\/eltrabajo.cl\/portal\/wp-json\/wp\/v2\/types\/post"}],"author":[{"embeddable":true,"href":"https:\/\/eltrabajo.cl\/portal\/wp-json\/wp\/v2\/users\/1"}],"replies":[{"embeddable":true,"href":"https:\/\/eltrabajo.cl\/portal\/wp-json\/wp\/v2\/comments?post=83817"}],"version-history":[{"count":0,"href":"https:\/\/eltrabajo.cl\/portal\/wp-json\/wp\/v2\/posts\/83817\/revisions"}],"wp:featuredmedia":[{"embeddable":true,"href":"https:\/\/eltrabajo.cl\/portal\/wp-json\/wp\/v2\/media\/81438"}],"wp:attachment":[{"href":"https:\/\/eltrabajo.cl\/portal\/wp-json\/wp\/v2\/media?parent=83817"}],"wp:term":[{"taxonomy":"category","embeddable":true,"href":"https:\/\/eltrabajo.cl\/portal\/wp-json\/wp\/v2\/categories?post=83817"},{"taxonomy":"post_tag","embeddable":true,"href":"https:\/\/eltrabajo.cl\/portal\/wp-json\/wp\/v2\/tags?post=83817"}],"curies":[{"name":"wp","href":"https:\/\/api.w.org\/{rel}","templated":true}]}}