{"id":84062,"date":"2018-01-12T05:03:08","date_gmt":"2018-01-12T09:03:08","guid":{"rendered":"http:\/\/www.eltrabajo.cl\/2017\/?p=84062"},"modified":"2018-01-12T05:03:08","modified_gmt":"2018-01-12T09:03:08","slug":"vecinos-de-poblacion-el-puente-celebraran-bodas-de-diamante-este-sabado","status":"publish","type":"post","link":"https:\/\/eltrabajo.cl\/portal\/vecinos-de-poblacion-el-puente-celebraran-bodas-de-diamante-este-sabado\/","title":{"rendered":"Vecinos de Poblaci\u00f3n El Puente celebrar\u00e1n Bodas de Diamante este s\u00e1bado"},"content":{"rendered":"<figure id=\"attachment_84064\" aria-describedby=\"caption-attachment-84064\" style=\"width: 579px\" class=\"wp-caption alignnone\"><img data-recalc-dims=\"1\" loading=\"lazy\" decoding=\"async\" class=\"size-full wp-image-84064\" src=\"https:\/\/i0.wp.com\/www.eltrabajo.cl\/2017\/wp-content\/uploads\/2018\/01\/Diamantes1.jpg?resize=579%2C330\" alt=\"UNA GRAN FAMILIA.- Aqu\u00ed vemos a parte de la gran familia Fern\u00e1ndez Miranda, posando con los regalones de nuestra historia.\" width=\"579\" height=\"330\" srcset=\"https:\/\/i0.wp.com\/eltrabajo.cl\/portal\/wp-content\/uploads\/2018\/01\/Diamantes1.jpg?w=579&amp;ssl=1 579w, https:\/\/i0.wp.com\/eltrabajo.cl\/portal\/wp-content\/uploads\/2018\/01\/Diamantes1.jpg?resize=200%2C114&amp;ssl=1 200w, https:\/\/i0.wp.com\/eltrabajo.cl\/portal\/wp-content\/uploads\/2018\/01\/Diamantes1.jpg?resize=300%2C171&amp;ssl=1 300w, https:\/\/i0.wp.com\/eltrabajo.cl\/portal\/wp-content\/uploads\/2018\/01\/Diamantes1.jpg?resize=263%2C150&amp;ssl=1 263w, https:\/\/i0.wp.com\/eltrabajo.cl\/portal\/wp-content\/uploads\/2018\/01\/Diamantes1.jpg?resize=400%2C228&amp;ssl=1 400w\" sizes=\"auto, (max-width: 579px) 100vw, 579px\" \/><figcaption id=\"caption-attachment-84064\" class=\"wp-caption-text\">UNA GRAN FAMILIA.- Aqu\u00ed vemos a parte de la gran familia Fern\u00e1ndez Miranda, posando con los regalones de nuestra historia.<\/figcaption><\/figure>\n<ul>\n<li><span style=\"color: #ff0000;\"><strong>Ceremonia de Elsa Miranda y Urbano Fern\u00e1ndez ser\u00e1 en Iglesia Andacollo:<\/strong><\/span><\/li>\n<\/ul>\n<p>Hoy en Diario El Trabajo compartimos con nuestros lectores una de esas historias locales que primero la vivieron sus protagonistas a lo largo de 60 a\u00f1os, para luego engalanar nuestras p\u00e1ginas. Se trata de las Bodas de Diamante, trascendental celebraci\u00f3n en la que do\u00f1a Elsa Miranda Menay y su esposo Urbano Fern\u00e1ndez Olivares volver\u00e1n a darse el S\u00ed en sus vidas, para continuar con aquel compromiso y juramento ofrendado hace seis d\u00e9cadas en la Iglesia Catedral de San Felipe, el viernes 27 de diciembre de 1957.<\/p>\n<p><span style=\"color: #ff0000;\"><strong>DIGNA CAMPESINA<\/strong><\/span><br \/>\nPara destacar los hitos m\u00e1s importantes de estos vecinos de Poblaci\u00f3n Puente, es importante se\u00f1alar que do\u00f1a Elsa naci\u00f3 en San Felipe el viernes 28 de octubre de 1938, mientras que su esposo Urbano vino a este mundo el lunes 20 de septiembre de 1937, en La Poza de Catemu.<br \/>\n\u00abYo he sido muy feliz durante todos estos 60 a\u00f1os de matrimonio con mi esposo Urbano, juntos tuvimos siete hijos, 17 nietos y once bisnietos. Yo me dediqu\u00e9 desde muy ni\u00f1a al trabajo, desde mis siete a\u00f1os de edad ayudaba a mi madre en los quehaceres de la casa y el campo, pues \u00e9ramos trece hermanos y todos sab\u00edamos apreciar el valor del trabajo, yo provengo de una familia campesina. Recuerdo que me enviaron a estudiar al Colegio Santa Juana de Arco, cuando ten\u00eda yo nueve a\u00f1os, la Superiora suger\u00eda que me seleccionara para ser monja, pero como me ten\u00edan que enviar a Santiago, mis padres no lo permitieron, as\u00ed que al poco tiempo, cuando cumpl\u00ed mis 13 a\u00f1os de edad, entr\u00e9 a laborar a la Conservera C\u00f3rpora, que estaba ubicada frente a la actual Plaza de los Sapitos, fue en esa empresa, a mis 18 a\u00f1os, que conoc\u00ed a un apuesto joven, el resto de la historia ya la podr\u00e1n imaginar, pololeamos siete meses, \u00e9l era un joven militar\u00bb, relat\u00f3 a nuestro medio do\u00f1a Elsa.<\/p>\n<p><span style=\"color: #ff0000;\"><strong>SIEMPRE \u2018JUA\u00d1INGO\u2019<\/strong><\/span><br \/>\nEn cuanto a c\u00f3mo el conocido \u2018Jua\u00f1ingo\u2019 lleg\u00f3 a los brazos de su amada Elsa, \u00e9l mismo nos lo relat\u00f3: \u00abYo soy hijo de un gran minero de Catemu, somos ocho hermanos y en aquellos tiempos una familia tambi\u00e9n entregada a la agricultura. En 1956 hice mi Servicio Militar, me toc\u00f3 hacerlo en el Regimiento Reforzado Yungay N\u00ba3, que estaba en esos a\u00f1os instalado en San Felipe, yo sal\u00eda a las 17:30 horas y todos los d\u00edas que pod\u00eda, pasaba por la conservera para acompa\u00f1ar as\u00ed a mi polola Elsa, hasta que nos casamos en diciembre de 1957\u00bb, comenta don Urbano, quien dedic\u00f3 su vida tambi\u00e9n a trabajar en Seguridad privada.<br \/>\nMuchas ser\u00edan las p\u00e1ginas que se podr\u00edan escribir sobre las vivencias de esta respetable familia sanfelipe\u00f1a, pero no podemos hacerlo, sin embargo lo que s\u00ed destacaremos para finalizar esta rese\u00f1a especial, es que esta pareja pasaron juntos los malos tiempos y tambi\u00e9n los buenos, nunca se han separado y siempre han sacado tiempo para tener sus espacios de recreo y diversi\u00f3n.<\/p>\n<p><span style=\"color: #ff0000;\"><strong>MISA MUY ESPECIAL<\/strong><\/span><br \/>\nDo\u00f1a Elsa labor\u00f3 hasta sus 60 a\u00f1os, don Urbano tambi\u00e9n labor\u00f3 hasta hace poco tiempo, ella tiene 80 a\u00f1os, \u00e9l pronto cumplir\u00e1 81. La Misa de Bodas de Diamante se realizar\u00e1 ma\u00f1ana s\u00e1bado a las 20:00 horas en la Iglesia Andacollo, para luego disfrutar del banquete familiar para ellos preparado en Casa Grande.<br \/>\nTodos quienes laboramos en Diario El Trabajo hoy nos unimos a la felicidad de esta familia sanfelipe\u00f1a, deseando sinceramente que lo mejor de la vida siga llegando para esta ejemplar pareja de nuestra comuna.<br \/>\n<strong>Roberto Gonz\u00e1lez Short<\/strong><\/p>\n<figure id=\"attachment_84063\" aria-describedby=\"caption-attachment-84063\" style=\"width: 580px\" class=\"wp-caption alignnone\"><img data-recalc-dims=\"1\" loading=\"lazy\" decoding=\"async\" class=\"size-full wp-image-84063\" src=\"https:\/\/i0.wp.com\/www.eltrabajo.cl\/2017\/wp-content\/uploads\/2018\/01\/Diamantes4.jpg?resize=580%2C400\" alt=\"BODAS DE DIAMANTE.- As\u00ed lucen en la actualidad do\u00f1a Elsa y su esposo Urbano, quienes celebrar\u00e1n ma\u00f1ana sus Bodas de Diamante.\" width=\"580\" height=\"400\" srcset=\"https:\/\/i0.wp.com\/eltrabajo.cl\/portal\/wp-content\/uploads\/2018\/01\/Diamantes4.jpg?w=580&amp;ssl=1 580w, https:\/\/i0.wp.com\/eltrabajo.cl\/portal\/wp-content\/uploads\/2018\/01\/Diamantes4.jpg?resize=200%2C138&amp;ssl=1 200w, https:\/\/i0.wp.com\/eltrabajo.cl\/portal\/wp-content\/uploads\/2018\/01\/Diamantes4.jpg?resize=300%2C207&amp;ssl=1 300w, https:\/\/i0.wp.com\/eltrabajo.cl\/portal\/wp-content\/uploads\/2018\/01\/Diamantes4.jpg?resize=218%2C150&amp;ssl=1 218w, https:\/\/i0.wp.com\/eltrabajo.cl\/portal\/wp-content\/uploads\/2018\/01\/Diamantes4.jpg?resize=400%2C276&amp;ssl=1 400w\" sizes=\"auto, (max-width: 580px) 100vw, 580px\" \/><figcaption id=\"caption-attachment-84063\" class=\"wp-caption-text\">BODAS DE DIAMANTE.- As\u00ed lucen en la actualidad do\u00f1a Elsa y su esposo Urbano, quienes celebrar\u00e1n ma\u00f1ana sus Bodas de Diamante.<\/figcaption><\/figure>\n<figure id=\"attachment_84065\" aria-describedby=\"caption-attachment-84065\" style=\"width: 579px\" class=\"wp-caption alignnone\"><img data-recalc-dims=\"1\" loading=\"lazy\" decoding=\"async\" class=\"size-full wp-image-84065\" src=\"https:\/\/i0.wp.com\/www.eltrabajo.cl\/2017\/wp-content\/uploads\/2018\/01\/Diamantes2.jpg?resize=579%2C467\" alt=\"LOS A\u00d1OS PASAN.- As\u00ed luc\u00edan estos vecinos cuando eran jovencitos, \u00e9l un educado conscripto, y ella una decente damita.\" width=\"579\" height=\"467\" srcset=\"https:\/\/i0.wp.com\/eltrabajo.cl\/portal\/wp-content\/uploads\/2018\/01\/Diamantes2.jpg?w=579&amp;ssl=1 579w, https:\/\/i0.wp.com\/eltrabajo.cl\/portal\/wp-content\/uploads\/2018\/01\/Diamantes2.jpg?resize=186%2C150&amp;ssl=1 186w, https:\/\/i0.wp.com\/eltrabajo.cl\/portal\/wp-content\/uploads\/2018\/01\/Diamantes2.jpg?resize=300%2C242&amp;ssl=1 300w, https:\/\/i0.wp.com\/eltrabajo.cl\/portal\/wp-content\/uploads\/2018\/01\/Diamantes2.jpg?resize=400%2C323&amp;ssl=1 400w\" sizes=\"auto, (max-width: 579px) 100vw, 579px\" \/><figcaption id=\"caption-attachment-84065\" class=\"wp-caption-text\">LOS A\u00d1OS PASAN.- As\u00ed luc\u00edan estos vecinos cuando eran jovencitos, \u00e9l un educado conscripto, y ella una decente damita.<\/figcaption><\/figure>\n<figure id=\"attachment_84066\" aria-describedby=\"caption-attachment-84066\" style=\"width: 579px\" class=\"wp-caption alignnone\"><img data-recalc-dims=\"1\" loading=\"lazy\" decoding=\"async\" class=\"size-full wp-image-84066\" src=\"https:\/\/i0.wp.com\/www.eltrabajo.cl\/2017\/wp-content\/uploads\/2018\/01\/Diamantes3.jpg?resize=579%2C592\" alt=\"SIEMPRE JUNTOS.- Aqu\u00ed los vemos ya en su edad madura, siempre juntos y trabajando para sus siete hijos.\" width=\"579\" height=\"592\" srcset=\"https:\/\/i0.wp.com\/eltrabajo.cl\/portal\/wp-content\/uploads\/2018\/01\/Diamantes3.jpg?w=579&amp;ssl=1 579w, https:\/\/i0.wp.com\/eltrabajo.cl\/portal\/wp-content\/uploads\/2018\/01\/Diamantes3.jpg?resize=147%2C150&amp;ssl=1 147w, https:\/\/i0.wp.com\/eltrabajo.cl\/portal\/wp-content\/uploads\/2018\/01\/Diamantes3.jpg?resize=293%2C300&amp;ssl=1 293w, https:\/\/i0.wp.com\/eltrabajo.cl\/portal\/wp-content\/uploads\/2018\/01\/Diamantes3.jpg?resize=400%2C409&amp;ssl=1 400w\" sizes=\"auto, (max-width: 579px) 100vw, 579px\" \/><figcaption id=\"caption-attachment-84066\" class=\"wp-caption-text\">SIEMPRE JUNTOS.- Aqu\u00ed los vemos ya en su edad madura, siempre juntos y trabajando para sus siete hijos.<\/figcaption><\/figure>\n","protected":false},"excerpt":{"rendered":"<p>Ceremonia de Elsa Miranda y Urbano Fern\u00e1ndez ser\u00e1 en Iglesia Andacollo: Hoy en Diario El Trabajo compartimos con nuestros lectores una de esas historias locales que primero la vivieron sus protagonistas a&#8230;<\/p>\n","protected":false},"author":1,"featured_media":84063,"comment_status":"open","ping_status":"open","sticky":false,"template":"","format":"standard","meta":{"advanced_seo_description":"","jetpack_seo_html_title":"","jetpack_seo_noindex":false,"_jetpack_memberships_contains_paid_content":false,"footnotes":""},"categories":[15],"tags":[],"class_list":["post-84062","post","type-post","status-publish","format-standard","has-post-thumbnail","hentry","category-comunidad"],"jetpack_featured_media_url":"https:\/\/i0.wp.com\/eltrabajo.cl\/portal\/wp-content\/uploads\/2018\/01\/Diamantes4.jpg?fit=580%2C400&ssl=1","jetpack_sharing_enabled":true,"jetpack_likes_enabled":true,"jetpack-related-posts":[],"_links":{"self":[{"href":"https:\/\/eltrabajo.cl\/portal\/wp-json\/wp\/v2\/posts\/84062","targetHints":{"allow":["GET"]}}],"collection":[{"href":"https:\/\/eltrabajo.cl\/portal\/wp-json\/wp\/v2\/posts"}],"about":[{"href":"https:\/\/eltrabajo.cl\/portal\/wp-json\/wp\/v2\/types\/post"}],"author":[{"embeddable":true,"href":"https:\/\/eltrabajo.cl\/portal\/wp-json\/wp\/v2\/users\/1"}],"replies":[{"embeddable":true,"href":"https:\/\/eltrabajo.cl\/portal\/wp-json\/wp\/v2\/comments?post=84062"}],"version-history":[{"count":0,"href":"https:\/\/eltrabajo.cl\/portal\/wp-json\/wp\/v2\/posts\/84062\/revisions"}],"wp:featuredmedia":[{"embeddable":true,"href":"https:\/\/eltrabajo.cl\/portal\/wp-json\/wp\/v2\/media\/84063"}],"wp:attachment":[{"href":"https:\/\/eltrabajo.cl\/portal\/wp-json\/wp\/v2\/media?parent=84062"}],"wp:term":[{"taxonomy":"category","embeddable":true,"href":"https:\/\/eltrabajo.cl\/portal\/wp-json\/wp\/v2\/categories?post=84062"},{"taxonomy":"post_tag","embeddable":true,"href":"https:\/\/eltrabajo.cl\/portal\/wp-json\/wp\/v2\/tags?post=84062"}],"curies":[{"name":"wp","href":"https:\/\/api.w.org\/{rel}","templated":true}]}}