{"id":84068,"date":"2018-01-12T05:04:48","date_gmt":"2018-01-12T09:04:48","guid":{"rendered":"http:\/\/www.eltrabajo.cl\/2017\/?p=84068"},"modified":"2018-01-12T05:04:48","modified_gmt":"2018-01-12T09:04:48","slug":"pesebre-tallado-en-un-fosforo-destaca-en-atractiva-exposicion-mundial","status":"publish","type":"post","link":"https:\/\/eltrabajo.cl\/portal\/pesebre-tallado-en-un-fosforo-destaca-en-atractiva-exposicion-mundial\/","title":{"rendered":"Pesebre tallado en un f\u00f3sforo destaca en atractiva exposici\u00f3n mundial"},"content":{"rendered":"<figure id=\"attachment_84070\" aria-describedby=\"caption-attachment-84070\" style=\"width: 580px\" class=\"wp-caption alignnone\"><img data-recalc-dims=\"1\" loading=\"lazy\" decoding=\"async\" class=\"size-full wp-image-84070\" src=\"https:\/\/i0.wp.com\/www.eltrabajo.cl\/2017\/wp-content\/uploads\/2018\/01\/Pesebres2-copia.jpg?resize=580%2C411\" alt=\"DIMINUTO.- Aqu\u00ed tenemos quiz\u00e1s el pesebre m\u00e1s chico del mundo, est\u00e1 creado sobre un palo de f\u00f3sforo.\" width=\"580\" height=\"411\" srcset=\"https:\/\/i0.wp.com\/eltrabajo.cl\/portal\/wp-content\/uploads\/2018\/01\/Pesebres2-copia.jpg?w=580&amp;ssl=1 580w, https:\/\/i0.wp.com\/eltrabajo.cl\/portal\/wp-content\/uploads\/2018\/01\/Pesebres2-copia.jpg?resize=200%2C142&amp;ssl=1 200w, https:\/\/i0.wp.com\/eltrabajo.cl\/portal\/wp-content\/uploads\/2018\/01\/Pesebres2-copia.jpg?resize=300%2C213&amp;ssl=1 300w, https:\/\/i0.wp.com\/eltrabajo.cl\/portal\/wp-content\/uploads\/2018\/01\/Pesebres2-copia.jpg?resize=212%2C150&amp;ssl=1 212w, https:\/\/i0.wp.com\/eltrabajo.cl\/portal\/wp-content\/uploads\/2018\/01\/Pesebres2-copia.jpg?resize=400%2C283&amp;ssl=1 400w\" sizes=\"auto, (max-width: 580px) 100vw, 580px\" \/><figcaption id=\"caption-attachment-84070\" class=\"wp-caption-text\">DIMINUTO.- Aqu\u00ed tenemos quiz\u00e1s el pesebre m\u00e1s chico del mundo, est\u00e1 creado sobre un palo de f\u00f3sforo.<\/figcaption><\/figure>\n<ul>\n<li><span style=\"color: #ff0000;\"><strong>Colecci\u00f3n mundial de pesebres se inaugura hoy en el Ciem Aconcagua<\/strong><\/span><\/li>\n<\/ul>\n<p>Hoy viernes en los salones de la Corporaci\u00f3n Ciem Aconcagua, ubicada en El Almendral, se estar\u00e1 inaugurando una de las exposiciones m\u00e1s singulares que en los \u00faltimos tiempos han podido ver nuestros lectores, pues se trata de 173 pesebres elaborados por artesanos an\u00f3nimos de gran parte del mundo, y que estar\u00e1n en ese lugar durante todo un mes.<br \/>\nDiario El Trabajo habl\u00f3 con la persona que propuso la idea y quien tambi\u00e9n facilit\u00f3 esta colecci\u00f3n mundial religiosa, don Sergio Jara Catal\u00e1n: \u00abEsta es una colecci\u00f3n muy especial, la estaremos inaugurando en honor a la visita del Papa Francisco a nuestro pa\u00eds, adem\u00e1s tambi\u00e9n porque durante enero tradicionalmente el mundo cristiano celebra el D\u00eda de los Reyes Magos. La colecci\u00f3n es privada y est\u00e1 conformada por pesebres de Italia, Bolivia, Ecuador, Per\u00fa, Chile, Alemania y de otros pa\u00edses del mundo. Estar\u00e1 disponible para el p\u00fablico de manera gratuita, cada uno es muy distinto a los dem\u00e1s, fueron hechos a mano y no est\u00e1n a la venta\u00bb, dijo Jara.<br \/>\nUna de los pesebres m\u00e1s incre\u00edbles que hay en esta colecci\u00f3n, es uno fabricado sobre un palo de f\u00f3sforos, o sea, quiz\u00e1s el m\u00e1s chico del mundo.<\/p>\n<p><span style=\"color: #ff0000;\"><strong>TAMBI\u00c9N VILLANCICOS<\/strong><\/span><br \/>\nPor su parte la administradora del Ciem, Mariela Canelo, inform\u00f3 que \u00abcomo parte de la actividad, hoy se desarrollar\u00e1 tambi\u00e9n un concierto de villancicos con la artista aconcag\u00fcina Ximena Ugarte, y de un refrescante c\u00f3ctel. Estamos seguros que la comunidad podr\u00e1 apreciar estos maravillosos pesebres en un ambiente muy apropiado, lugar lleno de paz y frescor, habiendo pasado el ajetreado fin de a\u00f1o, los horarios de esta exposici\u00f3n son: De lunes a viernes 9:30 a 13:00 horas \/ 15:00 a 18:00 horas, s\u00e1bados y domingos de 10:30 a 18:30 horas, horario continuado. La muestra permanecer\u00e1 abierta hasta el domingo 25 de febrero de 2018\u00bb, dijo la funcionaria.<br \/>\n<strong>Roberto Gonz\u00e1lez Short<\/strong><\/p>\n<figure id=\"attachment_84069\" aria-describedby=\"caption-attachment-84069\" style=\"width: 580px\" class=\"wp-caption alignnone\"><img data-recalc-dims=\"1\" loading=\"lazy\" decoding=\"async\" class=\"size-full wp-image-84069\" src=\"https:\/\/i0.wp.com\/www.eltrabajo.cl\/2017\/wp-content\/uploads\/2018\/01\/Pesebres2-copia-copia.jpg?resize=580%2C1185\" alt=\"DIMINUTO.- Aqu\u00ed tenemos quiz\u00e1s el pesebre m\u00e1s chico del mundo, est\u00e1 creado sobre un palo de f\u00f3sforo.\" width=\"580\" height=\"1185\" srcset=\"https:\/\/i0.wp.com\/eltrabajo.cl\/portal\/wp-content\/uploads\/2018\/01\/Pesebres2-copia-copia.jpg?w=580&amp;ssl=1 580w, https:\/\/i0.wp.com\/eltrabajo.cl\/portal\/wp-content\/uploads\/2018\/01\/Pesebres2-copia-copia.jpg?resize=73%2C150&amp;ssl=1 73w, https:\/\/i0.wp.com\/eltrabajo.cl\/portal\/wp-content\/uploads\/2018\/01\/Pesebres2-copia-copia.jpg?resize=147%2C300&amp;ssl=1 147w, https:\/\/i0.wp.com\/eltrabajo.cl\/portal\/wp-content\/uploads\/2018\/01\/Pesebres2-copia-copia.jpg?resize=501%2C1024&amp;ssl=1 501w, https:\/\/i0.wp.com\/eltrabajo.cl\/portal\/wp-content\/uploads\/2018\/01\/Pesebres2-copia-copia.jpg?resize=400%2C817&amp;ssl=1 400w\" sizes=\"auto, (max-width: 580px) 100vw, 580px\" \/><figcaption id=\"caption-attachment-84069\" class=\"wp-caption-text\">DIMINUTO.- Aqu\u00ed tenemos quiz\u00e1s el pesebre m\u00e1s chico del mundo, est\u00e1 creado sobre un palo de f\u00f3sforo.<\/figcaption><\/figure>\n<figure id=\"attachment_84071\" aria-describedby=\"caption-attachment-84071\" style=\"width: 580px\" class=\"wp-caption alignnone\"><img data-recalc-dims=\"1\" loading=\"lazy\" decoding=\"async\" class=\"size-full wp-image-84071\" src=\"https:\/\/i0.wp.com\/www.eltrabajo.cl\/2017\/wp-content\/uploads\/2018\/01\/Pesebre3.jpg?resize=580%2C749\" alt=\"TODO UN MES.- Hay otros muy coloridos, definitivamente la cita es hoy en el Ciem Aconcagua.\" width=\"580\" height=\"749\" srcset=\"https:\/\/i0.wp.com\/eltrabajo.cl\/portal\/wp-content\/uploads\/2018\/01\/Pesebre3.jpg?w=580&amp;ssl=1 580w, https:\/\/i0.wp.com\/eltrabajo.cl\/portal\/wp-content\/uploads\/2018\/01\/Pesebre3.jpg?resize=116%2C150&amp;ssl=1 116w, https:\/\/i0.wp.com\/eltrabajo.cl\/portal\/wp-content\/uploads\/2018\/01\/Pesebre3.jpg?resize=232%2C300&amp;ssl=1 232w, https:\/\/i0.wp.com\/eltrabajo.cl\/portal\/wp-content\/uploads\/2018\/01\/Pesebre3.jpg?resize=400%2C517&amp;ssl=1 400w\" sizes=\"auto, (max-width: 580px) 100vw, 580px\" \/><figcaption id=\"caption-attachment-84071\" class=\"wp-caption-text\">TODO UN MES.- Hay otros muy coloridos, definitivamente la cita es hoy en el Ciem Aconcagua.<\/figcaption><\/figure>\n<figure id=\"attachment_84072\" aria-describedby=\"caption-attachment-84072\" style=\"width: 580px\" class=\"wp-caption alignnone\"><img data-recalc-dims=\"1\" loading=\"lazy\" decoding=\"async\" class=\"size-full wp-image-84072\" src=\"https:\/\/i0.wp.com\/www.eltrabajo.cl\/2017\/wp-content\/uploads\/2018\/01\/Pesebres_Sergio-Jara-Catalan.jpg?resize=580%2C571\" alt=\"Sergio Jara Catal\u00e1n, gestor cultural aconcag\u00fcino.\" width=\"580\" height=\"571\" srcset=\"https:\/\/i0.wp.com\/eltrabajo.cl\/portal\/wp-content\/uploads\/2018\/01\/Pesebres_Sergio-Jara-Catalan.jpg?w=580&amp;ssl=1 580w, https:\/\/i0.wp.com\/eltrabajo.cl\/portal\/wp-content\/uploads\/2018\/01\/Pesebres_Sergio-Jara-Catalan.jpg?resize=152%2C150&amp;ssl=1 152w, https:\/\/i0.wp.com\/eltrabajo.cl\/portal\/wp-content\/uploads\/2018\/01\/Pesebres_Sergio-Jara-Catalan.jpg?resize=300%2C295&amp;ssl=1 300w, https:\/\/i0.wp.com\/eltrabajo.cl\/portal\/wp-content\/uploads\/2018\/01\/Pesebres_Sergio-Jara-Catalan.jpg?resize=400%2C394&amp;ssl=1 400w\" sizes=\"auto, (max-width: 580px) 100vw, 580px\" \/><figcaption id=\"caption-attachment-84072\" class=\"wp-caption-text\">Sergio Jara Catal\u00e1n, gestor cultural aconcag\u00fcino.<\/figcaption><\/figure>\n<figure id=\"attachment_84073\" aria-describedby=\"caption-attachment-84073\" style=\"width: 580px\" class=\"wp-caption alignnone\"><img data-recalc-dims=\"1\" loading=\"lazy\" decoding=\"async\" class=\"size-full wp-image-84073\" src=\"https:\/\/i0.wp.com\/www.eltrabajo.cl\/2017\/wp-content\/uploads\/2018\/01\/Pesebres1.jpg?resize=580%2C400\" alt=\"HAY MUCHOS.- Este es un pesebre peruano y est\u00e1 hecho de cer\u00e1mica, como \u00e9ste, hay 172 m\u00e1s de otros pa\u00edses del mundo.\" width=\"580\" height=\"400\" srcset=\"https:\/\/i0.wp.com\/eltrabajo.cl\/portal\/wp-content\/uploads\/2018\/01\/Pesebres1.jpg?w=580&amp;ssl=1 580w, https:\/\/i0.wp.com\/eltrabajo.cl\/portal\/wp-content\/uploads\/2018\/01\/Pesebres1.jpg?resize=200%2C138&amp;ssl=1 200w, https:\/\/i0.wp.com\/eltrabajo.cl\/portal\/wp-content\/uploads\/2018\/01\/Pesebres1.jpg?resize=300%2C207&amp;ssl=1 300w, https:\/\/i0.wp.com\/eltrabajo.cl\/portal\/wp-content\/uploads\/2018\/01\/Pesebres1.jpg?resize=218%2C150&amp;ssl=1 218w, https:\/\/i0.wp.com\/eltrabajo.cl\/portal\/wp-content\/uploads\/2018\/01\/Pesebres1.jpg?resize=400%2C276&amp;ssl=1 400w\" sizes=\"auto, (max-width: 580px) 100vw, 580px\" \/><figcaption id=\"caption-attachment-84073\" class=\"wp-caption-text\">HAY MUCHOS.- Este es un pesebre peruano y est\u00e1 hecho de cer\u00e1mica, como \u00e9ste, hay 172 m\u00e1s de otros pa\u00edses del mundo.<\/figcaption><\/figure>\n","protected":false},"excerpt":{"rendered":"<p>Colecci\u00f3n mundial de pesebres se inaugura hoy en el Ciem Aconcagua Hoy viernes en los salones de la Corporaci\u00f3n Ciem Aconcagua, ubicada en El Almendral, se estar\u00e1 inaugurando una de las exposiciones&#8230;<\/p>\n","protected":false},"author":1,"featured_media":84070,"comment_status":"open","ping_status":"open","sticky":false,"template":"","format":"standard","meta":{"advanced_seo_description":"","jetpack_seo_html_title":"","jetpack_seo_noindex":false,"_jetpack_memberships_contains_paid_content":false,"footnotes":""},"categories":[15],"tags":[],"class_list":["post-84068","post","type-post","status-publish","format-standard","has-post-thumbnail","hentry","category-comunidad"],"jetpack_featured_media_url":"https:\/\/i0.wp.com\/eltrabajo.cl\/portal\/wp-content\/uploads\/2018\/01\/Pesebres2-copia.jpg?fit=580%2C411&ssl=1","jetpack_sharing_enabled":true,"jetpack_likes_enabled":true,"jetpack-related-posts":[],"_links":{"self":[{"href":"https:\/\/eltrabajo.cl\/portal\/wp-json\/wp\/v2\/posts\/84068","targetHints":{"allow":["GET"]}}],"collection":[{"href":"https:\/\/eltrabajo.cl\/portal\/wp-json\/wp\/v2\/posts"}],"about":[{"href":"https:\/\/eltrabajo.cl\/portal\/wp-json\/wp\/v2\/types\/post"}],"author":[{"embeddable":true,"href":"https:\/\/eltrabajo.cl\/portal\/wp-json\/wp\/v2\/users\/1"}],"replies":[{"embeddable":true,"href":"https:\/\/eltrabajo.cl\/portal\/wp-json\/wp\/v2\/comments?post=84068"}],"version-history":[{"count":0,"href":"https:\/\/eltrabajo.cl\/portal\/wp-json\/wp\/v2\/posts\/84068\/revisions"}],"wp:featuredmedia":[{"embeddable":true,"href":"https:\/\/eltrabajo.cl\/portal\/wp-json\/wp\/v2\/media\/84070"}],"wp:attachment":[{"href":"https:\/\/eltrabajo.cl\/portal\/wp-json\/wp\/v2\/media?parent=84068"}],"wp:term":[{"taxonomy":"category","embeddable":true,"href":"https:\/\/eltrabajo.cl\/portal\/wp-json\/wp\/v2\/categories?post=84068"},{"taxonomy":"post_tag","embeddable":true,"href":"https:\/\/eltrabajo.cl\/portal\/wp-json\/wp\/v2\/tags?post=84068"}],"curies":[{"name":"wp","href":"https:\/\/api.w.org\/{rel}","templated":true}]}}