{"id":84094,"date":"2018-01-15T05:03:37","date_gmt":"2018-01-15T09:03:37","guid":{"rendered":"http:\/\/www.eltrabajo.cl\/2017\/?p=84094"},"modified":"2018-01-15T05:03:37","modified_gmt":"2018-01-15T09:03:37","slug":"mas-de-11-000-aconcaguinos-disfrutaron-la-historia-de-la-marioneta-liedo","status":"publish","type":"post","link":"https:\/\/eltrabajo.cl\/portal\/mas-de-11-000-aconcaguinos-disfrutaron-la-historia-de-la-marioneta-liedo\/","title":{"rendered":"M\u00e1s de 11.000 aconcag\u00fcinos disfrutaron la historia de la marioneta Liedo"},"content":{"rendered":"<figure id=\"attachment_84096\" aria-describedby=\"caption-attachment-84096\" style=\"width: 579px\" class=\"wp-caption alignnone\"><img data-recalc-dims=\"1\" loading=\"lazy\" decoding=\"async\" class=\"size-full wp-image-84096\" src=\"https:\/\/i0.wp.com\/www.eltrabajo.cl\/2017\/wp-content\/uploads\/2018\/01\/Marioneta1.jpg?resize=579%2C773\" alt=\"COLOSAL MARIONETA.- Aqu\u00ed tenemos a Liedo, el gigante de mimbre que este s\u00e1bado nos comparti\u00f3 su historia en Michimalongo.\" width=\"579\" height=\"773\" srcset=\"https:\/\/i0.wp.com\/eltrabajo.cl\/portal\/wp-content\/uploads\/2018\/01\/Marioneta1.jpg?w=579&amp;ssl=1 579w, https:\/\/i0.wp.com\/eltrabajo.cl\/portal\/wp-content\/uploads\/2018\/01\/Marioneta1.jpg?resize=112%2C150&amp;ssl=1 112w, https:\/\/i0.wp.com\/eltrabajo.cl\/portal\/wp-content\/uploads\/2018\/01\/Marioneta1.jpg?resize=225%2C300&amp;ssl=1 225w, https:\/\/i0.wp.com\/eltrabajo.cl\/portal\/wp-content\/uploads\/2018\/01\/Marioneta1.jpg?resize=400%2C534&amp;ssl=1 400w\" sizes=\"auto, (max-width: 579px) 100vw, 579px\" \/><figcaption id=\"caption-attachment-84096\" class=\"wp-caption-text\">COLOSAL MARIONETA.- Aqu\u00ed tenemos a Liedo, el gigante de mimbre que este s\u00e1bado nos comparti\u00f3 su historia en Michimalongo.<\/figcaption><\/figure>\n<ul>\n<li><span style=\"color: #ff0000;\"><strong>Gigante de mimbre cuenta su drama vivido durante 30 a\u00f1os en el Exilio:<\/strong><\/span><\/li>\n<\/ul>\n<p>M\u00e1s de 11.000 vecinos de todo el Valle de Aconcagua disfrutaron este s\u00e1bado de la presentaci\u00f3n del espect\u00e1culo Venus, a cargo de la compa\u00f1\u00eda El Hombre de Pie, que lleg\u00f3 a nuestra comuna desde Francia, con una marioneta llamada Liedo, de m\u00e1s de siete metros de altura, hecha de mimbre.<\/p>\n<p><span style=\"color: #ff0000;\"><strong>SOBRE EL EXILIO<\/strong><\/span><br \/>\nMiles de personas quedaron hipnotizados, en Trance, conectados espiritualmente con la espectacular marioneta gigante, la que recorri\u00f3 unos 400 metros subiendo Avenida Michimalongo, en busca de la tumba de su madre, seg\u00fan relata su historia representativa.<br \/>\nDesde las 21:00 horas del s\u00e1bado los miles de asistentes pudieron disfrutar de una propuesta de teatro callejero, on\u00edrico y l\u00fadico, siguiendo los pasos del gigante de mimbre que contaba la historia de un hombre, que debi\u00f3 abandonar su pa\u00eds a causa de la guerra, y que vuelve en busca de su destino.<\/p>\n<p><span style=\"color: #ff0000;\"><strong>AUSENCIA Y DOLOR<\/strong><\/span><br \/>\nDiario El Trabajo habl\u00f3 con el artista franc\u00e9s Benoit Mousserion, director art\u00edstico de la compa\u00f1\u00eda El Hombre de Pie: \u00abEsta marioneta cuenta su propia historia, la de un hombre que ha dejado su pa\u00eds a causa de la guerra, y regresa 30 a\u00f1os despu\u00e9s para dejar una flor en la tumba de su madre. En el espect\u00e1culo imaginamos los dos recorridos que hizo esta persona, el camino que hizo cuando dej\u00f3 su pa\u00eds y el camino cuando retorn\u00f3 a su pa\u00eds, imaginando que era necesario mucha energ\u00eda, m\u00e1s en el regreso que en la ida\u00bb, dijo Mousserion.<br \/>\nLa obra buscaba entregar una mirada po\u00e9tica del mundo, una muestra de los conflictos, huidas y tropiezos que forman parte de la vida de cualquier persona en el Exilio. Entre maletas y recuerdos que vuelan a su alrededor, el hombre revive escenas de su exilio y de otros tiempos. Todo esto mientras camina, corre y cae para levantarse y avanzar una vez m\u00e1s. Un hermoso espect\u00e1culo que fue posible disfrutar gracias al trabajo de catorce artistas, entre titiriteros, m\u00fasicos y t\u00e9cnicos llegados desde Francia.<br \/>\nFueron estos artistas quienes tambi\u00e9n se maravillaron con la respuesta del p\u00fablico de Aconcagua, se\u00f1alando que \u00abvimos la reacci\u00f3n del p\u00fablico, ha estado muy agradable, porque siempre hemos comenzado el espect\u00e1culo justo cuando la noche cae y ver la cara de la gente que viene a ver el espect\u00e1culo, y aqu\u00ed hab\u00edan muchas familias, mucha gente sonriente, que espera pacientemente y atravesamos todo el camino con toda la gente, desde el camar\u00edn, hasta donde estaba ubicada la marioneta, justo antes del espect\u00e1culo, y es una emoci\u00f3n muy fuerte de cruzar todas las miradas de las personas, y creemos que guardamos toda esa emoci\u00f3n para despu\u00e9s en el trayecto del espect\u00e1culo\u00bb, dijo el director de la compa\u00f1\u00eda.<\/p>\n<p><span style=\"color: #ff0000;\"><strong>AUTORIDADES OPINAN<\/strong><\/span><br \/>\nPor su parte el alcalde Patricio Freire, tambi\u00e9n se mostr\u00f3 feliz por la respuesta de los vecinos, quienes tienen la posibilidad de disfrutar de estos espect\u00e1culos de nivel mundial y que est\u00e1n presentes en la comuna.<br \/>\n\u00abEste es un espect\u00e1culo maravilloso en San Felipe, trayendo por quinto a\u00f1o consecutivo Teatro a Mil a nuestra querida ciudad, as\u00ed que estamos m\u00e1s que orgullosos de este convenio que tenemos con Teatro a Mil, que trae mucha alegr\u00eda a nuestra comuna\u00bb, dijo el jefe comunal, mientras que el concejal Dante Rodr\u00edguez agreg\u00f3 que \u00abcreo que San Felipe consolid\u00f3 ya el Teatro a Mil para toda la vida, la asistencia fabulosa y yo creo que gan\u00f3 la cultura. Somos una ciudad culta y estamos haciendo actividades que van en beneficio de la gente. Yo desde que estoy hace nueve a\u00f1os en el concejo lucho por mi ciudad, yo soy sanfelipe\u00f1o antes que chileno, as\u00ed que todo lo que hagamos por nuestra ciudad nos va a engrandecer\u00bb.<br \/>\nDe la misma forma el encargado de Cultura de la municipalidad de San Felipe, Ricardo Ruiz Herrera, coment\u00f3 que \u00abesta es una propuesta que ya se ha presentado en muchas ciudades del planeta, es m\u00e1s que una historia de Exilio, es poes\u00eda pura para expresar toda la tragedia de Liedo, el personaje que la marioneta desarrolla, es una historia real de una persona que migr\u00f3 desde Breta\u00f1a, pesa 80 kilos de mimbre y durante su recorrido se detiene varias veces para relatar las angustias que vivi\u00f3 en el Exilio, al final de su presentaci\u00f3n Liedo se arrodilla frente a una tumba gigante, la de su madre, y en ella la marioneta deposita una flor, es una historia de primer nivel, muy tierna y apta para toda la familia\u00bb, dijo Ruiz.<br \/>\nAs\u00ed tambi\u00e9n Andr\u00e9s Garc\u00eda, representante de Teatro a Mil, estuvo presente en el espect\u00e1culo, y destac\u00f3 la respuesta del p\u00fablico. \u00abHemos formado un p\u00fablico que cada d\u00eda exige m\u00e1s, exige belleza, y exige poes\u00eda y este espect\u00e1culo que ustedes est\u00e1n calculando en cerca de 10.000 a 12.000 personas es eso, es poes\u00eda del m\u00e1s alto nivel, y qu\u00e9 mejor alegr\u00eda que haya sido en familia, en San Felipe y de esta manera. La compa\u00f1\u00eda est\u00e1 feliz y nosotros como organizaci\u00f3n tambi\u00e9n estamos muy contentos, en esta alianza con el municipio que de verdad fortalece y transforma a trav\u00e9s de las artes esc\u00e9nicas a las personas\u00bb.<\/p>\n<p><span style=\"color: #ff0000;\"><strong>LO QUE FALTA<\/strong><\/span><br \/>\nLos vecinos se mostraron felices con la presentaci\u00f3n de esta obra callejera, destacando la posibilidad de disfrutar de este tipo espect\u00e1culos en la comuna de San Felipe. El Festival Teatro a Mil contin\u00faa este jueves 18 de enero, de las 21:00 horas en la Plaza de Armas, con la presentaci\u00f3n de Cuba y su espect\u00e1culo S\u00edntesis, una propuesta a cargo de uno de los grupos emblem\u00e1ticos de la m\u00fasica cubana contempor\u00e1nea y m\u00e1s populares de la Isla, que conjuga las ra\u00edces afrocubanas con corrientes del jazz y rock, creando un estilo \u00fanico.<br \/>\nLa invitaci\u00f3n es, entonces, a toda la comunidad del Valle de Aconcagua, a ser parte de esta propuesta program\u00e1tica que trae lo mejor de la cultura del mundo a la comuna de San Felipe.<br \/>\n<strong>Roberto Gonz\u00e1lez Short<\/strong><\/p>\n<figure id=\"attachment_84097\" aria-describedby=\"caption-attachment-84097\" style=\"width: 580px\" class=\"wp-caption alignnone\"><img data-recalc-dims=\"1\" loading=\"lazy\" decoding=\"async\" class=\"size-full wp-image-84097\" src=\"https:\/\/i0.wp.com\/www.eltrabajo.cl\/2017\/wp-content\/uploads\/2018\/01\/Marioneta2.jpg?resize=580%2C400\" alt=\"MAGIA EN FAMILIA.- Familias enteras salieron a disfrutar de este gran espect\u00e1culo europeo, Gerardo, Eli, Ra\u00fal, Crist\u00f3bal y Joaqu\u00edn, esperaron durante horas para ver a Liedo.\" width=\"580\" height=\"400\" srcset=\"https:\/\/i0.wp.com\/eltrabajo.cl\/portal\/wp-content\/uploads\/2018\/01\/Marioneta2.jpg?w=580&amp;ssl=1 580w, https:\/\/i0.wp.com\/eltrabajo.cl\/portal\/wp-content\/uploads\/2018\/01\/Marioneta2.jpg?resize=200%2C138&amp;ssl=1 200w, https:\/\/i0.wp.com\/eltrabajo.cl\/portal\/wp-content\/uploads\/2018\/01\/Marioneta2.jpg?resize=300%2C207&amp;ssl=1 300w, https:\/\/i0.wp.com\/eltrabajo.cl\/portal\/wp-content\/uploads\/2018\/01\/Marioneta2.jpg?resize=218%2C150&amp;ssl=1 218w, https:\/\/i0.wp.com\/eltrabajo.cl\/portal\/wp-content\/uploads\/2018\/01\/Marioneta2.jpg?resize=400%2C276&amp;ssl=1 400w\" sizes=\"auto, (max-width: 580px) 100vw, 580px\" \/><figcaption id=\"caption-attachment-84097\" class=\"wp-caption-text\">MAGIA EN FAMILIA.- Familias enteras salieron a disfrutar de este gran espect\u00e1culo europeo, Gerardo, Eli, Ra\u00fal, Crist\u00f3bal y Joaqu\u00edn, esperaron durante horas para ver a Liedo.<\/figcaption><\/figure>\n<figure id=\"attachment_84098\" aria-describedby=\"caption-attachment-84098\" style=\"width: 580px\" class=\"wp-caption alignnone\"><img data-recalc-dims=\"1\" loading=\"lazy\" decoding=\"async\" class=\"size-full wp-image-84098\" src=\"https:\/\/i0.wp.com\/www.eltrabajo.cl\/2017\/wp-content\/uploads\/2018\/01\/Marioneta3.jpg?resize=580%2C399\" alt=\"MULTITUDINARIA.- De todas partes del Valle de Aconcagua llegaron personas para ver y fotografiar a la gran marioneta de mimbre.\" width=\"580\" height=\"399\" srcset=\"https:\/\/i0.wp.com\/eltrabajo.cl\/portal\/wp-content\/uploads\/2018\/01\/Marioneta3.jpg?w=580&amp;ssl=1 580w, https:\/\/i0.wp.com\/eltrabajo.cl\/portal\/wp-content\/uploads\/2018\/01\/Marioneta3.jpg?resize=200%2C138&amp;ssl=1 200w, https:\/\/i0.wp.com\/eltrabajo.cl\/portal\/wp-content\/uploads\/2018\/01\/Marioneta3.jpg?resize=300%2C206&amp;ssl=1 300w, https:\/\/i0.wp.com\/eltrabajo.cl\/portal\/wp-content\/uploads\/2018\/01\/Marioneta3.jpg?resize=218%2C150&amp;ssl=1 218w, https:\/\/i0.wp.com\/eltrabajo.cl\/portal\/wp-content\/uploads\/2018\/01\/Marioneta3.jpg?resize=400%2C275&amp;ssl=1 400w\" sizes=\"auto, (max-width: 580px) 100vw, 580px\" \/><figcaption id=\"caption-attachment-84098\" class=\"wp-caption-text\">MULTITUDINARIA.- De todas partes del Valle de Aconcagua llegaron personas para ver y fotografiar a la gran marioneta de mimbre.<\/figcaption><\/figure>\n<figure id=\"attachment_84095\" aria-describedby=\"caption-attachment-84095\" style=\"width: 580px\" class=\"wp-caption alignnone\"><img data-recalc-dims=\"1\" loading=\"lazy\" decoding=\"async\" class=\"size-full wp-image-84095\" src=\"https:\/\/i0.wp.com\/www.eltrabajo.cl\/2017\/wp-content\/uploads\/2018\/01\/Marioneta4.jpg?resize=580%2C399\" alt=\"EN SU TUMBA.- Al final del recorrido, Liedo ofrend\u00f3 en la tumba de su madre una rosa, pues ella muri\u00f3 cuando viv\u00eda en el Exilio.\" width=\"580\" height=\"399\" srcset=\"https:\/\/i0.wp.com\/eltrabajo.cl\/portal\/wp-content\/uploads\/2018\/01\/Marioneta4.jpg?w=580&amp;ssl=1 580w, https:\/\/i0.wp.com\/eltrabajo.cl\/portal\/wp-content\/uploads\/2018\/01\/Marioneta4.jpg?resize=200%2C138&amp;ssl=1 200w, https:\/\/i0.wp.com\/eltrabajo.cl\/portal\/wp-content\/uploads\/2018\/01\/Marioneta4.jpg?resize=300%2C206&amp;ssl=1 300w, https:\/\/i0.wp.com\/eltrabajo.cl\/portal\/wp-content\/uploads\/2018\/01\/Marioneta4.jpg?resize=218%2C150&amp;ssl=1 218w, https:\/\/i0.wp.com\/eltrabajo.cl\/portal\/wp-content\/uploads\/2018\/01\/Marioneta4.jpg?resize=400%2C275&amp;ssl=1 400w\" sizes=\"auto, (max-width: 580px) 100vw, 580px\" \/><figcaption id=\"caption-attachment-84095\" class=\"wp-caption-text\">EN SU TUMBA.- Al final del recorrido, Liedo ofrend\u00f3 en la tumba de su madre una rosa, pues ella muri\u00f3 cuando viv\u00eda en el Exilio.<\/figcaption><\/figure>\n","protected":false},"excerpt":{"rendered":"<p>Gigante de mimbre cuenta su drama vivido durante 30 a\u00f1os en el Exilio: M\u00e1s de 11.000 vecinos de todo el Valle de Aconcagua disfrutaron este s\u00e1bado de la presentaci\u00f3n del espect\u00e1culo Venus,&#8230;<\/p>\n","protected":false},"author":1,"featured_media":84097,"comment_status":"open","ping_status":"open","sticky":false,"template":"","format":"standard","meta":{"advanced_seo_description":"","jetpack_seo_html_title":"","jetpack_seo_noindex":false,"_jetpack_memberships_contains_paid_content":false,"footnotes":""},"categories":[15],"tags":[],"class_list":["post-84094","post","type-post","status-publish","format-standard","has-post-thumbnail","hentry","category-comunidad"],"jetpack_featured_media_url":"https:\/\/i0.wp.com\/eltrabajo.cl\/portal\/wp-content\/uploads\/2018\/01\/Marioneta2.jpg?fit=580%2C400&ssl=1","jetpack_sharing_enabled":true,"jetpack_likes_enabled":true,"jetpack-related-posts":[],"_links":{"self":[{"href":"https:\/\/eltrabajo.cl\/portal\/wp-json\/wp\/v2\/posts\/84094","targetHints":{"allow":["GET"]}}],"collection":[{"href":"https:\/\/eltrabajo.cl\/portal\/wp-json\/wp\/v2\/posts"}],"about":[{"href":"https:\/\/eltrabajo.cl\/portal\/wp-json\/wp\/v2\/types\/post"}],"author":[{"embeddable":true,"href":"https:\/\/eltrabajo.cl\/portal\/wp-json\/wp\/v2\/users\/1"}],"replies":[{"embeddable":true,"href":"https:\/\/eltrabajo.cl\/portal\/wp-json\/wp\/v2\/comments?post=84094"}],"version-history":[{"count":0,"href":"https:\/\/eltrabajo.cl\/portal\/wp-json\/wp\/v2\/posts\/84094\/revisions"}],"wp:featuredmedia":[{"embeddable":true,"href":"https:\/\/eltrabajo.cl\/portal\/wp-json\/wp\/v2\/media\/84097"}],"wp:attachment":[{"href":"https:\/\/eltrabajo.cl\/portal\/wp-json\/wp\/v2\/media?parent=84094"}],"wp:term":[{"taxonomy":"category","embeddable":true,"href":"https:\/\/eltrabajo.cl\/portal\/wp-json\/wp\/v2\/categories?post=84094"},{"taxonomy":"post_tag","embeddable":true,"href":"https:\/\/eltrabajo.cl\/portal\/wp-json\/wp\/v2\/tags?post=84094"}],"curies":[{"name":"wp","href":"https:\/\/api.w.org\/{rel}","templated":true}]}}